{"id":74162,"date":"2026-03-11T21:54:56","date_gmt":"2026-03-11T21:54:56","guid":{"rendered":"https:\/\/comandogeraldanoticia.com.br\/?p=74162"},"modified":"2026-03-11T21:54:57","modified_gmt":"2026-03-11T21:54:57","slug":"festival-de-arembepe-2026-amplia-plano-de-seguranca-e-tera-cinco-portais-de-abordagem","status":"publish","type":"post","link":"https:\/\/comandogeraldanoticia.com.br\/index.php\/2026\/03\/11\/festival-de-arembepe-2026-amplia-plano-de-seguranca-e-tera-cinco-portais-de-abordagem\/","title":{"rendered":"Festival de Arembepe 2026 amplia plano de seguran\u00e7a e ter\u00e1 cinco portais de abordagem"},"content":{"rendered":"\n<p>Com a proximidade do Festival de Arembepe 2026, que acontece entre os dias 13 e 16 de mar\u00e7o (sexta a segunda-feira), foi estruturado um amplo esquema de seguran\u00e7a para garantir mais tranquilidade ao p\u00fablico e aos moradores da regi\u00e3o. A opera\u00e7\u00e3o contar\u00e1 com a atua\u00e7\u00e3o integrada das pol\u00edcias Civil e Militar da Bahia, que ir\u00e3o refor\u00e7ar as a\u00e7\u00f5es de prote\u00e7\u00e3o e monitoramento ao longo dos quatro dias de festa. Como parte das medidas de controle e preven\u00e7\u00e3o, tamb\u00e9m ser\u00e3o instalados cinco portais de abordagem em pontos estrat\u00e9gicos de acesso ao evento.<\/p>\n\n\n\n<p>No que compete \u00e0 Pol\u00edcia Militar da Bahia (PM-BA), por meio da Opera\u00e7\u00e3o Festival da Paz, ser\u00e3o mobilizados mais de mil policiais durante o evento. O planejamento prev\u00ea patrulhamento di\u00e1rio em toda a \u00e1rea do festival e no entorno, com apoio de unidades especializadas da corpora\u00e7\u00e3o e refor\u00e7o estrat\u00e9gico em pontos de maior circula\u00e7\u00e3o, ampliando a presen\u00e7a policial e a capacidade de resposta das equipes.<\/p>\n\n\n\n<p>Entre as estruturas montadas para fortalecer o monitoramento est\u00e3o 20 postos elevados de observa\u00e7\u00e3o (PEOs), que ampliam o campo de vis\u00e3o das equipes e d\u00e3o suporte \u00e0s patrulhas que atuam diretamente no circuito da festa. Enquanto os cinco portais de abordagem ser\u00e3o destinados \u00e0 realiza\u00e7\u00e3o de revistas preventivas e ao controle da entrada do p\u00fablico.<\/p>\n\n\n\n<p>O investimento em tecnologia e intelig\u00eancia tamb\u00e9m integra a opera\u00e7\u00e3o de seguran\u00e7a. Ao todo, ser\u00e3o utilizadas 14 c\u00e2meras de reconhecimento facial e seis c\u00e2meras de monitoramento, distribu\u00eddas estrategicamente ao longo do circuito.<\/p>\n\n\n\n<p>Durante o festival, tamb\u00e9m ser\u00e1 ativado o Centro Integrado de Comando e Controle (CICC), respons\u00e1vel pelo acompanhamento e fiscaliza\u00e7\u00e3o do evento. A estrutura permitir\u00e1 o monitoramento das ocorr\u00eancias em tempo real, garantindo maior agilidade na tomada de decis\u00f5es, respostas mais r\u00e1pidas \u00e0s situa\u00e7\u00f5es registradas e suporte imediato \u00e0s equipes que estar\u00e3o atuando em campo.<\/p>\n\n\n\n<p>Outro destaque do esquema de seguran\u00e7a \u00e9 a presen\u00e7a da Base M\u00f3vel Lil\u00e1s, em parceria com o Batalh\u00e3o de Pol\u00edcia de Prote\u00e7\u00e3o \u00e0 Mulher (BPPM). A estrutura \u00e9 voltada ao acolhimento, orienta\u00e7\u00e3o e atendimento de mulheres em situa\u00e7\u00e3o de vulnerabilidade ou v\u00edtimas de viol\u00eancia, refor\u00e7ando o compromisso com a seguran\u00e7a, o respeito e a prote\u00e7\u00e3o durante o evento.<\/p>\n\n\n\n<p>A Pol\u00edcia Civil da Bahia (PC-BA) tamb\u00e9m atuar\u00e1 de forma intensificada durante o festival. Para assegurar resposta r\u00e1pida \u00e0s ocorr\u00eancias, foi instalada uma Delegacia Especial de \u00c1rea (DEA), com funcionamento ininterrupto, 24 horas, destinada ao registro de ocorr\u00eancias, atendimento ao p\u00fablico e ado\u00e7\u00e3o imediata das medidas de pol\u00edcia judici\u00e1ria cab\u00edveis.<\/p>\n\n\n\n<p>Al\u00e9m da delegacia, equipes da Pol\u00edcia Civil estar\u00e3o posicionadas estrategicamente na \u00e1rea do Palco Katita, localizado na Arena Principal do festival, atuando de forma integrada com os demais \u00f3rg\u00e3os de seguran\u00e7a p\u00fablica para prevenir e reprimir pr\u00e1ticas delituosas, al\u00e9m de prestar apoio imediato em eventuais ocorr\u00eancias.<\/p>\n\n\n\n<p>O planejamento operacional inclui ainda equipes de pronto emprego, preparadas para atua\u00e7\u00e3o r\u00e1pida diante de qualquer situa\u00e7\u00e3o que demande interven\u00e7\u00e3o policial, bem como equipes veladas, que realizam monitoramento discreto em meio ao p\u00fablico, com o objetivo de identificar e coibir atividades il\u00edcitas.<\/p>\n\n\n\n<p>Paralelamente, haver\u00e1 refor\u00e7o no efetivo da 26\u00aa Delegacia Territorial (DT) Vila de Abrantes, garantindo maior celeridade no atendimento das ocorr\u00eancias registradas na \u00e1rea de responsabilidade da unidade. A medida tamb\u00e9m evita deslocamentos para delegacias mais distantes e assegura maior efici\u00eancia na presta\u00e7\u00e3o do servi\u00e7o policial durante o per\u00edodo da festa.<\/p>\n\n\n\n<p>Com a atua\u00e7\u00e3o integrada das for\u00e7as de seguran\u00e7a e o uso de tecnologia avan\u00e7ada, o Festival de Arembepe 2026 contar\u00e1 com uma opera\u00e7\u00e3o robusta, planejada para assegurar que os moradores e o p\u00fablico participante possam aproveitar com tranquilidade a programa\u00e7\u00e3o cultural, que inclui cortejo religioso, desfile de blocos de rua e apresenta\u00e7\u00f5es musicais em dois palcos distintos, com atra\u00e7\u00f5es locais, regionais e nacionais.<\/p>\n\n\n\n<p>O Festival de Arembepe 2026 \u00e9 realizado pela Prefeitura de Cama\u00e7ari, por meio da Secretaria de Governo (Segov), atrav\u00e9s da Coordena\u00e7\u00e3o de Eventos, com o apoio das demais secretarias e institui\u00e7\u00f5es municipais.<\/p>\n","protected":false},"excerpt":{"rendered":"<p>Com a proximidade do Festival de Arembepe 2026, que acontece entre os dias 13 e 16 de mar\u00e7o (sexta a segunda-feira), foi estruturado um amplo esquema de seguran\u00e7a para garantir mais tranquilidade ao p\u00fablico e aos moradores da regi\u00e3o. A opera\u00e7\u00e3o contar\u00e1 com a atua\u00e7\u00e3o integrada das pol\u00edcias Civil e Militar da Bahia, que ir\u00e3o<\/p>\n","protected":false},"author":5,"featured_media":74163,"comment_status":"open","ping_status":"open","sticky":false,"template":"","format":"standard","meta":{"om_disable_all_campaigns":false,"_monsterinsights_skip_tracking":false,"_monsterinsights_sitenote_active":false,"_monsterinsights_sitenote_note":"","_monsterinsights_sitenote_category":0,"footnotes":""},"categories":[40],"tags":[],"class_list":{"0":"post-74162","1":"post","2":"type-post","3":"status-publish","4":"format-standard","5":"has-post-thumbnail","7":"category-camacari"},"_links":{"self":[{"href":"https:\/\/comandogeraldanoticia.com.br\/index.php\/wp-json\/wp\/v2\/posts\/74162","targetHints":{"allow":["GET"]}}],"collection":[{"href":"https:\/\/comandogeraldanoticia.com.br\/index.php\/wp-json\/wp\/v2\/posts"}],"about":[{"href":"https:\/\/comandogeraldanoticia.com.br\/index.php\/wp-json\/wp\/v2\/types\/post"}],"author":[{"embeddable":true,"href":"https:\/\/comandogeraldanoticia.com.br\/index.php\/wp-json\/wp\/v2\/users\/5"}],"replies":[{"embeddable":true,"href":"https:\/\/comandogeraldanoticia.com.br\/index.php\/wp-json\/wp\/v2\/comments?post=74162"}],"version-history":[{"count":1,"href":"https:\/\/comandogeraldanoticia.com.br\/index.php\/wp-json\/wp\/v2\/posts\/74162\/revisions"}],"predecessor-version":[{"id":74164,"href":"https:\/\/comandogeraldanoticia.com.br\/index.php\/wp-json\/wp\/v2\/posts\/74162\/revisions\/74164"}],"wp:featuredmedia":[{"embeddable":true,"href":"https:\/\/comandogeraldanoticia.com.br\/index.php\/wp-json\/wp\/v2\/media\/74163"}],"wp:attachment":[{"href":"https:\/\/comandogeraldanoticia.com.br\/index.php\/wp-json\/wp\/v2\/media?parent=74162"}],"wp:term":[{"taxonomy":"category","embeddable":true,"href":"https:\/\/comandogeraldanoticia.com.br\/index.php\/wp-json\/wp\/v2\/categories?post=74162"},{"taxonomy":"post_tag","embeddable":true,"href":"https:\/\/comandogeraldanoticia.com.br\/index.php\/wp-json\/wp\/v2\/tags?post=74162"}],"curies":[{"name":"wp","href":"https:\/\/api.w.org\/{rel}","templated":true}]}}