{"id":74158,"date":"2026-03-11T21:51:39","date_gmt":"2026-03-11T21:51:39","guid":{"rendered":"https:\/\/comandogeraldanoticia.com.br\/?p=74158"},"modified":"2026-03-11T21:51:41","modified_gmt":"2026-03-11T21:51:41","slug":"festival-de-arembepe-2026-contara-com-esquema-especial-de-transporte","status":"publish","type":"post","link":"https:\/\/comandogeraldanoticia.com.br\/index.php\/2026\/03\/11\/festival-de-arembepe-2026-contara-com-esquema-especial-de-transporte\/","title":{"rendered":"Festival de Arembepe 2026 contar\u00e1 com esquema especial de transporte"},"content":{"rendered":"\n<p>A fim de garantir seguran\u00e7a, comodidade e tranquilidade para o deslocamento dos foli\u00f5es que v\u00e3o aproveitar o Festival de Arembepe 2026, que acontece entre os dias 13 e 16 (de sexta a segunda-feira), a Prefeitura de Cama\u00e7ari montou um esquema especial de transporte durante os quatro dias do evento.<\/p>\n\n\n\n<p>Atrav\u00e9s da Superintend\u00eancia de Tr\u00e2nsito e Transporte P\u00fablico (STT) \u2013 imbu\u00edda no planejamento, regula\u00e7\u00e3o e fiscaliza\u00e7\u00e3o do Sistema de Transporte P\u00fablico Municipal \u2013, ser\u00e1 implantada, por meio do Cenecta Cama\u00e7ari, a opera\u00e7\u00e3o de transporte coletivo, especialmente em vista ao grande fluxo de usu\u00e1rios entre a sede, a orla e as localidades adjacentes.<\/p>\n\n\n\n<p>Com o objetivo de garantir maior oferta de transporte, organiza\u00e7\u00e3o da mobilidade e atendimento adequado aos usu\u00e1rios durante o per\u00edodo festivo, ser\u00e3o criadas linhas especiais tempor\u00e1rias, que dever\u00e3o operar conforme programa\u00e7\u00e3o operacional definida a seguir:<\/p>\n\n\n\n<p><strong>E200<\/strong> \u2013 Cama\u00e7ari x Arembepe (via Estrada da Cascalheira BA-531)<\/p>\n\n\n\n<p><strong>E201<\/strong> \u2013 Cama\u00e7ari x Arembepe (via Estrada da Cetrel BA-530)<\/p>\n\n\n\n<p><strong>E202<\/strong> \u2013 Barra do Pojuca x Catu de Abrantes<\/p>\n\n\n\n<p><strong>E202.1<\/strong> \u2013 Arembepe x Catu de Abrantes<\/p>\n\n\n\n<p><strong>E202.2<\/strong> \u2013 Arembepe x Barra do Pojuca<\/p>\n\n\n\n<p>Nos dias do evento, as linhas E200 e E201 iniciar\u00e3o as opera\u00e7\u00f5es a partir de 11h seguindo at\u00e9 \u00e0s 20h30, com retorno a partir de meia-noite (0h), operando por demanda at\u00e9 o fim do evento. J\u00e1 a linha E202 iniciar\u00e1 as opera\u00e7\u00f5es \u00e0s 6h, encerrando \u00e0s 18h30 durante todos os dias do festival. Enquanto as linhas E202.1 e E202.2 v\u00e3o operar durante as madrugadas, 30 minutos ap\u00f3s o encerramento do evento ou de acordo com a demanda.<\/p>\n\n\n\n<p>Durante o festival, sempre que houver fechamento do acesso \u00e0 Rua Direta de Arembepe, o fim de linha dos \u00f4nibus \u2013 localizado nas imedia\u00e7\u00f5es da Pra\u00e7a Isaac Marambaia \u2013 ser\u00e1 transferido provisoriamente para a entrada da localidade, na marginal da Estrada do Coco (BA-099), conforme indicado no mapa elaborado pela STT.<\/p>\n\n\n\n<p>De acordo com a sinaliza\u00e7\u00e3o do mapa, a \u00e1rea circulada corresponde ao fim de linha provis\u00f3rio durante o dia; a \u00e1rea em laranja indica o local de estacionamento dos \u00f4nibus \u00e0 noite para a opera\u00e7\u00e3o de retorno; o ponto marcado em vermelho representa o local de bloqueio; e o ponto em amarelo indica o embarque provis\u00f3rio, v\u00e1lido tanto para o per\u00edodo diurno quanto noturno.<\/p>\n","protected":false},"excerpt":{"rendered":"<p>A fim de garantir seguran\u00e7a, comodidade e tranquilidade para o deslocamento dos foli\u00f5es que v\u00e3o aproveitar o Festival de Arembepe 2026, que acontece entre os dias 13 e 16 (de sexta a segunda-feira), a Prefeitura de Cama\u00e7ari montou um esquema especial de transporte durante os quatro dias do evento. Atrav\u00e9s da Superintend\u00eancia de Tr\u00e2nsito e<\/p>\n","protected":false},"author":5,"featured_media":74159,"comment_status":"open","ping_status":"open","sticky":false,"template":"","format":"standard","meta":{"om_disable_all_campaigns":false,"_monsterinsights_skip_tracking":false,"_monsterinsights_sitenote_active":false,"_monsterinsights_sitenote_note":"","_monsterinsights_sitenote_category":0,"footnotes":""},"categories":[40],"tags":[],"class_list":{"0":"post-74158","1":"post","2":"type-post","3":"status-publish","4":"format-standard","5":"has-post-thumbnail","7":"category-camacari"},"_links":{"self":[{"href":"https:\/\/comandogeraldanoticia.com.br\/index.php\/wp-json\/wp\/v2\/posts\/74158","targetHints":{"allow":["GET"]}}],"collection":[{"href":"https:\/\/comandogeraldanoticia.com.br\/index.php\/wp-json\/wp\/v2\/posts"}],"about":[{"href":"https:\/\/comandogeraldanoticia.com.br\/index.php\/wp-json\/wp\/v2\/types\/post"}],"author":[{"embeddable":true,"href":"https:\/\/comandogeraldanoticia.com.br\/index.php\/wp-json\/wp\/v2\/users\/5"}],"replies":[{"embeddable":true,"href":"https:\/\/comandogeraldanoticia.com.br\/index.php\/wp-json\/wp\/v2\/comments?post=74158"}],"version-history":[{"count":2,"href":"https:\/\/comandogeraldanoticia.com.br\/index.php\/wp-json\/wp\/v2\/posts\/74158\/revisions"}],"predecessor-version":[{"id":74161,"href":"https:\/\/comandogeraldanoticia.com.br\/index.php\/wp-json\/wp\/v2\/posts\/74158\/revisions\/74161"}],"wp:featuredmedia":[{"embeddable":true,"href":"https:\/\/comandogeraldanoticia.com.br\/index.php\/wp-json\/wp\/v2\/media\/74159"}],"wp:attachment":[{"href":"https:\/\/comandogeraldanoticia.com.br\/index.php\/wp-json\/wp\/v2\/media?parent=74158"}],"wp:term":[{"taxonomy":"category","embeddable":true,"href":"https:\/\/comandogeraldanoticia.com.br\/index.php\/wp-json\/wp\/v2\/categories?post=74158"},{"taxonomy":"post_tag","embeddable":true,"href":"https:\/\/comandogeraldanoticia.com.br\/index.php\/wp-json\/wp\/v2\/tags?post=74158"}],"curies":[{"name":"wp","href":"https:\/\/api.w.org\/{rel}","templated":true}]}}