{"id":74153,"date":"2026-03-11T02:14:23","date_gmt":"2026-03-11T02:14:23","guid":{"rendered":"https:\/\/comandogeraldanoticia.com.br\/?p=74153"},"modified":"2026-03-11T02:15:17","modified_gmt":"2026-03-11T02:15:17","slug":"teo-senna-celebra-vitoria-do-ighb-e-critica-perseguicao-do-governo-do-estado","status":"publish","type":"post","link":"https:\/\/comandogeraldanoticia.com.br\/index.php\/2026\/03\/11\/teo-senna-celebra-vitoria-do-ighb-e-critica-perseguicao-do-governo-do-estado\/","title":{"rendered":"T\u00e9o Senna celebra vit\u00f3ria do IGHB e critica persegui\u00e7\u00e3o do Governo do Estado"},"content":{"rendered":"\n<p><strong>o: Divulga\u00e7\u00e3o<\/strong><\/p>\n\n\n\n<hr class=\"wp-block-separator has-alpha-channel-opacity\"\/>\n\n\n\n<p>O vereador T\u00e9o Senna (PSDB) manifestou-se hoje (10) sobre a recente decis\u00e3o do Tribunal de Justi\u00e7a da Bahia (TJ-BA), que rejeitou o recurso do Governo do Estado e manteve a determina\u00e7\u00e3o de retomar os repasses de R$ 700 mil mensais ao Instituto Geogr\u00e1fico e Hist\u00f3rico da Bahia (IGHB). Para o edil, a decis\u00e3o un\u00e2nime dos desembargadores \u00e9 uma vit\u00f3ria da cultura e da mem\u00f3ria baiana.<br>&nbsp;<br>&#8220;\u00c9 com grande satisfa\u00e7\u00e3o que recebemos a not\u00edcia da Justi\u00e7a, que mais uma vez reafirma a ilegalidade do corte de verbas ao IGHB. O resultado un\u00e2nime no julgamento dos embargos de declara\u00e7\u00e3o \u00e9 um atestado claro de que o governo da Bahia insiste em uma persegui\u00e7\u00e3o injustific\u00e1vel contra uma das mais importantes institui\u00e7\u00f5es culturais do nosso estado&#8221;, declarou T\u00e9o Senna.<br>&nbsp;<br>Senna criticou a tentativa do governo de rediscutir o m\u00e9rito da decis\u00e3o judicial, alegando que os argumentos apresentados pela Procuradoria Geral do Estado (PGE) n\u00e3o indicavam omiss\u00e3o, contradi\u00e7\u00e3o ou erro material. &#8220;\u00c9 inaceit\u00e1vel que, diante de uma crise financeira que assola o IGHB devido ao corte de mais de R$ 16 milh\u00f5es em repasses, o governo estadual continue a usar de subterf\u00fagios para n\u00e3o cumprir uma decis\u00e3o judicial. Isso \u00e9 uma clara demonstra\u00e7\u00e3o de retalia\u00e7\u00e3o pol\u00edtica, como o pr\u00f3prio instituto tem denunciado&#8221;, afirmou o vereador, referindo-se \u00e0 alega\u00e7\u00e3o de persegui\u00e7\u00e3o ap\u00f3s a retirada de apoio a um evento com a participa\u00e7\u00e3o de Ernesto Ara\u00fajo, ex-ministro de Rela\u00e7\u00f5es Exteriores.<br>&nbsp;<br>T\u00e9o Senna finalizou reiterando seu apoio ao instituto e \u00e0 decis\u00e3o do TJ-BA. &#8220;Esta vit\u00f3ria n\u00e3o \u00e9 apenas do Instituto, mas de toda a sociedade baiana que valoriza sua hist\u00f3ria e sua cultura. O governo precisa entender que a cultura n\u00e3o \u00e9 moeda de troca pol\u00edtica e que a persegui\u00e7\u00e3o a institui\u00e7\u00f5es como o IGHB empobrece a todos n\u00f3s&#8221;, concluiu.<\/p>\n","protected":false},"excerpt":{"rendered":"<p>o: Divulga\u00e7\u00e3o O vereador T\u00e9o Senna (PSDB) manifestou-se hoje (10) sobre a recente decis\u00e3o do Tribunal de Justi\u00e7a da Bahia (TJ-BA), que rejeitou o recurso do Governo do Estado e manteve a determina\u00e7\u00e3o de retomar os repasses de R$ 700 mil mensais ao Instituto Geogr\u00e1fico e Hist\u00f3rico da Bahia (IGHB). Para o edil, a decis\u00e3o<\/p>\n","protected":false},"author":5,"featured_media":74154,"comment_status":"open","ping_status":"open","sticky":false,"template":"","format":"standard","meta":{"om_disable_all_campaigns":false,"_monsterinsights_skip_tracking":false,"_monsterinsights_sitenote_active":false,"_monsterinsights_sitenote_note":"","_monsterinsights_sitenote_category":0,"footnotes":""},"categories":[71],"tags":[],"class_list":{"0":"post-74153","1":"post","2":"type-post","3":"status-publish","4":"format-standard","5":"has-post-thumbnail","7":"category-politica"},"_links":{"self":[{"href":"https:\/\/comandogeraldanoticia.com.br\/index.php\/wp-json\/wp\/v2\/posts\/74153","targetHints":{"allow":["GET"]}}],"collection":[{"href":"https:\/\/comandogeraldanoticia.com.br\/index.php\/wp-json\/wp\/v2\/posts"}],"about":[{"href":"https:\/\/comandogeraldanoticia.com.br\/index.php\/wp-json\/wp\/v2\/types\/post"}],"author":[{"embeddable":true,"href":"https:\/\/comandogeraldanoticia.com.br\/index.php\/wp-json\/wp\/v2\/users\/5"}],"replies":[{"embeddable":true,"href":"https:\/\/comandogeraldanoticia.com.br\/index.php\/wp-json\/wp\/v2\/comments?post=74153"}],"version-history":[{"count":1,"href":"https:\/\/comandogeraldanoticia.com.br\/index.php\/wp-json\/wp\/v2\/posts\/74153\/revisions"}],"predecessor-version":[{"id":74155,"href":"https:\/\/comandogeraldanoticia.com.br\/index.php\/wp-json\/wp\/v2\/posts\/74153\/revisions\/74155"}],"wp:featuredmedia":[{"embeddable":true,"href":"https:\/\/comandogeraldanoticia.com.br\/index.php\/wp-json\/wp\/v2\/media\/74154"}],"wp:attachment":[{"href":"https:\/\/comandogeraldanoticia.com.br\/index.php\/wp-json\/wp\/v2\/media?parent=74153"}],"wp:term":[{"taxonomy":"category","embeddable":true,"href":"https:\/\/comandogeraldanoticia.com.br\/index.php\/wp-json\/wp\/v2\/categories?post=74153"},{"taxonomy":"post_tag","embeddable":true,"href":"https:\/\/comandogeraldanoticia.com.br\/index.php\/wp-json\/wp\/v2\/tags?post=74153"}],"curies":[{"name":"wp","href":"https:\/\/api.w.org\/{rel}","templated":true}]}}