{"id":74150,"date":"2026-03-11T02:11:22","date_gmt":"2026-03-11T02:11:22","guid":{"rendered":"https:\/\/comandogeraldanoticia.com.br\/?p=74150"},"modified":"2026-03-11T02:11:23","modified_gmt":"2026-03-11T02:11:23","slug":"cristian-ribera-conquista-a-1a-medalha-do-brasil-na-historia-dos-jogos-paralimpicos-de-inverno","status":"publish","type":"post","link":"https:\/\/comandogeraldanoticia.com.br\/index.php\/2026\/03\/11\/cristian-ribera-conquista-a-1a-medalha-do-brasil-na-historia-dos-jogos-paralimpicos-de-inverno\/","title":{"rendered":"Cristian Ribera conquista a 1\u00aa medalha do Brasil na hist\u00f3ria dos Jogos Paral\u00edmpicos de Inverno"},"content":{"rendered":"\n<p>ncia Gov | via Mesp<\/p>\n\n\n\n<p>O Brasil conquistou nesta ter\u00e7a-feira (10\/3) sua primeira medalha na hist\u00f3ria dos Jogos Paral\u00edmpicos de Inverno. O respons\u00e1vel pelo feito foi o rondoniense Cristian Ribera, que garantiu a prata na prova de sprint do esqui cross-country, classe sitting (atletas que competem sentados), nos Jogos de Mil\u00e3o-Cortina 2026. At\u00e9 ent\u00e3o, o melhor resultado brasileiro na competi\u00e7\u00e3o havia sido um sexto lugar \u2014 obtido pelo pr\u00f3prio atleta na edi\u00e7\u00e3o de 2018, em PyeongChang, na Coreia do Sul.<\/p>\n\n\n\n<blockquote class=\"wp-block-quote is-layout-flow wp-block-quote-is-layout-flow\">\n<p>Quero s\u00f3 agradecer meu time. A gente sempre trabalhou muito duro. Minha fam\u00edlia estava torcendo, fiz isso por eles. Os esquis estavam bons e foi acirrado. Enfim, sou campe\u00e3o mundial, do Globo de Cristal e agora \u00e9 a prata paral\u00edmpica. Estou feliz, mais um sonho realizado. Agora a meta \u00e9 o ouro.\u201d<br><em>Cristian Ribera<\/em><br><em>Atleta Paral\u00edmpico<\/em><\/p>\n<\/blockquote>\n\n\n\n<p>O brasileiro dominou grande parte da final da prova mais r\u00e1pida da modalidade, mas foi ultrapassado na reta final pelo chin\u00eas Zixu Liu. O p\u00f3dio foi completado com o bronze do cazaque Yerbol Khamitov. \u201cQuero s\u00f3 agradecer meu time. A gente sempre trabalhou muito duro. Minha fam\u00edlia estava torcendo, fiz isso por eles. Queria o ouro, foi por muito pouco, m\u00e9rito do chin\u00eas. Foi o sprint final do maior evento, todo mundo chega forte. Os esquis estavam bons e foi acirrado. Enfim, sou campe\u00e3o mundial, do Globo de Cristal e agora \u00e9 a prata paral\u00edmpica. Estou feliz, mais um sonho realizado. Agora a meta \u00e9 o ouro\u201d, disse, em entrevista ao SporTV.<\/p>\n\n\n\n<p>Pelas redes sociais, o presidente Luiz In\u00e1cio Lula da Silva celebrou a conquista do atleta brasileiro. \u201cO Brasil volta a fazer hist\u00f3ria na neve! Cristian Ribera, integrante do programa Bolsa Atleta, conquistou a medalha de prata no sprint do esqui cross-country, na classe LW11, e garantiu um cap\u00edtulo hist\u00f3rico para o esporte paral\u00edmpico brasileiro nos Jogos de Inverno de Mil\u00e3o-Cortina 2026.&nbsp;Parab\u00e9ns, Cristian, e a toda a equipe que faz parte dessa conquista incr\u00edvel. Uma medalha que inspira, abre caminhos e mostra a for\u00e7a do esporte brasileiro\u201d, escreveu o presidente em postagem em seu perfil no X (antigo Twitter).<\/p>\n\n\n\n<blockquote class=\"wp-block-quote is-layout-flow wp-block-quote-is-layout-flow\">\n<p>\u00c9 PRATA! \ud83e\udd48\ud83c\udde7\ud83c\uddf7\u2728<br><br>O Brasil volta a fazer hist\u00f3ria na neve! \u2744\ufe0f\ud83e\uddca<br><br>Cristian Ribera, integrante do programa <a href=\"https:\/\/twitter.com\/hashtag\/BolsaAtleta?src=hash&amp;ref_src=twsrc%5Etfw\">#BolsaAtleta<\/a> , conquistou a medalha de prata no sprint do esqui cross-country, na classe LW11, e garantiu um cap\u00edtulo hist\u00f3rico para o esporte paral\u00edmpico brasileiro nos Jogos\u2026 <a href=\"https:\/\/t.co\/JsNuIRhdyP\">pic.twitter.com\/JsNuIRhdyP<\/a> \u2014 Lula (@LulaOficial) <a href=\"https:\/\/twitter.com\/LulaOficial\/status\/2031431218080649636?ref_src=twsrc%5Etfw\">March 10, 2026<\/a><\/p>\n<\/blockquote>\n\n\n\n<p>Antes da medalha in\u00e9dita em Mil\u00e3o-Cortina, o atleta j\u00e1 havia alcan\u00e7ado resultados expressivos no circuito internacional. Em 2025, conquistou o t\u00edtulo da temporada da Copa do Mundo de esqui cross-country paral\u00edmpico, recebendo o prestigioso trof\u00e9u Globo de Cristal.<\/p>\n\n\n\n<p>Com apenas 23 anos, Cristian disputa a terceira edi\u00e7\u00e3o dos Jogos Paral\u00edmpicos de Inverno. Ele estreou em PyeongChang 2018, aos 15, quando conquistou o 6\u00ba lugar nos 15 km do esqui cross-country. Em Pequim 2022, obteve como melhor resultado o 8\u00ba lugar nos 20 km da classe sitting. Nos \u00faltimos dois anos, construiu uma sequ\u00eancia dominante nas provas de sprint do circuito internacional.<\/p>\n\n\n\n<p><strong>FOR\u00c7A FEMININA<\/strong> \u2014 Outro destaque do dia foi a paranaense Aline Rocha, que ficou em quinto na prova feminina do sprint do esqui cross-country, tamb\u00e9m na classe sitting. A atleta obteve o melhor resultado de uma brasileira nos Jogos Paral\u00edmpicos de Inverno, superando a pr\u00f3pria marca do primeiro dia de competi\u00e7\u00f5es em Mil\u00e3o-Cortina, quando havia alcan\u00e7ado a s\u00e9tima posi\u00e7\u00e3o no Biatlo.<\/p>\n\n\n\n<p>\u201c\u00c9 uma emo\u00e7\u00e3o imensa. Estou muito feliz de chegar pela primeira vez na final da prova de sprint. Eu espero que os resultados que estamos conquistando aqui incentivem mais mulheres a conhecer o esporte. Eu consegui fazer uma \u00f3tima classificat\u00f3ria, uma \u00f3tima semifinal. Na final, faltou um pouquinho de bra\u00e7o, mas foi um \u00f3timo resultado\u201d, analisou.<\/p>\n\n\n\n<p>Esta \u00e9 a terceira edi\u00e7\u00e3o dos Jogos Paral\u00edmpicos de Inverno que Aline participa. Antes, ela havia competido em PyeongChang 2018 e Pequim 2022. Ela foi a primeira brasileira a disputar os Jogos de Inverno e construiu trajet\u00f3ria hist\u00f3rica ao tamb\u00e9m representar o pa\u00eds no atletismo nos Jogos Paral\u00edmpicos de ver\u00e3o Rio 2016 e Paris 2024. Em 2024, se tornou campe\u00e3 mundial no sprint do esqui cross-country.<\/p>\n\n\n\n<p><strong>PORTA-BANDEIRAS<\/strong> \u2014 Antes de suas conquistas nesta ter\u00e7a (10\/3), a dupla de esquiadores tamb\u00e9m j\u00e1 havia se destacado na cerim\u00f4nia de abertura dos Jogos Paral\u00edmpicos de Mil\u00e3o-Cortina 2026, ao serem escolhidos como porta-bandeiras do Brasil. O evento teve in\u00edcio no dia 6 de mar\u00e7o e continuar\u00e1 at\u00e9 o dia 15. Ao todo, os Jogos re\u00fanem 665 atletas de 53 pa\u00edses.<\/p>\n\n\n\n<p><strong>MAIOR DELEGA\u00c7\u00c3O DA HIST\u00d3RIA<\/strong> \u2014 O Brasil participa com a maior delega\u00e7\u00e3o de sua da hist\u00f3ria: s\u00e3o oito atletas representando o pa\u00eds, todos eles benefici\u00e1rios do Bolsa Atleta do Governo do Brasil. A pol\u00edtica p\u00fablica \u00e9 essencial para garantir condi\u00e7\u00f5es de treinamento, perman\u00eancia e alto rendimento aos esportistas, incluindo Cristian Ribera e Aline Rocha.<\/p>\n\n\n\n<p>Cristian \u00e9 bolsista desde 2020 nas categorias Ol\u00edmpico\/Paral\u00edmpico e P\u00f3dio, enquanto Aline \u00e9 benefici\u00e1ria desde 2013, nas categorias Nacional, P\u00f3dio e Ol\u00edmpico\/Paral\u00edmpico. Completam a delega\u00e7\u00e3o no esqui cross-country os paulistas Wellington da Silva, Elena Regina e Guilherme Cruz Rocha, al\u00e9m do paraibano Robelson Lula. No snowboard, integram a equipe os ga\u00fachos Andr\u00e9 Barbieri e Vit\u00f3ria Machado.<\/p>\n\n\n\n<p><strong>\u00bb Patroc\u00ednio direto do Governo do Brasil<\/strong><\/p>\n\n\n\n<p><strong>Cristian Westemaier Ribera<\/strong><br>Bolsista desde 2020 sempre nas categorias Ol\u00edmpico\/Paral\u00edmpico e P\u00f3dio.<\/p>\n\n\n\n<p>2020: P\u00f3dio<br>2022: Atleta Ol\u00edmpico\/Paral\u00edmpico<br>2023: P\u00f3dio<br>2024: P\u00f3dio<br>2025: P\u00f3dio<br>2026: Atleta Ol\u00edmpico\/Paral\u00edmpico<\/p>\n\n\n\n<p><strong>Aline dos Santos Rocha<\/strong><br>Bolsista desde 2013.<\/p>\n\n\n\n<p>2013: Nacional<br>2014: Nacional<br>2015: Nacional<br>2016: Nacional<br>2017: P\u00f3dio<br>2018: P\u00f3dio<br>2019: P\u00f3dio<br>2020: P\u00f3dio<br>2021: P\u00f3dio<br>2022: P\u00f3dio<br>2023: P\u00f3dio<br>2024: P\u00f3dio<br>2025: P\u00f3dio<br>2026: Atleta Ol\u00edmpico\/Paral\u00edmpico<\/p>\n","protected":false},"excerpt":{"rendered":"<p>ncia Gov | via Mesp O Brasil conquistou nesta ter\u00e7a-feira (10\/3) sua primeira medalha na hist\u00f3ria dos Jogos Paral\u00edmpicos de Inverno. O respons\u00e1vel pelo feito foi o rondoniense Cristian Ribera, que garantiu a prata na prova de sprint do esqui cross-country, classe sitting (atletas que competem sentados), nos Jogos de Mil\u00e3o-Cortina 2026. At\u00e9 ent\u00e3o, o<\/p>\n","protected":false},"author":5,"featured_media":74151,"comment_status":"open","ping_status":"open","sticky":false,"template":"","format":"standard","meta":{"om_disable_all_campaigns":false,"_monsterinsights_skip_tracking":false,"_monsterinsights_sitenote_active":false,"_monsterinsights_sitenote_note":"","_monsterinsights_sitenote_category":0,"footnotes":""},"categories":[48],"tags":[],"class_list":{"0":"post-74150","1":"post","2":"type-post","3":"status-publish","4":"format-standard","5":"has-post-thumbnail","7":"category-esporte"},"_links":{"self":[{"href":"https:\/\/comandogeraldanoticia.com.br\/index.php\/wp-json\/wp\/v2\/posts\/74150","targetHints":{"allow":["GET"]}}],"collection":[{"href":"https:\/\/comandogeraldanoticia.com.br\/index.php\/wp-json\/wp\/v2\/posts"}],"about":[{"href":"https:\/\/comandogeraldanoticia.com.br\/index.php\/wp-json\/wp\/v2\/types\/post"}],"author":[{"embeddable":true,"href":"https:\/\/comandogeraldanoticia.com.br\/index.php\/wp-json\/wp\/v2\/users\/5"}],"replies":[{"embeddable":true,"href":"https:\/\/comandogeraldanoticia.com.br\/index.php\/wp-json\/wp\/v2\/comments?post=74150"}],"version-history":[{"count":1,"href":"https:\/\/comandogeraldanoticia.com.br\/index.php\/wp-json\/wp\/v2\/posts\/74150\/revisions"}],"predecessor-version":[{"id":74152,"href":"https:\/\/comandogeraldanoticia.com.br\/index.php\/wp-json\/wp\/v2\/posts\/74150\/revisions\/74152"}],"wp:featuredmedia":[{"embeddable":true,"href":"https:\/\/comandogeraldanoticia.com.br\/index.php\/wp-json\/wp\/v2\/media\/74151"}],"wp:attachment":[{"href":"https:\/\/comandogeraldanoticia.com.br\/index.php\/wp-json\/wp\/v2\/media?parent=74150"}],"wp:term":[{"taxonomy":"category","embeddable":true,"href":"https:\/\/comandogeraldanoticia.com.br\/index.php\/wp-json\/wp\/v2\/categories?post=74150"},{"taxonomy":"post_tag","embeddable":true,"href":"https:\/\/comandogeraldanoticia.com.br\/index.php\/wp-json\/wp\/v2\/tags?post=74150"}],"curies":[{"name":"wp","href":"https:\/\/api.w.org\/{rel}","templated":true}]}}