{"id":74147,"date":"2026-03-11T02:08:57","date_gmt":"2026-03-11T02:08:57","guid":{"rendered":"https:\/\/comandogeraldanoticia.com.br\/?p=74147"},"modified":"2026-03-11T02:08:58","modified_gmt":"2026-03-11T02:08:58","slug":"investimento-de-r-75-milhoes-do-ministerio-do-turismo-em-gramado-rs-reforca-oferta-de-atrativos-locais","status":"publish","type":"post","link":"https:\/\/comandogeraldanoticia.com.br\/index.php\/2026\/03\/11\/investimento-de-r-75-milhoes-do-ministerio-do-turismo-em-gramado-rs-reforca-oferta-de-atrativos-locais\/","title":{"rendered":"Investimento de R$ 7,5 milh\u00f5es do Minist\u00e9rio do Turismo em Gramado (RS) refor\u00e7a oferta de atrativos locais"},"content":{"rendered":"\n<p>Ag\u00eancia Gov | via MTur<\/p>\n\n\n\n<p>A cidade de Gramado (RS), famosa pelo seu deslumbrante Natal Luz e um dos principais destinos tur\u00edsticos do Brasil, passa a oferecer aos visitantes melhores condi\u00e7\u00f5es de desfrutar dos in\u00fameros atrativos locais. Com a presen\u00e7a do secret\u00e1rio nacional de Infraestrutura, Cr\u00e9dito e Investimentos do Minist\u00e9rio do Turismo, Carlos Henrique Sobral, e do prefeito municipal, Nestor Tissot, foi inaugurada a pavimenta\u00e7\u00e3o asf\u00e1ltica dos acessos ao roteiro \u201cO Quatrilho\u201d e ao Vale dos Pinheiros, iniciativa que diversifica as op\u00e7\u00f5es de lazer na regi\u00e3o.<\/p>\n\n\n\n<p>Os trabalhos tiveram um total de R$ 7,5 milh\u00f5es do Minist\u00e9rio do Turismo, al\u00e9m de outros cerca de R$ 2,2 milh\u00f5es do munic\u00edpio. No caso do roteiro \u201cO Quatrilho\u201d, a obra amplia as possibilidades de visita\u00e7\u00e3o para al\u00e9m do centro urbano de Gramado. A pavimenta\u00e7\u00e3o fortalece o turismo rural e a oferta de viv\u00eancias aut\u00eanticas, que resgatam a mem\u00f3ria, as tradi\u00e7\u00f5es e o modo de vida do interior, valorizando a identidade local e distribuindo o fluxo tur\u00edstico na regi\u00e3o.<\/p>\n\n\n\n<p>J\u00e1 a obra de liga\u00e7\u00e3o ao Vale dos Pinheiros desempenha um papel estrat\u00e9gico na diversifica\u00e7\u00e3o da disponibilidade de atrativos de Gramado. A medida consolida o munic\u00edpio n\u00e3o apenas como refer\u00eancia em turismo de inverno e gastronomia, mas, tamb\u00e9m, como um destino de natureza exuberante, ampliando as experi\u00eancias proporcionadas aos viajantes e favorecendo a procura por atividades de contempla\u00e7\u00e3o e divers\u00e3o ao ar livre.<\/p>\n\n\n\n<p>Representando o ministro do Turismo, Gustavo Feliciano, o secret\u00e1rio Carlos Henrique Sobral apontou o impacto positivo das obras apoiadas pelo Governo do Brasil na cidade. \u201cEssas obras, uma parceria com o munic\u00edpio de Gramado, melhoram a seguran\u00e7a, aprimoram a liga\u00e7\u00e3o aos atrativos e fortalecem a experi\u00eancia do visitante. E esse volume de investimentos se traduz em mais competitividade para o destino, mais oportunidades para empreendedores e mais gera\u00e7\u00e3o de emprego e renda \u00e0 popula\u00e7\u00e3o, uma prioridade do ministro Gustavo Feliciano e do governo do presidente Lula\u201d, ressaltou.<\/p>\n\n\n\n<p>\u201cO Minist\u00e9rio do Turismo reafirma seu compromisso com Gramado e os munic\u00edpios que transformam investimento p\u00fablico em resultados vis\u00edveis para a popula\u00e7\u00e3o e o setor produtivo do turismo. Esse investimento ajuda a consolidar a grande contribui\u00e7\u00e3o da cidade e de todo o Rio Grande do Sul aos avan\u00e7os que estamos alcan\u00e7ando no turismo em todo o Brasil\u201d, acrescentou Sobral, citando dados a exemplo da chegada recorde de 9,2 milh\u00f5es de turistas internacionais ao Brasil em 2025. No mesmo per\u00edodo, Gramado recebeu 97 mil visitantes estrangeiros, provenientes de 72 pa\u00edses diferentes.<\/p>\n\n\n\n<p>O secret\u00e1rio do Minist\u00e9rio do Turismo tamb\u00e9m destacou o empenho do Governo do Brasil pela promo\u00e7\u00e3o tur\u00edstica do Rio Grande do Sul, tanto no pr\u00f3prio pa\u00eds quanto em eventos do qual a pasta participa no exterior. Carlos Henrique Sobral elencou a\u00e7\u00f5es como a presen\u00e7a do Estado nas \u00faltimas edi\u00e7\u00f5es do Sal\u00e3o do Turismo (2023, 2024 e 2025) e, ainda, no estande do Brasil na BTL 2026, em Lisboa (Portugal), quando o Brasil foi o Destino Internacional Convidado e levou para a feira 24 Unidades da Federa\u00e7\u00e3o coexpositores.<\/p>\n\n\n\n<p>A inaugura\u00e7\u00e3o dos trabalhos nesta ter\u00e7a-feira em Gramado tamb\u00e9m teve as presen\u00e7as da vice-prefeita da cidade, Luia Barbacovi; do secret\u00e1rio municipal de Obras, William Camilo; e de Leonardo Costanzi, supervisor da Representa\u00e7\u00e3o da Ger\u00eancia Executiva de Governo da Caixa Econ\u00f4mica Federal em Caxias do Sul (RS), al\u00e9m de parlamentares e representantes do trade tur\u00edstico local.<\/p>\n\n\n\n<p><strong>ROTEIRO \u201cO QUATRILHO\u201d<\/strong> \u2013 Uma hist\u00f3ria de livro que virou filme, a rota \u201cO Quatrilho\u201d foi constru\u00edda no final do s\u00e9culo XIX pelas fam\u00edlias Trentin e Dal Ri, que colonizaram a terra e cultivaram a produ\u00e7\u00e3o de frutas e vinhos na regi\u00e3o. Localizado em meio a vales e riachos, o percurso envolve outro grande marco da hist\u00f3ria local: o Moinho Colonial, um cen\u00e1rio encantador que oferece um mirante e marca turistas com experi\u00eancias afetivas, hist\u00f3rias, sabores e tradi\u00e7\u00e3o familiar.<\/p>\n\n\n\n<p><strong>RIO GRANDE DO SUL EM DESTAQUE<\/strong> \u2013 Em janeiro de 2026, o Rio Grande do Sul foi a principal porta de entrada dos mais de 1,4 milh\u00e3o de turistas internacionais que vieram ao Brasil. O Estado registrou quase 367 mil visitantes estrangeiros, posicionando o territ\u00f3rio ga\u00facho como o principal acesso de viajantes estrangeiros no pa\u00eds. Nacionalmente, esse fluxo de p\u00fablico injetou US$ 731 milh\u00f5es na economia nacional, o 3\u00ba melhor resultado de janeiro da hist\u00f3ria, segundo a Embratur.<\/p>\n\n\n\n<p><strong>Por Andr\u00e9 Martins<\/strong><\/p>\n","protected":false},"excerpt":{"rendered":"<p>Ag\u00eancia Gov | via MTur A cidade de Gramado (RS), famosa pelo seu deslumbrante Natal Luz e um dos principais destinos tur\u00edsticos do Brasil, passa a oferecer aos visitantes melhores condi\u00e7\u00f5es de desfrutar dos in\u00fameros atrativos locais. Com a presen\u00e7a do secret\u00e1rio nacional de Infraestrutura, Cr\u00e9dito e Investimentos do Minist\u00e9rio do Turismo, Carlos Henrique Sobral,<\/p>\n","protected":false},"author":5,"featured_media":74148,"comment_status":"open","ping_status":"open","sticky":false,"template":"","format":"standard","meta":{"om_disable_all_campaigns":false,"_monsterinsights_skip_tracking":false,"_monsterinsights_sitenote_active":false,"_monsterinsights_sitenote_note":"","_monsterinsights_sitenote_category":0,"footnotes":""},"categories":[43],"tags":[],"class_list":{"0":"post-74147","1":"post","2":"type-post","3":"status-publish","4":"format-standard","5":"has-post-thumbnail","7":"category-economia"},"_links":{"self":[{"href":"https:\/\/comandogeraldanoticia.com.br\/index.php\/wp-json\/wp\/v2\/posts\/74147","targetHints":{"allow":["GET"]}}],"collection":[{"href":"https:\/\/comandogeraldanoticia.com.br\/index.php\/wp-json\/wp\/v2\/posts"}],"about":[{"href":"https:\/\/comandogeraldanoticia.com.br\/index.php\/wp-json\/wp\/v2\/types\/post"}],"author":[{"embeddable":true,"href":"https:\/\/comandogeraldanoticia.com.br\/index.php\/wp-json\/wp\/v2\/users\/5"}],"replies":[{"embeddable":true,"href":"https:\/\/comandogeraldanoticia.com.br\/index.php\/wp-json\/wp\/v2\/comments?post=74147"}],"version-history":[{"count":1,"href":"https:\/\/comandogeraldanoticia.com.br\/index.php\/wp-json\/wp\/v2\/posts\/74147\/revisions"}],"predecessor-version":[{"id":74149,"href":"https:\/\/comandogeraldanoticia.com.br\/index.php\/wp-json\/wp\/v2\/posts\/74147\/revisions\/74149"}],"wp:featuredmedia":[{"embeddable":true,"href":"https:\/\/comandogeraldanoticia.com.br\/index.php\/wp-json\/wp\/v2\/media\/74148"}],"wp:attachment":[{"href":"https:\/\/comandogeraldanoticia.com.br\/index.php\/wp-json\/wp\/v2\/media?parent=74147"}],"wp:term":[{"taxonomy":"category","embeddable":true,"href":"https:\/\/comandogeraldanoticia.com.br\/index.php\/wp-json\/wp\/v2\/categories?post=74147"},{"taxonomy":"post_tag","embeddable":true,"href":"https:\/\/comandogeraldanoticia.com.br\/index.php\/wp-json\/wp\/v2\/tags?post=74147"}],"curies":[{"name":"wp","href":"https:\/\/api.w.org\/{rel}","templated":true}]}}