{"id":74144,"date":"2026-03-11T02:06:20","date_gmt":"2026-03-11T02:06:20","guid":{"rendered":"https:\/\/comandogeraldanoticia.com.br\/?p=74144"},"modified":"2026-03-11T02:06:20","modified_gmt":"2026-03-11T02:06:20","slug":"governo-do-brasil-anuncia-r-40-milhoes-para-inclusao-digital-e-expansao-da-tv-digital-no-brasil","status":"publish","type":"post","link":"https:\/\/comandogeraldanoticia.com.br\/index.php\/2026\/03\/11\/governo-do-brasil-anuncia-r-40-milhoes-para-inclusao-digital-e-expansao-da-tv-digital-no-brasil\/","title":{"rendered":"Governo do Brasil anuncia R$ 40 milh\u00f5es para inclus\u00e3o digital e expans\u00e3o da TV digital no Brasil"},"content":{"rendered":"\n<p>Ag\u00eancia Gov | Via <\/p>\n\n\n\n<p>MComA Ag\u00eancia Nacional de Telecomunica\u00e7\u00f5es (Anatel), vinculada ao Minist\u00e9rio das Comunica\u00e7\u00f5es, anunciou novos investimentos de R$ 40 milh\u00f5es para projetos de inclus\u00e3o digital e expans\u00e3o da infraestrutura de telecomunica\u00e7\u00f5es no Brasil. A decis\u00e3o tamb\u00e9m amplia o prazo, at\u00e9 31 de dezembro de 2027, para conclus\u00e3o de iniciativas voltadas \u00e0 expans\u00e3o da TV digital, da telefonia m\u00f3vel e ao desenvolvimento da TV 3.0, a nova gera\u00e7\u00e3o da televis\u00e3o aberta brasileira.<\/p>\n\n\n\n<blockquote class=\"wp-block-quote is-layout-flow wp-block-quote-is-layout-flow\">\n<p>Estamos investindo para que mais brasileiros tenham acesso \u00e0 comunica\u00e7\u00e3o de qualidade. A expans\u00e3o da telefonia m\u00f3vel, o fortalecimento da TV digital e o desenvolvimento da TV 3.0 fazem parte de uma agenda estrat\u00e9gica para modernizar as comunica\u00e7\u00f5es no Brasil\u201d, disse o ministro das Comunica\u00e7\u00f5es, Frederico de Siqueira Filho.<\/p>\n<\/blockquote>\n\n\n\n<p>Os projetos s\u00e3o acompanhados pelo Grupo de Implanta\u00e7\u00e3o do Processo de Redistribui\u00e7\u00e3o e Digitaliza\u00e7\u00e3o de Canais de TV e RTV (Gired), \u00f3rg\u00e3o colegiado da Anatel criado em 2014 para coordenar a transi\u00e7\u00e3o da TV anal\u00f3gica para a TV digital no Brasil.<\/p>\n\n\n\n<p>Os novos recursos ser\u00e3o aplicados em tr\u00eas frentes estrat\u00e9gicas para ampliar o acesso da popula\u00e7\u00e3o \u00e0 comunica\u00e7\u00e3o e \u00e0 conectividade:<\/p>\n\n\n\n<p>1) R$ 20 milh\u00f5es para instala\u00e7\u00e3o de novas antenas de telefonia m\u00f3vel, ampliando a cobertura do sinal celular<br>2) R$ 15 milh\u00f5es para manuten\u00e7\u00e3o das esta\u00e7\u00f5es retransmissoras de TV digital j\u00e1 instaladas no pa\u00eds<br>3) R$ 5 milh\u00f5es para desenvolvimento de aplica\u00e7\u00f5es da TV 3.0 em emissoras p\u00fablicas<\/p>\n\n\n\n<p>A medida refor\u00e7a a\u00e7\u00f5es que buscam ampliar o acesso \u00e0 informa\u00e7\u00e3o, fortalecer a infraestrutura de radiodifus\u00e3o e levar conectividade a mais brasileiros, especialmente em regi\u00f5es com menor cobertura de telecomunica\u00e7\u00f5es.<\/p>\n\n\n\n<h4 class=\"wp-block-heading\"><strong>Brasil Digital e TV 3.0 ganham mais tempo de implanta\u00e7\u00e3o<\/strong><\/h4>\n\n\n\n<p>Com a amplia\u00e7\u00e3o do prazo, a Anatel tamb\u00e9m garante mais tempo para implementa\u00e7\u00e3o de iniciativas estrat\u00e9gicas no setor de comunica\u00e7\u00e3o p\u00fablica. Entre elas est\u00e1 o programa Brasil Digital, que atua na amplia\u00e7\u00e3o da oferta de canais p\u00fablicos de televis\u00e3o em todo o pa\u00eds.<\/p>\n\n\n\n<p>A prorroga\u00e7\u00e3o tamb\u00e9m contempla a instala\u00e7\u00e3o de esta\u00e7\u00f5es experimentais de TV 3.0 para emissoras p\u00fablicas, incluindo canais da Empresa Brasil de Comunica\u00e7\u00e3o (EBC) e da Rede Legislativa, que re\u00fane TV C\u00e2mara, TV Senado, TVs das Assembleias Legislativas e TVs de C\u00e2maras Municipais.<\/p>\n\n\n\n<h4 class=\"wp-block-heading\"><strong>Nova gera\u00e7\u00e3o da TV aberta brasileira<\/strong><\/h4>\n\n\n\n<p>A TV 3.0 representa a pr\u00f3xima evolu\u00e7\u00e3o da televis\u00e3o aberta no Brasil. A tecnologia promete oferecer imagem em ultra defini\u00e7\u00e3o, melhor qualidade de som e recursos de interatividade, aproximando a experi\u00eancia da TV tradicional das plataformas digitais.<\/p>\n\n\n\n<p>A expectativa \u00e9 que os projetos apoiados pelo Gired contribuam para acelerar a ado\u00e7\u00e3o da nova tecnologia e ampliar o acesso da popula\u00e7\u00e3o a conte\u00fados digitais de maior qualidade.<\/p>\n","protected":false},"excerpt":{"rendered":"<p>Ag\u00eancia Gov | Via MComA Ag\u00eancia Nacional de Telecomunica\u00e7\u00f5es (Anatel), vinculada ao Minist\u00e9rio das Comunica\u00e7\u00f5es, anunciou novos investimentos de R$ 40 milh\u00f5es para projetos de inclus\u00e3o digital e expans\u00e3o da infraestrutura de telecomunica\u00e7\u00f5es no Brasil. A decis\u00e3o tamb\u00e9m amplia o prazo, at\u00e9 31 de dezembro de 2027, para conclus\u00e3o de iniciativas voltadas \u00e0 expans\u00e3o da<\/p>\n","protected":false},"author":5,"featured_media":74145,"comment_status":"open","ping_status":"open","sticky":false,"template":"","format":"standard","meta":{"om_disable_all_campaigns":false,"_monsterinsights_skip_tracking":false,"_monsterinsights_sitenote_active":false,"_monsterinsights_sitenote_note":"","_monsterinsights_sitenote_category":0,"footnotes":""},"categories":[39],"tags":[],"class_list":{"0":"post-74144","1":"post","2":"type-post","3":"status-publish","4":"format-standard","5":"has-post-thumbnail","7":"category-brasil"},"_links":{"self":[{"href":"https:\/\/comandogeraldanoticia.com.br\/index.php\/wp-json\/wp\/v2\/posts\/74144","targetHints":{"allow":["GET"]}}],"collection":[{"href":"https:\/\/comandogeraldanoticia.com.br\/index.php\/wp-json\/wp\/v2\/posts"}],"about":[{"href":"https:\/\/comandogeraldanoticia.com.br\/index.php\/wp-json\/wp\/v2\/types\/post"}],"author":[{"embeddable":true,"href":"https:\/\/comandogeraldanoticia.com.br\/index.php\/wp-json\/wp\/v2\/users\/5"}],"replies":[{"embeddable":true,"href":"https:\/\/comandogeraldanoticia.com.br\/index.php\/wp-json\/wp\/v2\/comments?post=74144"}],"version-history":[{"count":1,"href":"https:\/\/comandogeraldanoticia.com.br\/index.php\/wp-json\/wp\/v2\/posts\/74144\/revisions"}],"predecessor-version":[{"id":74146,"href":"https:\/\/comandogeraldanoticia.com.br\/index.php\/wp-json\/wp\/v2\/posts\/74144\/revisions\/74146"}],"wp:featuredmedia":[{"embeddable":true,"href":"https:\/\/comandogeraldanoticia.com.br\/index.php\/wp-json\/wp\/v2\/media\/74145"}],"wp:attachment":[{"href":"https:\/\/comandogeraldanoticia.com.br\/index.php\/wp-json\/wp\/v2\/media?parent=74144"}],"wp:term":[{"taxonomy":"category","embeddable":true,"href":"https:\/\/comandogeraldanoticia.com.br\/index.php\/wp-json\/wp\/v2\/categories?post=74144"},{"taxonomy":"post_tag","embeddable":true,"href":"https:\/\/comandogeraldanoticia.com.br\/index.php\/wp-json\/wp\/v2\/tags?post=74144"}],"curies":[{"name":"wp","href":"https:\/\/api.w.org\/{rel}","templated":true}]}}