{"id":74141,"date":"2026-03-11T02:03:15","date_gmt":"2026-03-11T02:03:15","guid":{"rendered":"https:\/\/comandogeraldanoticia.com.br\/?p=74141"},"modified":"2026-03-11T02:03:16","modified_gmt":"2026-03-11T02:03:16","slug":"em-12-meses-brasil-gerou-mais-de-79-mil-empregos-formais-nas-atividades-ligadas-ao-turismo","status":"publish","type":"post","link":"https:\/\/comandogeraldanoticia.com.br\/index.php\/2026\/03\/11\/em-12-meses-brasil-gerou-mais-de-79-mil-empregos-formais-nas-atividades-ligadas-ao-turismo\/","title":{"rendered":"Em 12 meses, Brasil gerou mais de 79 mil empregos formais nas atividades ligadas ao turismo"},"content":{"rendered":"\n<p>Ag\u00eancia Gov | Via Secom\/PR<\/p>\n\n\n\n<p>As atividades ligadas ao turismo brasileiro geraram 79.632 empregos com carteira assinada em todo o pa\u00eds nos \u00faltimos 12 meses, terminados em janeiro deste ano. Os segmentos de Alimenta\u00e7\u00e3o, respons\u00e1vel por 36.870 novos postos de trabalho; Alojamento (17.042) e Cultura e Lazer (8.278) foram, respectivamente, os ramos de maior representatividade no total de ocupa\u00e7\u00f5es formais geradas no setor durante o per\u00edodo. Juntas, elas representaram 78% das vagas abertas.<\/p>\n\n\n\n<p>Os dados s\u00e3o do Cadastro Geral de Empregados e Desempregados (Novo Caged) e foram analisados pelo Minist\u00e9rio do Turismo. Para o ministro da pasta, Gustavo Feliciano, os n\u00fameros destacam o alto potencial econ\u00f4mico e inclusivo do segmento.<\/p>\n\n\n\n<p>\u201cCada vaga gerada no turismo brasileiro \u00e9 uma pessoa a mais com carteira assinada, formalizada e trabalhando no pa\u00eds. Essa pessoa poder\u00e1, com a renda do trabalho, garantir um ano de escola para os filhos, trocar de carro, manter o sustento da fam\u00edlia e viajar pelo pa\u00eds. Tudo isso move uma grande cadeia econ\u00f4mica, gerando oportunidades nos mais variados setores\u201d, aponta Feliciano.<\/p>\n\n\n\n<p><strong>MUDAN\u00c7A DE VIDA<\/strong> \u2014 Uma dessas vagas criadas no turismo brasileiro foi preenchida, no in\u00edcio deste ano, por Karina Dias, que conseguiu um cargo de recepcionista em um hostel na cidade do Rio de Janeiro. Para ela, a conquista representou uma grande mudan\u00e7a de vida.<\/p>\n\n\n\n<p>\u201cO turismo impacta bastante no mercado de trabalho, especialmente nessa \u00e9poca de in\u00edcio de ano, com o Carnaval. Essa oportunidade de trabalho representa uma mudan\u00e7a total na minha vida. Eu vou conseguir me organizar, buscar as coisas que eu quero e ajudar a minha m\u00e3e a ter um conforto maior tamb\u00e9m\u201d, comemora Karina, que nasceu no Estado do Amazonas.<\/p>\n\n\n\n<p><strong>MAIS CR\u00c9DITO<\/strong> \u2014 O crescimento do turismo brasileiro tamb\u00e9m impulsiona o crescimento das empresas do setor, que, para darem conta do aumento de demanda, precisam investir em novas contrata\u00e7\u00f5es. A fim de fortalecer principalmente micro e pequenos neg\u00f3cios do ramo, o Governo do Brasil, por meio do Minist\u00e9rio do Turismo, lan\u00e7ou o \u201cBrasil Mais Cr\u00e9dito Para o Turismo\u201d, que facilita o acesso ao cr\u00e9dito por meio do Fundo Geral do Turismo (Novo Fungetur).<\/p>\n\n\n\n<p>A a\u00e7\u00e3o busca promover o Fungetur, que possui uma linha de cr\u00e9dito especial para financiar projetos, obras, aquisi\u00e7\u00e3o de equipamentos e capital de giro para empresas do setor tur\u00edstico. A iniciativa refor\u00e7a oportunidades de apoio em condi\u00e7\u00f5es facilitadas, proporcionando a moderniza\u00e7\u00e3o de servi\u00e7os tur\u00edsticos, a gera\u00e7\u00e3o de emprego e renda e o crescimento da economia em todas as regi\u00f5es do pa\u00eds.<\/p>\n\n\n\n<p>A primeira etapa da mobiliza\u00e7\u00e3o nacional ocorreu na \u00faltima segunda-feira, 2 de mar\u00e7o, em Salvador (BA), quando mais de 400 empres\u00e1rios e microempreendedores do Estado foram atendidos pelo Minist\u00e9rio do Turismo.<\/p>\n","protected":false},"excerpt":{"rendered":"<p>Ag\u00eancia Gov | Via Secom\/PR As atividades ligadas ao turismo brasileiro geraram 79.632 empregos com carteira assinada em todo o pa\u00eds nos \u00faltimos 12 meses, terminados em janeiro deste ano. Os segmentos de Alimenta\u00e7\u00e3o, respons\u00e1vel por 36.870 novos postos de trabalho; Alojamento (17.042) e Cultura e Lazer (8.278) foram, respectivamente, os ramos de maior representatividade<\/p>\n","protected":false},"author":5,"featured_media":74142,"comment_status":"open","ping_status":"open","sticky":false,"template":"","format":"standard","meta":{"om_disable_all_campaigns":false,"_monsterinsights_skip_tracking":false,"_monsterinsights_sitenote_active":false,"_monsterinsights_sitenote_note":"","_monsterinsights_sitenote_category":0,"footnotes":""},"categories":[39],"tags":[],"class_list":{"0":"post-74141","1":"post","2":"type-post","3":"status-publish","4":"format-standard","5":"has-post-thumbnail","7":"category-brasil"},"_links":{"self":[{"href":"https:\/\/comandogeraldanoticia.com.br\/index.php\/wp-json\/wp\/v2\/posts\/74141","targetHints":{"allow":["GET"]}}],"collection":[{"href":"https:\/\/comandogeraldanoticia.com.br\/index.php\/wp-json\/wp\/v2\/posts"}],"about":[{"href":"https:\/\/comandogeraldanoticia.com.br\/index.php\/wp-json\/wp\/v2\/types\/post"}],"author":[{"embeddable":true,"href":"https:\/\/comandogeraldanoticia.com.br\/index.php\/wp-json\/wp\/v2\/users\/5"}],"replies":[{"embeddable":true,"href":"https:\/\/comandogeraldanoticia.com.br\/index.php\/wp-json\/wp\/v2\/comments?post=74141"}],"version-history":[{"count":1,"href":"https:\/\/comandogeraldanoticia.com.br\/index.php\/wp-json\/wp\/v2\/posts\/74141\/revisions"}],"predecessor-version":[{"id":74143,"href":"https:\/\/comandogeraldanoticia.com.br\/index.php\/wp-json\/wp\/v2\/posts\/74141\/revisions\/74143"}],"wp:featuredmedia":[{"embeddable":true,"href":"https:\/\/comandogeraldanoticia.com.br\/index.php\/wp-json\/wp\/v2\/media\/74142"}],"wp:attachment":[{"href":"https:\/\/comandogeraldanoticia.com.br\/index.php\/wp-json\/wp\/v2\/media?parent=74141"}],"wp:term":[{"taxonomy":"category","embeddable":true,"href":"https:\/\/comandogeraldanoticia.com.br\/index.php\/wp-json\/wp\/v2\/categories?post=74141"},{"taxonomy":"post_tag","embeddable":true,"href":"https:\/\/comandogeraldanoticia.com.br\/index.php\/wp-json\/wp\/v2\/tags?post=74141"}],"curies":[{"name":"wp","href":"https:\/\/api.w.org\/{rel}","templated":true}]}}