{"id":74138,"date":"2026-03-11T02:00:05","date_gmt":"2026-03-11T02:00:05","guid":{"rendered":"https:\/\/comandogeraldanoticia.com.br\/?p=74138"},"modified":"2026-03-11T02:00:06","modified_gmt":"2026-03-11T02:00:06","slug":"professores-de-camacari-aprovam-proposta-de-reajuste-com-ganhos-reais-apresentada-pela-prefeitura","status":"publish","type":"post","link":"https:\/\/comandogeraldanoticia.com.br\/index.php\/2026\/03\/11\/professores-de-camacari-aprovam-proposta-de-reajuste-com-ganhos-reais-apresentada-pela-prefeitura\/","title":{"rendered":"Professores de Cama\u00e7ari aprovam proposta de reajuste com ganhos reais apresentada pela Prefeitura"},"content":{"rendered":"\n<p>Os professores da rede p\u00fablica municipal aprovaram, em assembleia realizada nesta ter\u00e7a-feira (10), a proposta de reajuste salarial apresentada pela Prefeitura de Cama\u00e7ari. A aprova\u00e7\u00e3o por parte do Sindicato das Professoras e Professores da Rede P\u00fablica (Sispec) representa um passo importante na continuidade da constru\u00e7\u00e3o de uma educa\u00e7\u00e3o de refer\u00eancia no munic\u00edpio, tanto na valoriza\u00e7\u00e3o dos servidores quanto no acolhimento e aten\u00e7\u00e3o aos estudantes.<\/p>\n\n\n\n<p>Mantendo o compromisso do di\u00e1logo com a categoria e com a mesa de negocia\u00e7\u00e3o permanente em aberto, essa foi a sexta proposta apresentada pelo governo municipal, que prev\u00ea reajuste de 5,4% a 10,36%, variando conforme a letra e o n\u00edvel de cada profissional. Esses percentuais representam a soma da recomposi\u00e7\u00e3o da tabela do Plano de Cargos, Carreira e Vencimentos (PCCV) e do percentual do piso do magist\u00e9rio.<\/p>\n\n\n\n<p>O percentual apresentado e aprovado foi pensado com base nos estudos realizados pelo Sispec junto com o DIEESE (Departamento Intersindical de Estat\u00edstica e Estudos Socioecon\u00f4micos) para o in\u00edcio da recomposi\u00e7\u00e3o da carreira do magist\u00e9rio, corrigindo quase uma d\u00e9cada de desvaloriza\u00e7\u00e3o dos professores.<br>Com a aprova\u00e7\u00e3o e a devolutiva do sindicato, a Prefeitura ir\u00e1 preparar um projeto de lei a ser enviado para a C\u00e2mara Municipal e solicitar que a medida seja aprovada com urg\u00eancia pela Casa, podendo j\u00e1 entrar em vigor na folha de pagamento do m\u00eas de mar\u00e7o.<\/p>\n\n\n\n<p>Pelo segundo ano consecutivo, a Prefeitura assegurou aumento real para a categoria, consolidando uma recomposi\u00e7\u00e3o salarial para os professores da rede municipal. Em 2025, foi concedido reajuste de 6,27%, al\u00e9m do pagamento do ter\u00e7o de f\u00e9rias deixado em aberto pela gest\u00e3o anterior e da antecipa\u00e7\u00e3o do pagamento do ter\u00e7o constitucional de f\u00e9rias dos servidores da educa\u00e7\u00e3o.<\/p>\n\n\n\n<p>Movimento que se soma ao novo momento que a educa\u00e7\u00e3o de Cama\u00e7ari vivencia, com novos uniformes fabricados com tecido e acabamento de alta qualidade, novos kits escolares e refor\u00e7o na merenda para os mais de 32 mil estudantes matriculados na rede p\u00fablica municipal de ensino.<\/p>\n\n\n\n<p>Foto: Patrick Abreu<\/p>\n","protected":false},"excerpt":{"rendered":"<p>Os professores da rede p\u00fablica municipal aprovaram, em assembleia realizada nesta ter\u00e7a-feira (10), a proposta de reajuste salarial apresentada pela Prefeitura de Cama\u00e7ari. A aprova\u00e7\u00e3o por parte do Sindicato das Professoras e Professores da Rede P\u00fablica (Sispec) representa um passo importante na continuidade da constru\u00e7\u00e3o de uma educa\u00e7\u00e3o de refer\u00eancia no munic\u00edpio, tanto na valoriza\u00e7\u00e3o<\/p>\n","protected":false},"author":5,"featured_media":74139,"comment_status":"open","ping_status":"open","sticky":false,"template":"","format":"standard","meta":{"om_disable_all_campaigns":false,"_monsterinsights_skip_tracking":false,"_monsterinsights_sitenote_active":false,"_monsterinsights_sitenote_note":"","_monsterinsights_sitenote_category":0,"footnotes":""},"categories":[44],"tags":[],"class_list":{"0":"post-74138","1":"post","2":"type-post","3":"status-publish","4":"format-standard","5":"has-post-thumbnail","7":"category-example-6"},"_links":{"self":[{"href":"https:\/\/comandogeraldanoticia.com.br\/index.php\/wp-json\/wp\/v2\/posts\/74138","targetHints":{"allow":["GET"]}}],"collection":[{"href":"https:\/\/comandogeraldanoticia.com.br\/index.php\/wp-json\/wp\/v2\/posts"}],"about":[{"href":"https:\/\/comandogeraldanoticia.com.br\/index.php\/wp-json\/wp\/v2\/types\/post"}],"author":[{"embeddable":true,"href":"https:\/\/comandogeraldanoticia.com.br\/index.php\/wp-json\/wp\/v2\/users\/5"}],"replies":[{"embeddable":true,"href":"https:\/\/comandogeraldanoticia.com.br\/index.php\/wp-json\/wp\/v2\/comments?post=74138"}],"version-history":[{"count":1,"href":"https:\/\/comandogeraldanoticia.com.br\/index.php\/wp-json\/wp\/v2\/posts\/74138\/revisions"}],"predecessor-version":[{"id":74140,"href":"https:\/\/comandogeraldanoticia.com.br\/index.php\/wp-json\/wp\/v2\/posts\/74138\/revisions\/74140"}],"wp:featuredmedia":[{"embeddable":true,"href":"https:\/\/comandogeraldanoticia.com.br\/index.php\/wp-json\/wp\/v2\/media\/74139"}],"wp:attachment":[{"href":"https:\/\/comandogeraldanoticia.com.br\/index.php\/wp-json\/wp\/v2\/media?parent=74138"}],"wp:term":[{"taxonomy":"category","embeddable":true,"href":"https:\/\/comandogeraldanoticia.com.br\/index.php\/wp-json\/wp\/v2\/categories?post=74138"},{"taxonomy":"post_tag","embeddable":true,"href":"https:\/\/comandogeraldanoticia.com.br\/index.php\/wp-json\/wp\/v2\/tags?post=74138"}],"curies":[{"name":"wp","href":"https:\/\/api.w.org\/{rel}","templated":true}]}}