{"id":74135,"date":"2026-03-11T01:58:18","date_gmt":"2026-03-11T01:58:18","guid":{"rendered":"https:\/\/comandogeraldanoticia.com.br\/?p=74135"},"modified":"2026-03-11T01:58:18","modified_gmt":"2026-03-11T01:58:18","slug":"cortejo-abre-oficialmente-festival-de-arembepe-2026-e-celebra-fe-tradicao-e-cultura-popular","status":"publish","type":"post","link":"https:\/\/comandogeraldanoticia.com.br\/index.php\/2026\/03\/11\/cortejo-abre-oficialmente-festival-de-arembepe-2026-e-celebra-fe-tradicao-e-cultura-popular\/","title":{"rendered":"Cortejo abre oficialmente Festival de Arembepe 2026 e celebra f\u00e9, tradi\u00e7\u00e3o e cultura popular"},"content":{"rendered":"\n<p>Marcado pela f\u00e9, pelas cores e por manifesta\u00e7\u00f5es que atravessam gera\u00e7\u00f5es, o tradicional cortejo religioso e multicultural que abre oficialmente o Festival de Arembepe 2026 acontece nesta sexta-feira (13), a partir das 9h. A celebra\u00e7\u00e3o tamb\u00e9m marca o encerramento do ciclo de lavagens e festas populares da orla de Cama\u00e7ari, reafirmando a for\u00e7a das tradi\u00e7\u00f5es que fazem parte da identidade cultural do munic\u00edpio.<\/p>\n\n\n\n<p>O cortejo sair\u00e1 da entrada da localidade de Arembepe e seguir\u00e1 em dire\u00e7\u00e3o \u00e0 igreja dedicada ao padroeiro, S\u00e3o Francisco de Assis. Ao longo do trajeto, moradores, visitantes, turistas e grupos culturais se unem em uma grande manifesta\u00e7\u00e3o de devo\u00e7\u00e3o e valoriza\u00e7\u00e3o \u00e0s ra\u00edzes culturais, em um momento simb\u00f3lico que re\u00fane religiosidade, m\u00fasica, dan\u00e7a e ancestralidade.<\/p>\n\n\n\n<p>\u00c0 frente do cortejo, como manda a tradi\u00e7\u00e3o, estar\u00e1 a ala das baianas, vestidas com os trajes t\u00edpicos, conduzindo os vasos de barro com \u00e1gua de cheiro para realizar a lavagem simb\u00f3lica da frente da igreja, ritual sincr\u00e9tico que representa um gesto de purifica\u00e7\u00e3o e renova\u00e7\u00e3o espiritual.<\/p>\n\n\n\n<p>Logo em seguida, a diversidade cultural ganha as ruas de Arembepe com a participa\u00e7\u00e3o de grupos, organizados pela Secretaria da Cultura de Cama\u00e7ari (Secult), que expressam a riqueza das tradi\u00e7\u00f5es populares. Entre as atra\u00e7\u00f5es est\u00e3o as charangas Tropicana, Art\u2019Vila e Big Band; os afox\u00e9s Il\u00ea Ode Oba Lode e Oromi Lay\u00f4; o grupo circense Cia. Isartes; al\u00e9m dos grupos culturais Groove dos Tambores, Ra\u00edzes da Terra, Caboclo Mirim, Boi Tricotado, Samba de Caboclo e Burrinha Preciosa.<\/p>\n\n\n\n<p>Tamb\u00e9m integram o trajeto o Movimento Percussivo Beira de Rua e os grupos de capoeira Aquilombar, Liberta\u00e7\u00e3o e Arte, e Bimba\u00ea, levando ritmos, cores e performances que transformam o percurso em um grande espet\u00e1culo de celebra\u00e7\u00e3o da cultura popular.<\/p>\n\n\n\n<p>Ap\u00f3s a abertura oficial, a programa\u00e7\u00e3o festiva do evento segue pela tarde de sexta e s\u00f3 acaba na segunda-feira (16). Durante os quatro dias do Festival de Arembepe 2026, o p\u00fablico poder\u00e1 acompanhar os tradicionais blocos que animam a Rua Direta de Arembepe. \u00c0 noite, a programa\u00e7\u00e3o musical toma conta do Palco Katita, na Arena Principal, e do Palco Ra\u00edzes e Ritmos, montado na Pra\u00e7a Tia Deja (antiga dos Coqueiros), que ir\u00e3o reunir artistas nacionais, regionais e locais em apresenta\u00e7\u00f5es que passeiam por diversos ritmos.<\/p>\n\n\n\n<p>Encerrando a programa\u00e7\u00e3o, na segunda \u00e0 noite acontece o j\u00e1 tradicional Baile dos Coroas, que convida o p\u00fablico a dan\u00e7ar ao som de m\u00fasicas rom\u00e2nticas e repert\u00f3rios inspirados na seresta, celebrando a alegria, a nostalgia e a conviv\u00eancia que marcam o esp\u00edrito do festival.<\/p>\n\n\n\n<p>O Festival de Arembepe 2026 \u00e9 realizado pela Prefeitura, por meio da Secretaria de Governo de Cama\u00e7ari (Segov), atrav\u00e9s da Coordena\u00e7\u00e3o de Eventos, com o apoio das demais pastas e institui\u00e7\u00f5es municipais.&nbsp;&#8212;<\/p>\n","protected":false},"excerpt":{"rendered":"<p>Marcado pela f\u00e9, pelas cores e por manifesta\u00e7\u00f5es que atravessam gera\u00e7\u00f5es, o tradicional cortejo religioso e multicultural que abre oficialmente o Festival de Arembepe 2026 acontece nesta sexta-feira (13), a partir das 9h. A celebra\u00e7\u00e3o tamb\u00e9m marca o encerramento do ciclo de lavagens e festas populares da orla de Cama\u00e7ari, reafirmando a for\u00e7a das tradi\u00e7\u00f5es<\/p>\n","protected":false},"author":5,"featured_media":74136,"comment_status":"open","ping_status":"open","sticky":false,"template":"","format":"standard","meta":{"om_disable_all_campaigns":false,"_monsterinsights_skip_tracking":false,"_monsterinsights_sitenote_active":false,"_monsterinsights_sitenote_note":"","_monsterinsights_sitenote_category":0,"footnotes":""},"categories":[40],"tags":[],"class_list":{"0":"post-74135","1":"post","2":"type-post","3":"status-publish","4":"format-standard","5":"has-post-thumbnail","7":"category-camacari"},"_links":{"self":[{"href":"https:\/\/comandogeraldanoticia.com.br\/index.php\/wp-json\/wp\/v2\/posts\/74135","targetHints":{"allow":["GET"]}}],"collection":[{"href":"https:\/\/comandogeraldanoticia.com.br\/index.php\/wp-json\/wp\/v2\/posts"}],"about":[{"href":"https:\/\/comandogeraldanoticia.com.br\/index.php\/wp-json\/wp\/v2\/types\/post"}],"author":[{"embeddable":true,"href":"https:\/\/comandogeraldanoticia.com.br\/index.php\/wp-json\/wp\/v2\/users\/5"}],"replies":[{"embeddable":true,"href":"https:\/\/comandogeraldanoticia.com.br\/index.php\/wp-json\/wp\/v2\/comments?post=74135"}],"version-history":[{"count":1,"href":"https:\/\/comandogeraldanoticia.com.br\/index.php\/wp-json\/wp\/v2\/posts\/74135\/revisions"}],"predecessor-version":[{"id":74137,"href":"https:\/\/comandogeraldanoticia.com.br\/index.php\/wp-json\/wp\/v2\/posts\/74135\/revisions\/74137"}],"wp:featuredmedia":[{"embeddable":true,"href":"https:\/\/comandogeraldanoticia.com.br\/index.php\/wp-json\/wp\/v2\/media\/74136"}],"wp:attachment":[{"href":"https:\/\/comandogeraldanoticia.com.br\/index.php\/wp-json\/wp\/v2\/media?parent=74135"}],"wp:term":[{"taxonomy":"category","embeddable":true,"href":"https:\/\/comandogeraldanoticia.com.br\/index.php\/wp-json\/wp\/v2\/categories?post=74135"},{"taxonomy":"post_tag","embeddable":true,"href":"https:\/\/comandogeraldanoticia.com.br\/index.php\/wp-json\/wp\/v2\/tags?post=74135"}],"curies":[{"name":"wp","href":"https:\/\/api.w.org\/{rel}","templated":true}]}}