{"id":74132,"date":"2026-03-11T01:56:45","date_gmt":"2026-03-11T01:56:45","guid":{"rendered":"https:\/\/comandogeraldanoticia.com.br\/?p=74132"},"modified":"2026-03-11T01:56:46","modified_gmt":"2026-03-11T01:56:46","slug":"issm-participa-do-8o-congresso-brasileiro-de-investimentos-dos-rpps","status":"publish","type":"post","link":"https:\/\/comandogeraldanoticia.com.br\/index.php\/2026\/03\/11\/issm-participa-do-8o-congresso-brasileiro-de-investimentos-dos-rpps\/","title":{"rendered":"ISSM participa do 8\u00ba Congresso Brasileiro de Investimentos dos RPPS"},"content":{"rendered":"\n<p><br>Representantes do Instituto de Seguridade do Servidor Municipal de Cama\u00e7ari (ISSM) participaram do 8\u00ba Congresso Brasileiro de Investimentos dos Regimes Pr\u00f3prios de Previd\u00eancia Social (RPPS), que reuniu especialistas, gestores e profissionais de sistemas previdenci\u00e1rios exclusivos para servidores p\u00fablicos de todo o pa\u00eds para debater tend\u00eancias, desafios e boas pr\u00e1ticas relacionadas \u00e0 gest\u00e3o de investimentos.<\/p>\n\n\n\n<p>A programa\u00e7\u00e3o do evento incluiu palestras, pain\u00e9is e debates sobre cen\u00e1rio econ\u00f4mico, estrat\u00e9gias de aloca\u00e7\u00e3o de recursos, governan\u00e7a, sustentabilidade nos investimentos e mudan\u00e7as regulat\u00f3rias que impactam o RPPS. Na oportunidade, o instituto foi representado pela diretora-superintendente Dulce Nazar\u00e9, al\u00e9m da controladora interna Elma Carvalho e dos membros do Comit\u00ea de Investimentos do ISSM, Henrique Rocha, que preside o colegiado, Diego Magalh\u00e3es e Luciano Lopes.<\/p>\n\n\n\n<p>Entre as atividades do congresso, a diretora-superintendente do instituto destacou a palestra sobre sustentabilidade nos investimentos, que abordou a integra\u00e7\u00e3o de crit\u00e9rios ambientais, sociais e de governan\u00e7a nas decis\u00f5es de aplica\u00e7\u00e3o dos recursos previdenci\u00e1rios. \u201cEssa atividade foi particularmente impactante, pois ressaltou a import\u00e2ncia de integrar crit\u00e9rios de ESG [Ambiental, Social e Governan\u00e7a] nas decis\u00f5es de investimento, algo que considero crucial para o futuro. Al\u00e9m disso, a participa\u00e7\u00e3o do ISSM no congresso permite que adotemos melhores estrat\u00e9gias de investimento, resultando em uma gest\u00e3o mais eficiente dos recursos. Isso se traduz em benef\u00edcios diretos para os segurados, garantindo mais seguran\u00e7a e rentabilidade nos fundos\u201d, concluiu Dulce Nazar\u00e9.<\/p>\n\n\n\n<p>De acordo com Henrique Rocha, a participa\u00e7\u00e3o no evento contribui para o aprimoramento cont\u00ednuo da gest\u00e3o dos recursos do ISSM, refor\u00e7ando o compromisso com a seguran\u00e7a, a transpar\u00eancia e a busca pelos melhores resultados para os segurados do munic\u00edpio. \u201cO congresso foi extremamente relevante para os gestores de RPPS, proporcionando atualiza\u00e7\u00e3o t\u00e9cnica e troca de experi\u00eancias entre especialistas, gestores e autoridades do setor, com destaque para os impactos da entrada em vigor da Resolu\u00e7\u00e3o do Conselho Monet\u00e1rio Nacional (CMN) n.\u00ba 5.272\/2025, que traz mudan\u00e7as e aperfei\u00e7oamentos no marco regulat\u00f3rio dos investimentos dos regimes pr\u00f3prios\u201d, explicou o presidente do comit\u00ea.<\/p>\n\n\n\n<p>Para Elma Carvalho, o congresso ocorreu em um momento de transi\u00e7\u00e3o importante para o RPPS, especialmente ap\u00f3s mudan\u00e7as recentes na legisla\u00e7\u00e3o. \u201cA participa\u00e7\u00e3o do Controle Interno do ISSM em eventos de investimento n\u00e3o \u00e9 apenas recomend\u00e1vel, \u00e9 uma salvaguarda institucional. O setor de investimentos \u00e9 a \u00e1rea de maior risco fiscal e jur\u00eddico de um regime pr\u00f3prio. Por isso, \u00e9 fundamental compreender os produtos financeiros discutidos e acompanhar se a execu\u00e7\u00e3o est\u00e1 de acordo com a Pol\u00edtica de Investimentos\u201d, afirmou a controladora interna do instituto.<\/p>\n\n\n\n<p>Promovido pela Associa\u00e7\u00e3o Brasileira de Institui\u00e7\u00f5es de Previd\u00eancia Estaduais e Municipais (Abipem), o 8\u00ba Congresso Brasileiro de Investimentos dos RPPS aconteceu entre os dias 4 a 6 de mar\u00e7o, em Florian\u00f3polis (SC).&nbsp;<\/p>\n","protected":false},"excerpt":{"rendered":"<p>Representantes do Instituto de Seguridade do Servidor Municipal de Cama\u00e7ari (ISSM) participaram do 8\u00ba Congresso Brasileiro de Investimentos dos Regimes Pr\u00f3prios de Previd\u00eancia Social (RPPS), que reuniu especialistas, gestores e profissionais de sistemas previdenci\u00e1rios exclusivos para servidores p\u00fablicos de todo o pa\u00eds para debater tend\u00eancias, desafios e boas pr\u00e1ticas relacionadas \u00e0 gest\u00e3o de investimentos. A<\/p>\n","protected":false},"author":5,"featured_media":74133,"comment_status":"open","ping_status":"open","sticky":false,"template":"","format":"standard","meta":{"om_disable_all_campaigns":false,"_monsterinsights_skip_tracking":false,"_monsterinsights_sitenote_active":false,"_monsterinsights_sitenote_note":"","_monsterinsights_sitenote_category":0,"footnotes":""},"categories":[40],"tags":[],"class_list":{"0":"post-74132","1":"post","2":"type-post","3":"status-publish","4":"format-standard","5":"has-post-thumbnail","7":"category-camacari"},"_links":{"self":[{"href":"https:\/\/comandogeraldanoticia.com.br\/index.php\/wp-json\/wp\/v2\/posts\/74132","targetHints":{"allow":["GET"]}}],"collection":[{"href":"https:\/\/comandogeraldanoticia.com.br\/index.php\/wp-json\/wp\/v2\/posts"}],"about":[{"href":"https:\/\/comandogeraldanoticia.com.br\/index.php\/wp-json\/wp\/v2\/types\/post"}],"author":[{"embeddable":true,"href":"https:\/\/comandogeraldanoticia.com.br\/index.php\/wp-json\/wp\/v2\/users\/5"}],"replies":[{"embeddable":true,"href":"https:\/\/comandogeraldanoticia.com.br\/index.php\/wp-json\/wp\/v2\/comments?post=74132"}],"version-history":[{"count":1,"href":"https:\/\/comandogeraldanoticia.com.br\/index.php\/wp-json\/wp\/v2\/posts\/74132\/revisions"}],"predecessor-version":[{"id":74134,"href":"https:\/\/comandogeraldanoticia.com.br\/index.php\/wp-json\/wp\/v2\/posts\/74132\/revisions\/74134"}],"wp:featuredmedia":[{"embeddable":true,"href":"https:\/\/comandogeraldanoticia.com.br\/index.php\/wp-json\/wp\/v2\/media\/74133"}],"wp:attachment":[{"href":"https:\/\/comandogeraldanoticia.com.br\/index.php\/wp-json\/wp\/v2\/media?parent=74132"}],"wp:term":[{"taxonomy":"category","embeddable":true,"href":"https:\/\/comandogeraldanoticia.com.br\/index.php\/wp-json\/wp\/v2\/categories?post=74132"},{"taxonomy":"post_tag","embeddable":true,"href":"https:\/\/comandogeraldanoticia.com.br\/index.php\/wp-json\/wp\/v2\/tags?post=74132"}],"curies":[{"name":"wp","href":"https:\/\/api.w.org\/{rel}","templated":true}]}}