{"id":74128,"date":"2026-03-10T01:04:18","date_gmt":"2026-03-10T01:04:18","guid":{"rendered":"https:\/\/comandogeraldanoticia.com.br\/?p=74128"},"modified":"2026-03-10T01:04:19","modified_gmt":"2026-03-10T01:04:19","slug":"apos-ameaca-de-bomba-voo-da-latam-de-brasilia-a-sao-paulo-e-adiado","status":"publish","type":"post","link":"https:\/\/comandogeraldanoticia.com.br\/index.php\/2026\/03\/10\/apos-ameaca-de-bomba-voo-da-latam-de-brasilia-a-sao-paulo-e-adiado\/","title":{"rendered":"Ap\u00f3s amea\u00e7a de bomba, voo da Latam de Bras\u00edlia a S\u00e3o Paulo \u00e9 adiado"},"content":{"rendered":"\n<p>Foto: Marcelo Camargo\/Ag\u00eancia Brasil<\/p>\n\n\n\n<p><strong>Ap\u00f3s uma falsa amea\u00e7a de bomba, um avi\u00e3o da Latam que decolaria do Aeroporto de&nbsp;Bras\u00edlia, \u00e0s 9h55 desta segunda-feira (9), com destino ao aeroporto de Cumbica, em Guarulhos (SP), precisou ser inspecionado pela Pol\u00edcia Federal (PF). O voo LA4677 foi adiado para o per\u00edodo da tarde (14h04).<\/strong><img decoding=\"async\" src=\"https:\/\/agenciabrasil.ebc.com.br\/ebc.png?id=1681292&amp;o=node\"><img decoding=\"async\" src=\"https:\/\/agenciabrasil.ebc.com.br\/ebc.gif?id=1681292&amp;o=node\"><\/p>\n\n\n\n<p>Segundo a PF, ao receber o informe da Inframerica, empresa que administra o aeroporto de Bras\u00edlia, e da empresa a\u00e9rea, <strong>os protocolos de seguran\u00e7a foram acionados<\/strong>. Os passageiros e seus pertences foram imediatamente desembarcados, como \u00e9 previsto para situa\u00e7\u00f5es como essa.<\/p>\n\n\n\n<p>\u201cEquipes especializadas da PF realizaram inspe\u00e7\u00f5es na aeronave, bem como em passageiros e em bagagens, com o objetivo de verificar a exist\u00eancia de eventual risco \u00e0 opera\u00e7\u00e3o a\u00e9rea\u201d, explica&nbsp;a corpora\u00e7\u00e3o em nota \u00e0 imprensa.<\/p>\n\n\n\n<p><strong>A PF garantiu ainda que n\u00e3o foram identificados \u201criscos ou irregularidades\u201d na aeronave<\/strong>. Segundo a Inframerica, o avi\u00e3o foi liberado&nbsp;para o voo por volta das 13h e n\u00e3o houve impacto nas opera\u00e7\u00f5es do aeroporto.<\/p>\n\n\n\n<p>A Latam, tamb\u00e9m em nota, refor\u00e7ou que o voo at\u00e9 Cumbica ocorreu sem qualquer intercorr\u00eancia e que \u201cadota os mais elevados padr\u00f5es internacionais para garantir uma opera\u00e7\u00e3o segura a todos\u201d.<\/p>\n","protected":false},"excerpt":{"rendered":"<p>Foto: Marcelo Camargo\/Ag\u00eancia Brasil Ap\u00f3s uma falsa amea\u00e7a de bomba, um avi\u00e3o da Latam que decolaria do Aeroporto de&nbsp;Bras\u00edlia, \u00e0s 9h55 desta segunda-feira (9), com destino ao aeroporto de Cumbica, em Guarulhos (SP), precisou ser inspecionado pela Pol\u00edcia Federal (PF). O voo LA4677 foi adiado para o per\u00edodo da tarde (14h04). Segundo a PF, ao<\/p>\n","protected":false},"author":5,"featured_media":74129,"comment_status":"open","ping_status":"open","sticky":false,"template":"","format":"standard","meta":{"om_disable_all_campaigns":false,"_monsterinsights_skip_tracking":false,"_monsterinsights_sitenote_active":false,"_monsterinsights_sitenote_note":"","_monsterinsights_sitenote_category":0,"footnotes":""},"categories":[39],"tags":[],"class_list":{"0":"post-74128","1":"post","2":"type-post","3":"status-publish","4":"format-standard","5":"has-post-thumbnail","7":"category-brasil"},"_links":{"self":[{"href":"https:\/\/comandogeraldanoticia.com.br\/index.php\/wp-json\/wp\/v2\/posts\/74128","targetHints":{"allow":["GET"]}}],"collection":[{"href":"https:\/\/comandogeraldanoticia.com.br\/index.php\/wp-json\/wp\/v2\/posts"}],"about":[{"href":"https:\/\/comandogeraldanoticia.com.br\/index.php\/wp-json\/wp\/v2\/types\/post"}],"author":[{"embeddable":true,"href":"https:\/\/comandogeraldanoticia.com.br\/index.php\/wp-json\/wp\/v2\/users\/5"}],"replies":[{"embeddable":true,"href":"https:\/\/comandogeraldanoticia.com.br\/index.php\/wp-json\/wp\/v2\/comments?post=74128"}],"version-history":[{"count":1,"href":"https:\/\/comandogeraldanoticia.com.br\/index.php\/wp-json\/wp\/v2\/posts\/74128\/revisions"}],"predecessor-version":[{"id":74130,"href":"https:\/\/comandogeraldanoticia.com.br\/index.php\/wp-json\/wp\/v2\/posts\/74128\/revisions\/74130"}],"wp:featuredmedia":[{"embeddable":true,"href":"https:\/\/comandogeraldanoticia.com.br\/index.php\/wp-json\/wp\/v2\/media\/74129"}],"wp:attachment":[{"href":"https:\/\/comandogeraldanoticia.com.br\/index.php\/wp-json\/wp\/v2\/media?parent=74128"}],"wp:term":[{"taxonomy":"category","embeddable":true,"href":"https:\/\/comandogeraldanoticia.com.br\/index.php\/wp-json\/wp\/v2\/categories?post=74128"},{"taxonomy":"post_tag","embeddable":true,"href":"https:\/\/comandogeraldanoticia.com.br\/index.php\/wp-json\/wp\/v2\/tags?post=74128"}],"curies":[{"name":"wp","href":"https:\/\/api.w.org\/{rel}","templated":true}]}}