{"id":74125,"date":"2026-03-10T01:01:10","date_gmt":"2026-03-10T01:01:10","guid":{"rendered":"https:\/\/comandogeraldanoticia.com.br\/?p=74125"},"modified":"2026-03-10T01:01:11","modified_gmt":"2026-03-10T01:01:11","slug":"sobe-para-140-numero-de-casos-confirmados-de-mpox-no-pais-em-2026","status":"publish","type":"post","link":"https:\/\/comandogeraldanoticia.com.br\/index.php\/2026\/03\/10\/sobe-para-140-numero-de-casos-confirmados-de-mpox-no-pais-em-2026\/","title":{"rendered":"Sobe para 140 n\u00famero de casos confirmados de Mpox no pa\u00eds, em 2026"},"content":{"rendered":"\n<p>Foto:  Reuters\/Dado Ruvic\/proibida a reprodu\u00e7\u00e3o\/Ag\u00eancia Brasil<\/p>\n\n\n\n<p><strong>O n\u00famero de casos confirmados de Mpox no pa\u00eds subiu para 140 desde o in\u00edcio de 2026. <\/strong>N\u00e3o houve registro de mortes decorrentes da doen\u00e7a no per\u00edodo. Os casos suspeitos somam 539; al\u00e9m de 9 prov\u00e1veis. Os dados s\u00e3o do Minist\u00e9rio da Sa\u00fade e foram atualizados nesta segunda-feira (9).<img decoding=\"async\" src=\"https:\/\/agenciabrasil.ebc.com.br\/ebc.png?id=1681319&amp;o=node\"><img decoding=\"async\" src=\"https:\/\/agenciabrasil.ebc.com.br\/ebc.gif?id=1681319&amp;o=node\"><\/p>\n\n\n\n<p>Em janeiro, o n\u00famero de casos confirmados e prov\u00e1veis totalizou 68; em fevereiro, 70; e em mar\u00e7o, 11. <strong>No ano, o estado que mais registrou casos da doen\u00e7a foi S\u00e3o Paulo (93), seguido pelo Rio de Janeiro (18) e Rond\u00f4nia (11).<\/strong><\/p>\n\n\n\n<h2 class=\"wp-block-heading\">Mpox<\/h2>\n\n\n\n<p>A Mpox \u00e9 uma doen\u00e7a do mesmo g\u00eanero da var\u00edola humana, mas geralmente menos letal. <strong>Trata-se de uma doen\u00e7a zoon\u00f3tica viral em que a transmiss\u00e3o para humanos pode ocorrer por meio do contato com pessoas infectadas pelo Mpox v\u00edrus, materiais contaminados com o v\u00edrus, ou animais silvestres infectados.<\/strong><\/p>\n\n\n\n<p>Os sinais e sintomas, em geral, incluem erup\u00e7\u00e3o cut\u00e2nea ou les\u00f5es de pele, linfonodos inchados (\u00ednguas), febre, dor de cabe\u00e7a, dores no corpo, calafrio, e fraqueza.<\/p>\n\n\n\n<p>Pessoas com sintomas compat\u00edveis devem procurar uma unidade de sa\u00fade para avalia\u00e7\u00e3o. Recomenda-se evitar o contato pr\u00f3ximo com outras pessoas.<\/p>\n","protected":false},"excerpt":{"rendered":"<p>Foto: Reuters\/Dado Ruvic\/proibida a reprodu\u00e7\u00e3o\/Ag\u00eancia Brasil O n\u00famero de casos confirmados de Mpox no pa\u00eds subiu para 140 desde o in\u00edcio de 2026. N\u00e3o houve registro de mortes decorrentes da doen\u00e7a no per\u00edodo. Os casos suspeitos somam 539; al\u00e9m de 9 prov\u00e1veis. Os dados s\u00e3o do Minist\u00e9rio da Sa\u00fade e foram atualizados nesta segunda-feira (9).<\/p>\n","protected":false},"author":5,"featured_media":74126,"comment_status":"open","ping_status":"open","sticky":false,"template":"","format":"standard","meta":{"om_disable_all_campaigns":false,"_monsterinsights_skip_tracking":false,"_monsterinsights_sitenote_active":false,"_monsterinsights_sitenote_note":"","_monsterinsights_sitenote_category":0,"footnotes":""},"categories":[119],"tags":[],"class_list":{"0":"post-74125","1":"post","2":"type-post","3":"status-publish","4":"format-standard","5":"has-post-thumbnail","7":"category-saude"},"_links":{"self":[{"href":"https:\/\/comandogeraldanoticia.com.br\/index.php\/wp-json\/wp\/v2\/posts\/74125","targetHints":{"allow":["GET"]}}],"collection":[{"href":"https:\/\/comandogeraldanoticia.com.br\/index.php\/wp-json\/wp\/v2\/posts"}],"about":[{"href":"https:\/\/comandogeraldanoticia.com.br\/index.php\/wp-json\/wp\/v2\/types\/post"}],"author":[{"embeddable":true,"href":"https:\/\/comandogeraldanoticia.com.br\/index.php\/wp-json\/wp\/v2\/users\/5"}],"replies":[{"embeddable":true,"href":"https:\/\/comandogeraldanoticia.com.br\/index.php\/wp-json\/wp\/v2\/comments?post=74125"}],"version-history":[{"count":1,"href":"https:\/\/comandogeraldanoticia.com.br\/index.php\/wp-json\/wp\/v2\/posts\/74125\/revisions"}],"predecessor-version":[{"id":74127,"href":"https:\/\/comandogeraldanoticia.com.br\/index.php\/wp-json\/wp\/v2\/posts\/74125\/revisions\/74127"}],"wp:featuredmedia":[{"embeddable":true,"href":"https:\/\/comandogeraldanoticia.com.br\/index.php\/wp-json\/wp\/v2\/media\/74126"}],"wp:attachment":[{"href":"https:\/\/comandogeraldanoticia.com.br\/index.php\/wp-json\/wp\/v2\/media?parent=74125"}],"wp:term":[{"taxonomy":"category","embeddable":true,"href":"https:\/\/comandogeraldanoticia.com.br\/index.php\/wp-json\/wp\/v2\/categories?post=74125"},{"taxonomy":"post_tag","embeddable":true,"href":"https:\/\/comandogeraldanoticia.com.br\/index.php\/wp-json\/wp\/v2\/tags?post=74125"}],"curies":[{"name":"wp","href":"https:\/\/api.w.org\/{rel}","templated":true}]}}