{"id":74122,"date":"2026-03-10T00:56:43","date_gmt":"2026-03-10T00:56:43","guid":{"rendered":"https:\/\/comandogeraldanoticia.com.br\/?p=74122"},"modified":"2026-03-10T00:56:44","modified_gmt":"2026-03-10T00:56:44","slug":"programa-universidade-para-todos-vai-ofertar-mais-de-20-mil-vagas-em-2026-2","status":"publish","type":"post","link":"https:\/\/comandogeraldanoticia.com.br\/index.php\/2026\/03\/10\/programa-universidade-para-todos-vai-ofertar-mais-de-20-mil-vagas-em-2026-2\/","title":{"rendered":"Programa Universidade Para Todos vai ofertar mais de 20 mil vagas em 2026"},"content":{"rendered":"\n<p><strong>Foto: Danilo Oliveira\/UNEB<\/strong><\/p>\n\n\n\n<hr class=\"wp-block-separator has-alpha-channel-opacity\"\/>\n\n\n\n<p>As inscri\u00e7\u00f5es para o Programa Universidade Para Todos (UPT) come\u00e7am nesta ter\u00e7a-feira (10) e prosseguem at\u00e9 19 de mar\u00e7o, exclusivamente pelo endere\u00e7o eletr\u00f4nico&nbsp;<em><strong><a href=\"http:\/\/upt.educacao.ba.gov.br\/\" target=\"_blank\" rel=\"noreferrer noopener\">upt.educacao.ba.gov.br<\/a><\/strong><\/em>, conforme publica\u00e7\u00e3o no Di\u00e1rio Oficial do Estado deste s\u00e1bado (7). Em 2026, o UPT ofertar\u00e1 20.110 vagas nos 27 Territ\u00f3rios de Identidade da Bahia, distribu\u00eddas em 231 munic\u00edpios, com a oferta das atividades em 384 polos de funcionamento. As aulas come\u00e7am em 6 de abril, com o suporte de profissionais das \u00e1reas administrativa, pedag\u00f3gica e de monitoramento. Nesta edi\u00e7\u00e3o do programa, o Governo da Bahia est\u00e1 investindo R$ 20 milh\u00f5es.<br><br>Pode participar do UPT o estudante da rede p\u00fablica da Bahia que estiver regularmente matriculado, em 2026, no 3\u00ba ano do Ensino M\u00e9dio regular e suas modalidades correspondentes; no 4\u00ba ano da Educa\u00e7\u00e3o Profissional integrada ao Ensino M\u00e9dio ou suas modalidades correspondentes na rede estadual ou egressos do Ensino M\u00e9dio estadual e\/ou municipal do Estado. Os interessados em concorrer a uma vaga no programa dever\u00e3o, no ato da inscri\u00e7\u00e3o, selecionar o munic\u00edpio, o turno e a modalidade de oferta das aulas, bem como o local de funcionamento, podendo se inscrever em at\u00e9 duas op\u00e7\u00f5es de vagas. A sele\u00e7\u00e3o ser\u00e1 por sorteio eletr\u00f4nico, atrav\u00e9s do sistema informatizado da Secretaria da Educa\u00e7\u00e3o do Estado (SEC), de modo aleat\u00f3rio e equitativo.<br><br>De car\u00e1ter classificat\u00f3rio, o sorteio ocorrer\u00e1 no dia 24 de mar\u00e7o, acompanhado por representantes das universidades parceiras, do N\u00facleo de Atos, da Superintend\u00eancia de Educa\u00e7\u00e3o Profissional e Tecnol\u00f3gica, da Superintend\u00eancia de Pol\u00edticas para Educa\u00e7\u00e3o B\u00e1sica e da Coordena\u00e7\u00e3o de Gest\u00e3o Organizacional, que atuar\u00e3o como testemunhas do procedimento, garantindo a lisura e a transpar\u00eancia do processo. Ser\u00e3o matriculados automaticamente os candidatos selecionados e classificados que atenderem aos requisitos do programa, conforme edital, levando em considera\u00e7\u00e3o as op\u00e7\u00f5es formuladas no ato da inscri\u00e7\u00e3o, quanto ao munic\u00edpio, ao turno e \u00e0 modalidade de oferta. O resultado do sorteio ser\u00e1 divulgado em 31 de mar\u00e7o e poder\u00e1 ser conferido no link&nbsp;<a href=\"http:\/\/upt.educacao.ba.gov.br\/\" target=\"_blank\" rel=\"noreferrer noopener\">upt.educacao.ba.gov.br<\/a>.<br><br><strong>Pol\u00edtica de acesso ao Ensino Superior<\/strong><br><br>Voltado ao fortalecimento da pol\u00edtica de acesso ao Ensino Superior, o UPT \u00e9 composto por tr\u00eas etapas independentes e complementares. S\u00e3o elas: mobiliza\u00e7\u00e3o de inscri\u00e7\u00e3o para os processos do Exame Nacional de Ensino Superior (ENEM), do Sistema de Avalia\u00e7\u00e3o da Educa\u00e7\u00e3o B\u00e1sica (SAEB), dos exames de vestibular e demais formas de ingresso \u00e0 universidade; fortalecimento das aprendizagens e a prepara\u00e7\u00e3o do estudante; e forma\u00e7\u00e3o inicial e continuada de estudantes universit\u00e1rios para o exerc\u00edcio da doc\u00eancia.<br><br>As a\u00e7\u00f5es pedag\u00f3gicas do UPT se d\u00e3o por meio de aulas de segunda a sexta- feira e est\u00e3o relacionadas aos componentes curriculares de Portugu\u00eas, Reda\u00e7\u00e3o, Literatura, Matem\u00e1tica, F\u00edsica, Qu\u00edmica, Biologia, Hist\u00f3ria, Geografia, L\u00edngua Estrangeira (Ingl\u00eas ou Espanhol), ofertados e desenvolvidos pelas institui\u00e7\u00f5es p\u00fablicas de Ensino Superior parceiras: universidades estaduais da Bahia (UNEB), de Santa Cruz (UESC), de Feira de Santana (UEFS) e do Sudoeste Baiano (UESB), al\u00e9m das universidades federais do Rec\u00f4ncavo Baiano (UFRB), do Sul da Bahia (UFSB), do Oeste Baiano (UFOB) e da Bahia (UFBA). &nbsp;<\/p>\n","protected":false},"excerpt":{"rendered":"<p>Foto: Danilo Oliveira\/UNEB As inscri\u00e7\u00f5es para o Programa Universidade Para Todos (UPT) come\u00e7am nesta ter\u00e7a-feira (10) e prosseguem at\u00e9 19 de mar\u00e7o, exclusivamente pelo endere\u00e7o eletr\u00f4nico&nbsp;upt.educacao.ba.gov.br, conforme publica\u00e7\u00e3o no Di\u00e1rio Oficial do Estado deste s\u00e1bado (7). Em 2026, o UPT ofertar\u00e1 20.110 vagas nos 27 Territ\u00f3rios de Identidade da Bahia, distribu\u00eddas em 231 munic\u00edpios, com<\/p>\n","protected":false},"author":5,"featured_media":74123,"comment_status":"open","ping_status":"open","sticky":false,"template":"","format":"standard","meta":{"om_disable_all_campaigns":false,"_monsterinsights_skip_tracking":false,"_monsterinsights_sitenote_active":false,"_monsterinsights_sitenote_note":"","_monsterinsights_sitenote_category":0,"footnotes":""},"categories":[44],"tags":[],"class_list":{"0":"post-74122","1":"post","2":"type-post","3":"status-publish","4":"format-standard","5":"has-post-thumbnail","7":"category-example-6"},"_links":{"self":[{"href":"https:\/\/comandogeraldanoticia.com.br\/index.php\/wp-json\/wp\/v2\/posts\/74122","targetHints":{"allow":["GET"]}}],"collection":[{"href":"https:\/\/comandogeraldanoticia.com.br\/index.php\/wp-json\/wp\/v2\/posts"}],"about":[{"href":"https:\/\/comandogeraldanoticia.com.br\/index.php\/wp-json\/wp\/v2\/types\/post"}],"author":[{"embeddable":true,"href":"https:\/\/comandogeraldanoticia.com.br\/index.php\/wp-json\/wp\/v2\/users\/5"}],"replies":[{"embeddable":true,"href":"https:\/\/comandogeraldanoticia.com.br\/index.php\/wp-json\/wp\/v2\/comments?post=74122"}],"version-history":[{"count":1,"href":"https:\/\/comandogeraldanoticia.com.br\/index.php\/wp-json\/wp\/v2\/posts\/74122\/revisions"}],"predecessor-version":[{"id":74124,"href":"https:\/\/comandogeraldanoticia.com.br\/index.php\/wp-json\/wp\/v2\/posts\/74122\/revisions\/74124"}],"wp:featuredmedia":[{"embeddable":true,"href":"https:\/\/comandogeraldanoticia.com.br\/index.php\/wp-json\/wp\/v2\/media\/74123"}],"wp:attachment":[{"href":"https:\/\/comandogeraldanoticia.com.br\/index.php\/wp-json\/wp\/v2\/media?parent=74122"}],"wp:term":[{"taxonomy":"category","embeddable":true,"href":"https:\/\/comandogeraldanoticia.com.br\/index.php\/wp-json\/wp\/v2\/categories?post=74122"},{"taxonomy":"post_tag","embeddable":true,"href":"https:\/\/comandogeraldanoticia.com.br\/index.php\/wp-json\/wp\/v2\/tags?post=74122"}],"curies":[{"name":"wp","href":"https:\/\/api.w.org\/{rel}","templated":true}]}}