{"id":74119,"date":"2026-03-10T00:54:14","date_gmt":"2026-03-10T00:54:14","guid":{"rendered":"https:\/\/comandogeraldanoticia.com.br\/?p=74119"},"modified":"2026-03-10T00:54:15","modified_gmt":"2026-03-10T00:54:15","slug":"sec-publica-portaria-sobre-licenca-premio-para-docentes-da-rede-estadual","status":"publish","type":"post","link":"https:\/\/comandogeraldanoticia.com.br\/index.php\/2026\/03\/10\/sec-publica-portaria-sobre-licenca-premio-para-docentes-da-rede-estadual\/","title":{"rendered":"SEC publica portaria sobre licen\u00e7a-pr\u00eamio para docentes da rede estadual"},"content":{"rendered":"\n<p>Foto: Viviane Mac\u00eado<\/p>\n\n\n\n<p>A Secretaria da Educa\u00e7\u00e3o do Estado da Bahia (SEC) publicou, neste s\u00e1bado (7), portaria que disp\u00f5e sobre a concess\u00e3o de licen\u00e7a-pr\u00eamio em pec\u00fania e o afastamento para frui\u00e7\u00e3o destinada aos professores da carreira do Magist\u00e9rio P\u00fablico Estadual dos ensinos Fundamental e M\u00e9dio. Para o primeiro semestre de 2026, foram disponibilizadas at\u00e9 1.000 licen\u00e7as para convers\u00e3o em pec\u00fania e 200 para frui\u00e7\u00e3o, destinadas a docentes efetivos da rede estadual. Os interessados dever\u00e3o realizar os pedidos, exclusivamente, pelo Portal de Servi\u00e7os do RH Bahia, dispon\u00edvel no link https:\/\/rhbahia.ba.gov.br\/login, entre os dias 9 e 11 de mar\u00e7o.<\/p>\n\n\n\n<p>A licen\u00e7a-pr\u00eamio \u00e9 um direito funcional concedido ap\u00f3s cinco anos de efetivo e ininterrupto exerc\u00edcio no servi\u00e7o p\u00fablico, podendo corresponder a at\u00e9 tr\u00eas meses de afastamento remunerado. A convers\u00e3o em pec\u00fania ocorre quando o afastamento do professor pode comprometer o funcionamento da unidade escolar ou o cumprimento do calend\u00e1rio letivo, medida que busca garantir o direito do servidor ao benef\u00edcio sem prejudicar a continuidade das atividades pedag\u00f3gicas.<\/p>\n\n\n\n<p>De acordo com o cronograma estabelecido, a lista classificat\u00f3ria ser\u00e1 publicada at\u00e9 18 de mar\u00e7o, com per\u00edodo para interposi\u00e7\u00e3o de recursos nos dias 19 e 20. O resultado final est\u00e1 previsto para 25 de mar\u00e7o, data a partir da qual poder\u00e1 ocorrer a concess\u00e3o do benef\u00edcio.<\/p>\n\n\n\n<p>Entre os crit\u00e9rios de prioridade para concess\u00e3o est\u00e3o maior tempo de servi\u00e7o no Estado, n\u00e3o ter sido beneficiado com a convers\u00e3o em pec\u00fania h\u00e1 pelo menos um ano e estar em efetiva reg\u00eancia de classe. O processo \u00e9 realizado pela Secretaria da Educa\u00e7\u00e3o do Estado, com participa\u00e7\u00e3o da Superintend\u00eancia de Recursos Humanos (SUDEPE), da Coordena\u00e7\u00e3o de Afastamentos Tempor\u00e1rios (CAT), dos N\u00facleos Territoriais de Educa\u00e7\u00e3o (NTEs) e das unidades escolares da rede estadual.<\/p>\n\n\n\n<p>A SEC prev\u00ea a abertura de novo per\u00edodo para concess\u00e3o de licen\u00e7as-pr\u00eamio para frui\u00e7\u00e3o e convers\u00e3o em pec\u00fania no segundo semestre de 2026, ampliando as oportunidades para os docentes da rede estadual.<\/p>\n","protected":false},"excerpt":{"rendered":"<p>Foto: Viviane Mac\u00eado A Secretaria da Educa\u00e7\u00e3o do Estado da Bahia (SEC) publicou, neste s\u00e1bado (7), portaria que disp\u00f5e sobre a concess\u00e3o de licen\u00e7a-pr\u00eamio em pec\u00fania e o afastamento para frui\u00e7\u00e3o destinada aos professores da carreira do Magist\u00e9rio P\u00fablico Estadual dos ensinos Fundamental e M\u00e9dio. Para o primeiro semestre de 2026, foram disponibilizadas at\u00e9 1.000<\/p>\n","protected":false},"author":5,"featured_media":74120,"comment_status":"open","ping_status":"open","sticky":false,"template":"","format":"standard","meta":{"om_disable_all_campaigns":false,"_monsterinsights_skip_tracking":false,"_monsterinsights_sitenote_active":false,"_monsterinsights_sitenote_note":"","_monsterinsights_sitenote_category":0,"footnotes":""},"categories":[44],"tags":[],"class_list":{"0":"post-74119","1":"post","2":"type-post","3":"status-publish","4":"format-standard","5":"has-post-thumbnail","7":"category-example-6"},"_links":{"self":[{"href":"https:\/\/comandogeraldanoticia.com.br\/index.php\/wp-json\/wp\/v2\/posts\/74119","targetHints":{"allow":["GET"]}}],"collection":[{"href":"https:\/\/comandogeraldanoticia.com.br\/index.php\/wp-json\/wp\/v2\/posts"}],"about":[{"href":"https:\/\/comandogeraldanoticia.com.br\/index.php\/wp-json\/wp\/v2\/types\/post"}],"author":[{"embeddable":true,"href":"https:\/\/comandogeraldanoticia.com.br\/index.php\/wp-json\/wp\/v2\/users\/5"}],"replies":[{"embeddable":true,"href":"https:\/\/comandogeraldanoticia.com.br\/index.php\/wp-json\/wp\/v2\/comments?post=74119"}],"version-history":[{"count":1,"href":"https:\/\/comandogeraldanoticia.com.br\/index.php\/wp-json\/wp\/v2\/posts\/74119\/revisions"}],"predecessor-version":[{"id":74121,"href":"https:\/\/comandogeraldanoticia.com.br\/index.php\/wp-json\/wp\/v2\/posts\/74119\/revisions\/74121"}],"wp:featuredmedia":[{"embeddable":true,"href":"https:\/\/comandogeraldanoticia.com.br\/index.php\/wp-json\/wp\/v2\/media\/74120"}],"wp:attachment":[{"href":"https:\/\/comandogeraldanoticia.com.br\/index.php\/wp-json\/wp\/v2\/media?parent=74119"}],"wp:term":[{"taxonomy":"category","embeddable":true,"href":"https:\/\/comandogeraldanoticia.com.br\/index.php\/wp-json\/wp\/v2\/categories?post=74119"},{"taxonomy":"post_tag","embeddable":true,"href":"https:\/\/comandogeraldanoticia.com.br\/index.php\/wp-json\/wp\/v2\/tags?post=74119"}],"curies":[{"name":"wp","href":"https:\/\/api.w.org\/{rel}","templated":true}]}}