{"id":74115,"date":"2026-03-10T00:50:46","date_gmt":"2026-03-10T00:50:46","guid":{"rendered":"https:\/\/comandogeraldanoticia.com.br\/?p=74115"},"modified":"2026-03-10T00:50:46","modified_gmt":"2026-03-10T00:50:46","slug":"alta-do-petroleo-mobiliza-potencias-do-g7-em-meio-a-guerra-no-ira","status":"publish","type":"post","link":"https:\/\/comandogeraldanoticia.com.br\/index.php\/2026\/03\/10\/alta-do-petroleo-mobiliza-potencias-do-g7-em-meio-a-guerra-no-ira\/","title":{"rendered":"Alta do petr\u00f3leo mobiliza pot\u00eancias do G7 em meio \u00e0 guerra no Ir\u00e3"},"content":{"rendered":"\n<p><strong>Foto: T\u00e2nia R\u00eago\/Ag\u00eancia Brasil<\/strong><\/p>\n\n\n\n<p>O aumento do pre\u00e7o do barril de petr\u00f3leo vem mobilizando as pot\u00eancias ocidentais reunidas no G7, grupo dos pa\u00edses mais industrializados do mundo.&nbsp;Os ministros das finan\u00e7as do grupo se reuniram, nesta segunda-feira (9), para discutir medidas contra a&nbsp;disparada dos pre\u00e7os&nbsp;no mercado mundial. &nbsp;<img decoding=\"async\" src=\"https:\/\/agenciabrasil.ebc.com.br\/ebc.png?id=1681277&amp;o=node\"><img decoding=\"async\" src=\"https:\/\/agenciabrasil.ebc.com.br\/ebc.gif?id=1681277&amp;o=node\"><\/p>\n\n\n\n<p>Por enquanto, as&nbsp;pot\u00eancias decidiram n\u00e3o liberar as reservas de emerg\u00eancia para for\u00e7ar a queda dos pre\u00e7os. O barril chegou a quase US$ 120, maior valor desde o in\u00edcio da guerra na Ucr\u00e2nia, em 2022.&nbsp;Houve um aumento de at\u00e9 30% desde o in\u00edcio da guerra no Ir\u00e3 e do fechamento do Estreito de Ormuz.<\/p>\n\n\n\n<p>As pot\u00eancias do G7 \u2013 Fran\u00e7a, Alemanha, Estados Unidos (EUA), It\u00e1lia, Jap\u00e3o, Canad\u00e1 e Reino Unido \u2013&nbsp;discutiram a libera\u00e7\u00e3o das reservas estimadas em 1,2 bilh\u00e3o de barris de petr\u00f3leo, al\u00e9m de&nbsp;600 milh\u00f5es mantidos por obriga\u00e7\u00e3o governamental.<\/p>\n\n\n\n<p>O fechamento do Estreito de Ormuz pelo Ir\u00e3, por onde transitam cerca de 25% do petr\u00f3leo mundial, tem abalado os mercados financeiros, com bolsas caindo em todo o mundo.<\/p>\n\n\n\n<p>As retalia\u00e7\u00f5es de Teer\u00e3 contra alvos nos pa\u00edses do Golfo P\u00e9rsico tamb\u00e9m contribu\u00edram para reduzir a oferta no mercado de grandes produtores como Bahrein e Catar.<\/p>\n\n\n\n<p>\u201cAl\u00e9m dos desafios da travessia do Estreito de Ormuz, uma parcela substancial da produ\u00e7\u00e3o de petr\u00f3leo foi reduzida. Isso est\u00e1 criando riscos significativos e crescentes para o mercado\u201d, afirmou&nbsp;o diretor executivo da Ag\u00eancia Internacional de Energia (AIE), Fatih Birol.<\/p>\n\n\n\n<p>A diretora t\u00e9cnica do Instituto de Estudos Estrat\u00e9gicos em Petr\u00f3leo (Ineep), Ticiana \u00c1lvares, destacou \u00e0&nbsp;Ag\u00eancia Brasil&nbsp;que o mercado projetava, para 2026, um pre\u00e7o m\u00e9dio em torno dos US$ 70 o barril.<\/p>\n\n\n\n<p>\u201cOs mais impactados imediatamente devem ser, nessa ordem, \u00c1sia e Europa. S\u00f3 que, se o conflito se mantiver, se aprofundar, a tend\u00eancia \u00e9 que haja um impacto global de maiores repercuss\u00f5es\u201d, comentou.<\/p>\n\n\n\n<p>A AIE estima que 80% do petr\u00f3leo que transitou pelo Estreito de Ormuz, em 2025, foi com destino \u00e0 \u00c1sia. \u201cNo entanto, os impactos de uma interrup\u00e7\u00e3o prolongada no transporte mar\u00edtimo seriam globais\u201d, disse&nbsp;a ag\u00eancia internacional.<\/p>\n\n\n\n<h2 class=\"wp-block-heading\">Petrobras pode se beneficiar<\/h2>\n\n\n\n<p>Ticiana \u00c1lvares acrescentou que a Petrobras pode se beneficiar como alternativa \u00e0 queda da oferta do \u00f3leo do Oriente M\u00e9dio e estima que a China pode \u201csegurar\u201d o n\u00e3o fornecimento do Ir\u00e3 por cerca de dois meses.<\/p>\n\n\n\n<p>\u201cA pr\u00f3pria geografia do fornecimento do petr\u00f3leo vai ser impactada. O Brasil pode ser uma alternativa para o fornecimento de muita gente, elevando ainda mais a produ\u00e7\u00e3o no Brasil. Os EUA tamb\u00e9m s\u00e3o grandes fornecedores de petr\u00f3leo, principalmente de derivados\u201d, completou Ticiana.<\/p>\n\n\n\n<h2 class=\"wp-block-heading\">Libera\u00e7\u00e3o dos estoques<\/h2>\n\n\n\n<p>Apesar dos riscos para o mercado global, os pa\u00edses do G7 decidiram n\u00e3o liberar, por enquanto, os estoques de emerg\u00eancia, o que poderia derrubar os pre\u00e7os.<\/p>\n\n\n\n<p>\u201cAinda n\u00e3o chegamos l\u00e1 [na libera\u00e7\u00e3o das reservas]. O que acordamos foi usar todas as ferramentas necess\u00e1rias, se preciso for, para estabilizar o mercado, incluindo a poss\u00edvel libera\u00e7\u00e3o dos estoques necess\u00e1rios\u201d, disse \u00e0 Reuters o ministro da Economia franc\u00eas, Rolando Lescure.<\/p>\n\n\n\n<p><\/p>\n\n\n\n<p>Para a especialista do Ineep, os estoques da AIE n\u00e3o conseguem segurar o pre\u00e7o por muito tempo. \u201cA medida estudada pelo G7 teria efic\u00e1cia pequena porque isso sustenta por um tempo muito pequeno uma maior oferta de petr\u00f3leo\u201d, disse Ticiana.<\/p>\n\n\n\n<h2 class=\"wp-block-heading\">Ir\u00e3 responsabiliza EUA e Israel<\/h2>\n\n\n\n<p>Autoridades iranianas destacam que a alta dos pre\u00e7os \u00e9 responsabilidade dos EUA e de Israel, que iniciaram a agress\u00e3o contra Teer\u00e3, conforme afirmou o presidente do Legislativo, Mohammad Bagher (MB) Ghalibaf.<\/p>\n\n\n\n<p>\u201cO impacto econ\u00f4mico dessa guerra, que se alastra para a infraestrutura em toda a regi\u00e3o e no mundo, ser\u00e1 vasto e duradouro. O pre\u00e7o do petr\u00f3leo pode permanecer acima de US$ 100&nbsp;por algum tempo. A pol\u00edtica de Donald Trump pode levar \u00e0 ru\u00edna n\u00e3o s\u00f3 a Am\u00e9rica, mas o mundo inteiro\u201d, comentou MB em uma rede social.<\/p>\n\n\n\n<p>Por sua vez, o presidente dos EUA, Donald Trump, disse que a subida do valor do barril de petr\u00f3leo \u00e9 um pre\u00e7o \u201cmuito pequeno\u201d a se pagar \u201cpela seguran\u00e7a e paz dos EUA e do mundo&#8221;. &#8220;S\u00f3 os tolos pensariam diferente\u201d, afirmou. Para Trump, os pre\u00e7os cair\u00e3o assim que a \u201camea\u00e7a\u201d do Ir\u00e3 for eliminada.<\/p>\n\n\n\n<h2 class=\"wp-block-heading\">Fran\u00e7a vai ao Mar Vermelho<\/h2>\n\n\n\n<p>O&nbsp;presidente da Fran\u00e7a, Emmanuel Macron,&nbsp;informou que o pa\u00eds enviar\u00e1 uma d\u00fazia de navios de guerra e um porta-avi\u00f5es para o Mar Vermelho na tentativa de possibilitar \u201ca livre navega\u00e7\u00e3o e seguran\u00e7a mar\u00edtima\u201d perto do Estreito de Ormuz, fechado pelo Ir\u00e3, em uma opera\u00e7\u00e3o \u201cpuramente defensiva\u201d.<\/p>\n\n\n\n<p>O chanceler alem\u00e3o,&nbsp;Friedrich&nbsp;Merz,&nbsp;tamb\u00e9m manifestou preocupa\u00e7\u00e3o com o aumento do pre\u00e7o da energia, com o governo de Berlim estudando a regula\u00e7\u00e3o mais rigorosa para empresas petrol\u00edferas por meio de limites ao reajuste de pre\u00e7os, segundo informa a m\u00eddia alem\u00e3 Deutschlandfunk.<\/p>\n\n\n\n<h2 class=\"wp-block-heading\">Brasil e a infla\u00e7\u00e3o<\/h2>\n\n\n\n<p>Apesar de a Petrobras poder se beneficiar da queda na oferta de petr\u00f3leo do Oriente M\u00e9dio, o Brasil pode sofrer com uma infla\u00e7\u00e3o global ou com uma recess\u00e3o mundial, caso a guerra se prolongue por muito tempo.<\/p>\n\n\n\n<p>Especialista do Ineep,&nbsp;Ticiana \u00c1lvares pondera, por outro lado, que a Petrobras teria condi\u00e7\u00f5es de amortecer o impacto do aumento dos pre\u00e7os dos combust\u00edveis.<\/p>\n\n\n\n<p>\u201cA Petrobras tem condi\u00e7\u00f5es de segurar a varia\u00e7\u00e3o do pre\u00e7o de importa\u00e7\u00e3o de derivados. \u00c9 poss\u00edvel amortecer os efeitos dessa alta nas bombas de gasolina, pelo menos por um tempo, aqui internamente no Brasil\u201d, disse.<\/p>\n\n\n\n<p>Por\u00e9m, a especialista lembra que o amortecimento dos pre\u00e7os \u00e9 limitado uma vez que o Brasil \u00e9 importador&nbsp;de produtos derivados do petr\u00f3leo, como gasolina e diesel, e&nbsp;hoje&nbsp;tem v\u00e1rias refinarias privadas.<\/p>\n\n\n\n<p>\u201cA refinaria da Bahia, a Rlam, foi privatizada. Logo, voc\u00ea tem menos mecanismos de segurar o pre\u00e7o dessas refinarias que foram privatizadas do que, por exemplo, a Petrobras tem\u201d, finalizou.<\/p>\n\n\n\n<p>Fonte: Ag\u00eancia Brasil.<\/p>\n","protected":false},"excerpt":{"rendered":"<p>Foto: T\u00e2nia R\u00eago\/Ag\u00eancia Brasil O aumento do pre\u00e7o do barril de petr\u00f3leo vem mobilizando as pot\u00eancias ocidentais reunidas no G7, grupo dos pa\u00edses mais industrializados do mundo.&nbsp;Os ministros das finan\u00e7as do grupo se reuniram, nesta segunda-feira (9), para discutir medidas contra a&nbsp;disparada dos pre\u00e7os&nbsp;no mercado mundial. &nbsp; Por enquanto, as&nbsp;pot\u00eancias decidiram n\u00e3o liberar as reservas<\/p>\n","protected":false},"author":5,"featured_media":74116,"comment_status":"open","ping_status":"open","sticky":false,"template":"","format":"standard","meta":{"om_disable_all_campaigns":false,"_monsterinsights_skip_tracking":false,"_monsterinsights_sitenote_active":false,"_monsterinsights_sitenote_note":"","_monsterinsights_sitenote_category":0,"footnotes":""},"categories":[43],"tags":[],"class_list":{"0":"post-74115","1":"post","2":"type-post","3":"status-publish","4":"format-standard","5":"has-post-thumbnail","7":"category-economia"},"_links":{"self":[{"href":"https:\/\/comandogeraldanoticia.com.br\/index.php\/wp-json\/wp\/v2\/posts\/74115","targetHints":{"allow":["GET"]}}],"collection":[{"href":"https:\/\/comandogeraldanoticia.com.br\/index.php\/wp-json\/wp\/v2\/posts"}],"about":[{"href":"https:\/\/comandogeraldanoticia.com.br\/index.php\/wp-json\/wp\/v2\/types\/post"}],"author":[{"embeddable":true,"href":"https:\/\/comandogeraldanoticia.com.br\/index.php\/wp-json\/wp\/v2\/users\/5"}],"replies":[{"embeddable":true,"href":"https:\/\/comandogeraldanoticia.com.br\/index.php\/wp-json\/wp\/v2\/comments?post=74115"}],"version-history":[{"count":2,"href":"https:\/\/comandogeraldanoticia.com.br\/index.php\/wp-json\/wp\/v2\/posts\/74115\/revisions"}],"predecessor-version":[{"id":74118,"href":"https:\/\/comandogeraldanoticia.com.br\/index.php\/wp-json\/wp\/v2\/posts\/74115\/revisions\/74118"}],"wp:featuredmedia":[{"embeddable":true,"href":"https:\/\/comandogeraldanoticia.com.br\/index.php\/wp-json\/wp\/v2\/media\/74116"}],"wp:attachment":[{"href":"https:\/\/comandogeraldanoticia.com.br\/index.php\/wp-json\/wp\/v2\/media?parent=74115"}],"wp:term":[{"taxonomy":"category","embeddable":true,"href":"https:\/\/comandogeraldanoticia.com.br\/index.php\/wp-json\/wp\/v2\/categories?post=74115"},{"taxonomy":"post_tag","embeddable":true,"href":"https:\/\/comandogeraldanoticia.com.br\/index.php\/wp-json\/wp\/v2\/tags?post=74115"}],"curies":[{"name":"wp","href":"https:\/\/api.w.org\/{rel}","templated":true}]}}