{"id":74111,"date":"2026-03-10T00:45:43","date_gmt":"2026-03-10T00:45:43","guid":{"rendered":"https:\/\/comandogeraldanoticia.com.br\/?p=74111"},"modified":"2026-03-10T00:47:24","modified_gmt":"2026-03-10T00:47:24","slug":"estimativas-do-mercado-para-inflacao-e-pib-ficam-estaveis","status":"publish","type":"post","link":"https:\/\/comandogeraldanoticia.com.br\/index.php\/2026\/03\/10\/estimativas-do-mercado-para-inflacao-e-pib-ficam-estaveis\/","title":{"rendered":"Estimativas do mercado para infla\u00e7\u00e3o e PIB ficam est\u00e1veis"},"content":{"rendered":"\n<p>Foto: Reprodu\u00e7\u00e3o<\/p>\n\n\n\n<p>As previs\u00f5es do mercado financeiro para os principais indicadores econ\u00f4micos em 2026 \u2013 a expans\u00e3o da economia e o \u00edndice de infla\u00e7\u00e3o &#8211; ficaram est\u00e1veis na edi\u00e7\u00e3o desta segunda-feira (9) do Boletim Focus. A pesquisa com institui\u00e7\u00f5es financeiras \u00e9 divulgada semanalmente pelo Banco Central (BC).<\/p>\n\n\n\n<p>A estimativa para o crescimento da economia brasileira este ano permaneceu em 1,82%. Para 2027, a proje\u00e7\u00e3o para o Produto Interno Bruto (PIB, a soma dos bens e servi\u00e7os produzidos no pa\u00eds) ficou em 1,8%. Para 2028 e 2029, o mercado financeiro estima expans\u00e3o do PIB em 2%, para os dois anos.<\/p>\n\n\n\n<p>Em 2025, a economia brasileira cresceu 2,3%, de acordo com o Instituto Brasileiro de Geografia e Estat\u00edstica (IBGE). Com expans\u00e3o em todos os setores e destaque para a agropecu\u00e1ria, o resultado representa o quinto ano seguido de crescimento.<br>Nesta edi\u00e7\u00e3o do Boletim Focus, a previs\u00e3o da cota\u00e7\u00e3o do d\u00f3lar est\u00e1 em R$ 5,41 para o fim deste ano. No fim de 2027, estima-se que a moeda norte-americana fique em R$ 5,50.<br>Infla\u00e7\u00e3o<\/p>\n\n\n\n<p>A previs\u00e3o do mercado financeiro para o \u00cdndice Nacional de Pre\u00e7os ao Consumidor Amplo (IPCA) \u2013 considerada a infla\u00e7\u00e3o oficial do pa\u00eds \u2013 permaneceu em 3,91% para este ano. Para 2027, a proje\u00e7\u00e3o da infla\u00e7\u00e3o passou de 3,79% para 3,8%. Para 2028 e 2029, as previs\u00f5es s\u00e3o de 3,5%, para ambos os anos.<\/p>\n\n\n\n<p>A estimativa para a varia\u00e7\u00e3o de pre\u00e7os em 2026 se mant\u00e9m dentro do intervalo da meta que deve ser perseguida pelo BC. Definida pelo Conselho Monet\u00e1rio Nacional (CMN), a meta \u00e9 de 3%, com intervalo de toler\u00e2ncia de 1,5 ponto percentual para cima ou para baixo. Ou seja, o limite inferior \u00e9 1,5% e o superior, 4,5%.<\/p>\n\n\n\n<p>Em janeiro, a alta dos pre\u00e7os da conta de luz e da gasolina fez a infla\u00e7\u00e3o oficial do m\u00eas fechar em 0,33%, mesmo patamar de dezembro. De acordo com o IBGE, o resultado levou o IPCA a acumular alta de 4,44% em 2025.<\/p>\n\n\n\n<p>A infla\u00e7\u00e3o de fevereiro ser\u00e1 divulgada na pr\u00f3xima quinta-feira (12) pelo instituto.<br>Juros b\u00e1sicos<\/p>\n\n\n\n<p>Para alcan\u00e7ar a meta de infla\u00e7\u00e3o, o Banco Central usa como principal instrumento a taxa b\u00e1sica de juros (Selic), definida atualmente em 15% ao ano pelo Comit\u00ea de Pol\u00edtica Monet\u00e1ria (Copom) do BC. Apesar do recuo da infla\u00e7\u00e3o e do d\u00f3lar, o colegiado n\u00e3o interferiu nos juros pela quinta vez seguida, na \u00faltima reuni\u00e3o, no fim de janeiro.<br><\/p>\n\n\n\n<p>A taxa est\u00e1 no maior n\u00edvel desde julho de 2006, quando se situou em 15,25% ao ano. Em ata, o Copom confirmou que come\u00e7ar\u00e1 a reduzir os juros na reuni\u00e3o de mar\u00e7o, caso a infla\u00e7\u00e3o se mantenha sob controle e n\u00e3o haja surpresas no cen\u00e1rio econ\u00f4mico. Ainda assim, os juros ser\u00e3o mantidos em n\u00edveis restritivos.<\/p>\n\n\n\n<p>A estimativa dos analistas de mercado para a taxa b\u00e1sica foi elevada nesta edi\u00e7\u00e3o do Boletim Focus \u2013 de 12% ao ano para 12,13% ao ano, at\u00e9 o final de 2026. Para 2027 e 2028, a previs\u00e3o \u00e9 que a Selic seja reduzida novamente para 10,5% ao ano e 10% ao ano, respectivamente. Em 2029, a taxa deve chegar a 9,5% ao ano.<\/p>\n\n\n\n<p>Quando o Copom aumenta a Selic, a finalidade \u00e9 conter a demanda aquecida; isso causa reflexos nos pre\u00e7os porque os juros mais altos encarecem o cr\u00e9dito e estimulam a poupan\u00e7a. Assim, taxas mais altas tamb\u00e9m podem dificultar a expans\u00e3o da economia. Os bancos ainda consideram outros fatores na hora de definir os juros cobrados dos consumidores, como risco de inadimpl\u00eancia, lucro e despesas administrativas.<\/p>\n\n\n\n<p>Quando a Taxa Selic \u00e9 reduzida a tend\u00eancia \u00e9 que o cr\u00e9dito fique mais barato, com incentivo \u00e0 produ\u00e7\u00e3o e ao consumo, diminuindo o controle sobre a infla\u00e7\u00e3o e estimulando a atividade econ\u00f4mica.<\/p>\n\n\n\n<p>Fonte: Ag\u00eancia Brasil<\/p>\n","protected":false},"excerpt":{"rendered":"<p>Foto: Reprodu\u00e7\u00e3o As previs\u00f5es do mercado financeiro para os principais indicadores econ\u00f4micos em 2026 \u2013 a expans\u00e3o da economia e o \u00edndice de infla\u00e7\u00e3o &#8211; ficaram est\u00e1veis na edi\u00e7\u00e3o desta segunda-feira (9) do Boletim Focus. A pesquisa com institui\u00e7\u00f5es financeiras \u00e9 divulgada semanalmente pelo Banco Central (BC). A estimativa para o crescimento da economia brasileira<\/p>\n","protected":false},"author":5,"featured_media":74112,"comment_status":"open","ping_status":"open","sticky":false,"template":"","format":"standard","meta":{"om_disable_all_campaigns":false,"_monsterinsights_skip_tracking":false,"_monsterinsights_sitenote_active":false,"_monsterinsights_sitenote_note":"","_monsterinsights_sitenote_category":0,"footnotes":""},"categories":[43],"tags":[],"class_list":{"0":"post-74111","1":"post","2":"type-post","3":"status-publish","4":"format-standard","5":"has-post-thumbnail","7":"category-economia"},"_links":{"self":[{"href":"https:\/\/comandogeraldanoticia.com.br\/index.php\/wp-json\/wp\/v2\/posts\/74111","targetHints":{"allow":["GET"]}}],"collection":[{"href":"https:\/\/comandogeraldanoticia.com.br\/index.php\/wp-json\/wp\/v2\/posts"}],"about":[{"href":"https:\/\/comandogeraldanoticia.com.br\/index.php\/wp-json\/wp\/v2\/types\/post"}],"author":[{"embeddable":true,"href":"https:\/\/comandogeraldanoticia.com.br\/index.php\/wp-json\/wp\/v2\/users\/5"}],"replies":[{"embeddable":true,"href":"https:\/\/comandogeraldanoticia.com.br\/index.php\/wp-json\/wp\/v2\/comments?post=74111"}],"version-history":[{"count":1,"href":"https:\/\/comandogeraldanoticia.com.br\/index.php\/wp-json\/wp\/v2\/posts\/74111\/revisions"}],"predecessor-version":[{"id":74113,"href":"https:\/\/comandogeraldanoticia.com.br\/index.php\/wp-json\/wp\/v2\/posts\/74111\/revisions\/74113"}],"wp:featuredmedia":[{"embeddable":true,"href":"https:\/\/comandogeraldanoticia.com.br\/index.php\/wp-json\/wp\/v2\/media\/74112"}],"wp:attachment":[{"href":"https:\/\/comandogeraldanoticia.com.br\/index.php\/wp-json\/wp\/v2\/media?parent=74111"}],"wp:term":[{"taxonomy":"category","embeddable":true,"href":"https:\/\/comandogeraldanoticia.com.br\/index.php\/wp-json\/wp\/v2\/categories?post=74111"},{"taxonomy":"post_tag","embeddable":true,"href":"https:\/\/comandogeraldanoticia.com.br\/index.php\/wp-json\/wp\/v2\/tags?post=74111"}],"curies":[{"name":"wp","href":"https:\/\/api.w.org\/{rel}","templated":true}]}}