{"id":74108,"date":"2026-03-10T00:34:30","date_gmt":"2026-03-10T00:34:30","guid":{"rendered":"https:\/\/comandogeraldanoticia.com.br\/?p=74108"},"modified":"2026-03-10T00:34:31","modified_gmt":"2026-03-10T00:34:31","slug":"com-ramaphosa-lula-afirma-que-africa-do-sul-e-brasil-lutam-por-equilibrio-na-ordem-global","status":"publish","type":"post","link":"https:\/\/comandogeraldanoticia.com.br\/index.php\/2026\/03\/10\/com-ramaphosa-lula-afirma-que-africa-do-sul-e-brasil-lutam-por-equilibrio-na-ordem-global\/","title":{"rendered":"Com Ramaphosa, Lula afirma que \u00c1frica do Sul e Brasil lutam por equil\u00edbrio na ordem global"},"content":{"rendered":"\n<p>Ag\u00eancia Gov | Via Planalto<\/p>\n\n\n\n<p>O presidente Luiz In\u00e1cio Lula da Silva recebeu, nesta segunda-feira, 9 de mar\u00e7o, no Pal\u00e1cio do Planalto, o presidente da \u00c1frica do Sul, Cyril Ramaphosa, durante visita de Estado ao Brasil. A agenda teve como foco o fortalecimento da parceria bilateral e a aproxima\u00e7\u00e3o entre os dois pa\u00edses, com discuss\u00f5es voltadas \u00e0 amplia\u00e7\u00e3o do com\u00e9rcio, dos investimentos e da coopera\u00e7\u00e3o em diferentes \u00e1reas.<\/p>\n\n\n\n<p>Em declara\u00e7\u00e3o \u00e0 imprensa, o presidente Lula ressaltou que os dois pa\u00edses possuem uma parceria estrat\u00e9gica e que pretendem aumentar a aproxima\u00e7\u00e3o entre os dois continentes. \u201c\u00c1frica do Sul e Brasil atuam para aproximar nossos continentes. Somos parceiros no Brics, no IBAS e no G20. Compartilhamos a luta por uma ordem global mais equilibrada e representativa, baseada no direito internacional e no multilateralismo\u201d, afirmou.<\/p>\n\n\n\n<p>Lula destacou que os dois governos est\u00e3o empenhados em ampliar o com\u00e9rcio bilateral, que permanece em torno de US$ 2 bilh\u00f5es por ano h\u00e1 cerca de duas d\u00e9cadas.&nbsp;<\/p>\n\n\n\n<blockquote class=\"wp-block-quote is-layout-flow wp-block-quote-is-layout-flow\">\n<p>A \u00c1frica do Sul \u00e9 o pa\u00eds mais industrializado do continente africano, n\u00f3s somos o mais industrializado da Am\u00e9rica Latina. Portanto, n\u00e3o existe nenhuma explica\u00e7\u00e3o pol\u00edtica para que a gente n\u00e3o tenha um com\u00e9rcio acima de 10 bilh\u00f5es de d\u00f3lares. Alguma coisa est\u00e1 faltando na nossa rela\u00e7\u00e3o, querido companheiro\u201d, destacou.<\/p>\n<\/blockquote>\n\n\n\n<p>Para avan\u00e7ar nessa agenda, foram discutidas medidas para estimular investimentos, fortalecer a coopera\u00e7\u00e3o empresarial e ampliar parcerias em \u00e1reas como agroneg\u00f3cio, turismo, defesa e transi\u00e7\u00e3o energ\u00e9tica.<\/p>\n\n\n\n<p>\u201cNo agroneg\u00f3cio, queremos avan\u00e7ar no compartilhamento de boas pr\u00e1ticas e colaborar em mat\u00e9ria de sa\u00fade animal por meio do Grupo de Trabalho de coopera\u00e7\u00e3o agr\u00edcola. A promulga\u00e7\u00e3o, pelo Brasil, do Acordo sobre Coopera\u00e7\u00e3o em Assuntos relativos \u00e0 Defesa abrir\u00e1 a possibilidade de novos projetos conjuntos. A \u00c1frica do Sul, que j\u00e1 \u00e9 destino de aeronaves da Embraer no continente africano, tamb\u00e9m poder\u00e1 se tornar um mercado relevante para a ind\u00fastria de defesa\u201d, disse o presidente Lula.<\/p>\n\n\n\n<blockquote class=\"wp-block-quote is-layout-flow wp-block-quote-is-layout-flow\">\n<p>Tive uma \u00f3tima reuni\u00e3o com o presidente <a href=\"https:\/\/twitter.com\/CyrilRamaphosa?ref_src=twsrc%5Etfw\">@CyrilRamaphosa<\/a> nesta segunda (9). Conversamos sobre temas bilaterais, regionais e multilaterais. Assinamos acordos que v\u00e3o fortalecer nossos elos econ\u00f4micos, comerciais e pol\u00edticos. Este encontro amplia nossa parceria e estreita ainda mais\u2026 <a href=\"https:\/\/t.co\/zxMm1DT2R7\">pic.twitter.com\/zxMm1DT2R7<\/a> \u2014 Lula (@LulaOficial) <a href=\"https:\/\/twitter.com\/LulaOficial\/status\/2031063278625976742?ref_src=twsrc%5Etfw\">March 9, 2026<\/a><\/p>\n<\/blockquote>\n\n\n\n<p><strong>ATOS ASSINADOS \u2014<\/strong> Durante a agenda, foram firmados dois atos de coopera\u00e7\u00e3o entre Brasil e \u00c1frica do Sul. Um deles foi o Plano de A\u00e7\u00e3o para implementa\u00e7\u00e3o do Memorando de Entendimento sobre Coopera\u00e7\u00e3o em Turismo. O plano atualiza os objetivos de coopera\u00e7\u00e3o em turismo de seus respectivos pa\u00edses para o per\u00edodo de 2026 a 2029, com foco na promo\u00e7\u00e3o da coopera\u00e7\u00e3o, interc\u00e2mbio de informa\u00e7\u00f5es, treinamento e assist\u00eancia t\u00e9cnica em turismo.<\/p>\n\n\n\n<p>Leia tamb\u00e9m:<br><a href=\"https:\/\/agenciagov.ebc.com.br\/noticias\/202603\/alckmin-defende-mais-comercio-e-integracao-produtiva-entre-brasil-e-africa-do-sul\">Alckmin defende mais com\u00e9rcio e integra\u00e7\u00e3o produtiva entre Brasil e \u00c1frica do Sul<\/a><\/p>\n\n\n\n<p>Tamb\u00e9m foi assinado o Memorando de Entendimento sobre Com\u00e9rcio e Investimentos entre ApexBrasil e o Departamento de Com\u00e9rcio, Ind\u00fastria e Concorr\u00eancia da Rep\u00fablica da \u00c1frica do Sul, para promover o interc\u00e2mbio de informa\u00e7\u00f5es, o com\u00e9rcio e o investimento sustent\u00e1vel entre os dois pa\u00edses.<\/p>\n\n\n\n<p>\u201cEu acho que essa visita do presidente Ramaphosa vai permitir que a gente repense a nossa atua\u00e7\u00e3o para a \u00c1frica do Sul, porque n\u00f3s temos muita similaridade, n\u00f3s temos muito o que aprender e o que ensinar para a \u00c1frica do Sul, n\u00f3s temos coisas na \u00e1rea da energia. O Brasil tem expertise em energia renov\u00e1vel e pode trocar experi\u00eancias com a \u00c1frica do Sul\u201d, registrou Lula.<\/p>\n\n\n\n<blockquote class=\"wp-block-quote is-layout-flow wp-block-quote-is-layout-flow\">\n<p>Presidente Lula e o presidente da \u00c1frica do Sul na assinatura de atos e declara\u00e7\u00e3o \u00e0 imprensa <a href=\"https:\/\/t.co\/uf3CxYia70\">https:\/\/t.co\/uf3CxYia70<\/a> \u2014 Lula (@LulaOficial) <a href=\"https:\/\/twitter.com\/LulaOficial\/status\/2031039476957647180?ref_src=twsrc%5Etfw\">March 9, 2026<\/a><\/p>\n<\/blockquote>\n\n\n\n<p><strong>LA\u00c7OS FORTALECIDOS \u2014<\/strong> O presidente sul-africano tamb\u00e9m afirmou que a visita de Estado tem como objetivo fortalecer as bases da parceria em \u00e1reas como com\u00e9rcio, investimentos, pesquisa e coopera\u00e7\u00e3o empresarial, al\u00e9m de incentivar maior integra\u00e7\u00e3o entre os setores produtivos dos dois pa\u00edses. Esta \u00e9 a quarta vez que o l\u00edder sul-africano vem ao pa\u00eds, mas a primeira em car\u00e1ter de visita de Estado.<\/p>\n\n\n\n<p>\u201cN\u00f3s vemos o Brasil como parceiro estrat\u00e9gico de muitas formas e valorizamos a sua coopera\u00e7\u00e3o em uma s\u00e9rie de \u00e1reas e quest\u00f5es. A \u00c1frica do Sul e o Brasil compartilham compromissos para a igualdade, crescimento econ\u00f4mico e a erradica\u00e7\u00e3o da pobreza. Esses valores compartilhados fornecem uma base fortalecida para continuar a construir iniciativas de benef\u00edcios m\u00fatuos que v\u00e3o avan\u00e7ar os nossos desenvolvimentos e as nossas prioridades\u201d, disse.<\/p>\n\n\n\n<p>Leia tamb\u00e9m:<br><a href=\"https:\/\/agenciagov.ebc.com.br\/noticias\/202603\/brasil-chega-a-29-818-empresas-exportadoras-maior-numero-da-serie-historica\">Brasil tem 29.818 empresas exportadoras, maior n\u00famero da s\u00e9rie hist\u00f3rica<\/a><\/p>\n\n\n\n<p>Para Ramaphosa, por serem as economias mais industrializadas de seus continentes, os dois pa\u00edses podem intensificar o com\u00e9rcio bilateral e aprofundar parcerias em diferentes \u00e1reas. \u201cTemos a certeza de que vamos fortalecer as bases dos dois pa\u00edses, com rela\u00e7\u00e3o ao com\u00e9rcio, investimentos e v\u00e1rias \u00e1reas que precisamos cooperar, investir, comercializar muito mais do que j\u00e1 fazemos\u201d, afirmou.<\/p>\n\n\n\n<figure class=\"wp-block-image\"><img decoding=\"async\" src=\"https:\/\/live.staticflickr.com\/65535\/55138298674_882136f065_h.jpg\" alt=\"09.03.2026 - Chegada do Presidente da Rep\u00fablica da \u00c1frica do Sul ao Pal\u00e1cio do Planalto\"\/><\/figure>\n\n\n\n<p><a href=\"https:\/\/www.flickr.com\/photos\/palaciodoplanalto\/albums\/72177720332448243\"><\/a><\/p>\n\n\n\n<p><strong>VISITAS \u2014<\/strong> No atual mandato, o presidente Lula viajou \u00e0 \u00c1frica do Sul duas vezes: em 2025, para a 20\u00aa Reuni\u00e3o de C\u00fapula do G20, e em 2023, para a 15\u00aa C\u00fapula do BRICS. Anteriormente, visitou o pa\u00eds africano em 2003, 2007 e 2010. Os dois pa\u00edses mant\u00eam parceria estrat\u00e9gica desde 2010.<\/p>\n\n\n\n<p><strong>BALAN\u00c7A COMERCIAL \u2014<\/strong> O fluxo comercial entre Brasil e \u00c1frica do Sul alcan\u00e7ou US$ 2,3 bilh\u00f5es em 2025. Os principais produtos brasileiros exportados foram carnes de aves e suas miudezas (16,2%); a\u00e7\u00facares e mela\u00e7os (8,3%) e ve\u00edculos rodovi\u00e1rios (6,9%). Os principais produtos importados pelo Brasil da \u00c1frica do Sul foram prata, platina e outros minerais do grupo da platina (53,9%).<\/p>\n","protected":false},"excerpt":{"rendered":"<p>Ag\u00eancia Gov | Via Planalto O presidente Luiz In\u00e1cio Lula da Silva recebeu, nesta segunda-feira, 9 de mar\u00e7o, no Pal\u00e1cio do Planalto, o presidente da \u00c1frica do Sul, Cyril Ramaphosa, durante visita de Estado ao Brasil. A agenda teve como foco o fortalecimento da parceria bilateral e a aproxima\u00e7\u00e3o entre os dois pa\u00edses, com discuss\u00f5es<\/p>\n","protected":false},"author":5,"featured_media":74109,"comment_status":"open","ping_status":"open","sticky":false,"template":"","format":"standard","meta":{"om_disable_all_campaigns":false,"_monsterinsights_skip_tracking":false,"_monsterinsights_sitenote_active":false,"_monsterinsights_sitenote_note":"","_monsterinsights_sitenote_category":0,"footnotes":""},"categories":[39],"tags":[],"class_list":{"0":"post-74108","1":"post","2":"type-post","3":"status-publish","4":"format-standard","5":"has-post-thumbnail","7":"category-brasil"},"_links":{"self":[{"href":"https:\/\/comandogeraldanoticia.com.br\/index.php\/wp-json\/wp\/v2\/posts\/74108","targetHints":{"allow":["GET"]}}],"collection":[{"href":"https:\/\/comandogeraldanoticia.com.br\/index.php\/wp-json\/wp\/v2\/posts"}],"about":[{"href":"https:\/\/comandogeraldanoticia.com.br\/index.php\/wp-json\/wp\/v2\/types\/post"}],"author":[{"embeddable":true,"href":"https:\/\/comandogeraldanoticia.com.br\/index.php\/wp-json\/wp\/v2\/users\/5"}],"replies":[{"embeddable":true,"href":"https:\/\/comandogeraldanoticia.com.br\/index.php\/wp-json\/wp\/v2\/comments?post=74108"}],"version-history":[{"count":1,"href":"https:\/\/comandogeraldanoticia.com.br\/index.php\/wp-json\/wp\/v2\/posts\/74108\/revisions"}],"predecessor-version":[{"id":74110,"href":"https:\/\/comandogeraldanoticia.com.br\/index.php\/wp-json\/wp\/v2\/posts\/74108\/revisions\/74110"}],"wp:featuredmedia":[{"embeddable":true,"href":"https:\/\/comandogeraldanoticia.com.br\/index.php\/wp-json\/wp\/v2\/media\/74109"}],"wp:attachment":[{"href":"https:\/\/comandogeraldanoticia.com.br\/index.php\/wp-json\/wp\/v2\/media?parent=74108"}],"wp:term":[{"taxonomy":"category","embeddable":true,"href":"https:\/\/comandogeraldanoticia.com.br\/index.php\/wp-json\/wp\/v2\/categories?post=74108"},{"taxonomy":"post_tag","embeddable":true,"href":"https:\/\/comandogeraldanoticia.com.br\/index.php\/wp-json\/wp\/v2\/tags?post=74108"}],"curies":[{"name":"wp","href":"https:\/\/api.w.org\/{rel}","templated":true}]}}