{"id":74101,"date":"2026-03-10T00:28:31","date_gmt":"2026-03-10T00:28:31","guid":{"rendered":"https:\/\/comandogeraldanoticia.com.br\/?p=74101"},"modified":"2026-03-10T00:28:32","modified_gmt":"2026-03-10T00:28:32","slug":"governo-investe-mais-de-r-92-milhoes-na-compra-de-veiculos-para-a-assistencia-social","status":"publish","type":"post","link":"https:\/\/comandogeraldanoticia.com.br\/index.php\/2026\/03\/10\/governo-investe-mais-de-r-92-milhoes-na-compra-de-veiculos-para-a-assistencia-social\/","title":{"rendered":"Governo investe mais de R$ 92 milh\u00f5es na compra de ve\u00edculos para a assist\u00eancia social"},"content":{"rendered":"\n<p>Ag\u00eancia Gov | Via MDS<\/p>\n\n\n\n<p>Ag\u00eancia Gov | Via MDS<\/p>\n\n\n\n<p>A Estrutura de Mobilidade do Sistema \u00danico de Assist\u00eancia Social (MobSUAS) foi fortalecida com 306 ve\u00edculos, entre 2023 e 2026. O investimento na a\u00e7\u00e3o foi de R$ 92,09 milh\u00f5es, por parte do Minist\u00e9rio do Desenvolvimento e Assist\u00eancia Social, Fam\u00edlia e Combate \u00e0 Fome (MDS).<\/p>\n\n\n\n<p>Os ve\u00edculos ampliam a capacidade de atendimento das equipes da assist\u00eancia social nos munic\u00edpios, assegurando o acesso a direitos de popula\u00e7\u00f5es em situa\u00e7\u00e3o de vulnerabilidade social que vivem em \u00e1reas rurais e localidades de dif\u00edcil acesso.<\/p>\n\n\n\n<p>\u201cO MobSUAS assegura o acesso a direitos, contribui para a supera\u00e7\u00e3o das vulnerabilidades e promove o fortalecimento da autonomia e do protagonismo das pessoas atendidas\u201d, destacou o ministro Wellington Dias.<\/p>\n\n\n\n<p>Por meio do MobSUAS, Governo do Brasil distribui micro-\u00f4nibus, vans e caminhonetes adaptados e com acessibilidade.<\/p>\n\n\n\n<p>&#8220;S\u00e3o ve\u00edculos que garantem que a unidade de atendimento social possa se deslocar at\u00e9 povoados e bairros mais distantes, atualizar o Cadastro \u00danico, incluir quem ainda n\u00e3o est\u00e1 inscrito e integrar pol\u00edticas como o Bolsa Fam\u00edlia e o Benef\u00edcio de Presta\u00e7\u00e3o Continuada (BPC)&#8221;, prosseguiu o titular do MDS.<\/p>\n\n\n\n<p>Desde 2023, a frota de ve\u00edculos entregue pelo MobSUAS foi de 229 vans, 28 micro-\u00f4nibus e 49 caminhonetes. O maior volume de recursos foi destinado na aquisi\u00e7\u00e3o das vans: R$ 70,05 milh\u00f5es. Os micro-\u00f4nibus somaram R$ 12,43 milh\u00f5es e as caminhonetes R$ 9,60 milh\u00f5es em investimentos.<\/p>\n\n\n\n<h4 class=\"wp-block-heading\"><strong>Distribui\u00e7\u00e3o por estado<\/strong><\/h4>\n\n\n\n<p>Os 306 ve\u00edculos foram distribu\u00eddos em 25 estados. O Amazonas lidera a lista, com 53 ve\u00edculos, sendo 42 caminhonetes, em um investimento de R$ 12,04 milh\u00f5es, refletindo as especificidades log\u00edsticas da regi\u00e3o.<\/p>\n\n\n\n<p>O Piau\u00ed recebeu 36 ve\u00edculos, com investimento de R$ 10,78 milh\u00f5es. Para Goi\u00e1s, foram destinados 29 ve\u00edculos, com aporte de R$ 9,10 milh\u00f5es, e para o Rio Grande do Norte, foram 27 vans, totalizando R$ 8,37 milh\u00f5es.<\/p>\n\n\n\n<p>Em seguida v\u00eam Minas Gerais, com 22 vans e R$ 6,73 milh\u00f5es, e Roraima, com 13 ve\u00edculos distribu\u00eddos entre vans, micro-\u00f4nibus e caminhonetes, somando R$ 3,36 milh\u00f5es.<\/p>\n\n\n\n<h4 class=\"wp-block-heading\"><strong>O que \u00e9 o MobSUAS<\/strong><\/h4>\n\n\n\n<p>O MobSUAS \u00e9 uma a\u00e7\u00e3o de aquisi\u00e7\u00e3o e doa\u00e7\u00e3o de ve\u00edculos no \u00e2mbito da assist\u00eancia social em todo o pa\u00eds, regida pela <strong><a href=\"https:\/\/www.mds.gov.br\/webarquivos\/legislacao\/assistencia_social\/portarias\/2018\/PORTARIA_N_2600.pdf\" rel=\"noreferrer noopener\" target=\"_blank\">Portaria n\u00ba 2.600\/2018\/MDS<\/a><\/strong> .<\/p>\n\n\n\n<p>Os ve\u00edculos podem ser destinados tanto a equipamentos p\u00fablicos estatais, como CRAS e CREAS, quanto a entidades n\u00e3o governamentais devidamente inscritas no Cadastro Nacional de Entidades de Assist\u00eancia Social (CNEAS).<\/p>\n\n\n\n<p>A a\u00e7\u00e3o fortalece a rede socioassistencial ao ampliar a capacidade de atendimento de forma proativa, protetiva e preventiva.<\/p>\n\n\n\n<p>Os ve\u00edculos s\u00e3o personalizados e identificados com a logo do MobSUAS. Eles facilitam o deslocamento de pessoas que moram longe dos equipamentos p\u00fablicos de assist\u00eancia social, como os Centros de Refer\u00eancia de Assist\u00eancia Social (CRAS) e os Centros de Refer\u00eancia Especializados de Assist\u00eancia Social (CREAS), ou que enfrentam dificuldades de transporte e locomo\u00e7\u00e3o.<\/p>\n\n\n\n<p><strong>Assessoria de Comunica\u00e7\u00e3o &#8211; MDS<\/strong><\/p>\n","protected":false},"excerpt":{"rendered":"<p>Ag\u00eancia Gov | Via MDS Ag\u00eancia Gov | Via MDS A Estrutura de Mobilidade do Sistema \u00danico de Assist\u00eancia Social (MobSUAS) foi fortalecida com 306 ve\u00edculos, entre 2023 e 2026. O investimento na a\u00e7\u00e3o foi de R$ 92,09 milh\u00f5es, por parte do Minist\u00e9rio do Desenvolvimento e Assist\u00eancia Social, Fam\u00edlia e Combate \u00e0 Fome (MDS). Os<\/p>\n","protected":false},"author":5,"featured_media":74102,"comment_status":"open","ping_status":"open","sticky":false,"template":"","format":"standard","meta":{"om_disable_all_campaigns":false,"_monsterinsights_skip_tracking":false,"_monsterinsights_sitenote_active":false,"_monsterinsights_sitenote_note":"","_monsterinsights_sitenote_category":0,"footnotes":""},"categories":[71],"tags":[],"class_list":{"0":"post-74101","1":"post","2":"type-post","3":"status-publish","4":"format-standard","5":"has-post-thumbnail","7":"category-politica"},"_links":{"self":[{"href":"https:\/\/comandogeraldanoticia.com.br\/index.php\/wp-json\/wp\/v2\/posts\/74101","targetHints":{"allow":["GET"]}}],"collection":[{"href":"https:\/\/comandogeraldanoticia.com.br\/index.php\/wp-json\/wp\/v2\/posts"}],"about":[{"href":"https:\/\/comandogeraldanoticia.com.br\/index.php\/wp-json\/wp\/v2\/types\/post"}],"author":[{"embeddable":true,"href":"https:\/\/comandogeraldanoticia.com.br\/index.php\/wp-json\/wp\/v2\/users\/5"}],"replies":[{"embeddable":true,"href":"https:\/\/comandogeraldanoticia.com.br\/index.php\/wp-json\/wp\/v2\/comments?post=74101"}],"version-history":[{"count":1,"href":"https:\/\/comandogeraldanoticia.com.br\/index.php\/wp-json\/wp\/v2\/posts\/74101\/revisions"}],"predecessor-version":[{"id":74103,"href":"https:\/\/comandogeraldanoticia.com.br\/index.php\/wp-json\/wp\/v2\/posts\/74101\/revisions\/74103"}],"wp:featuredmedia":[{"embeddable":true,"href":"https:\/\/comandogeraldanoticia.com.br\/index.php\/wp-json\/wp\/v2\/media\/74102"}],"wp:attachment":[{"href":"https:\/\/comandogeraldanoticia.com.br\/index.php\/wp-json\/wp\/v2\/media?parent=74101"}],"wp:term":[{"taxonomy":"category","embeddable":true,"href":"https:\/\/comandogeraldanoticia.com.br\/index.php\/wp-json\/wp\/v2\/categories?post=74101"},{"taxonomy":"post_tag","embeddable":true,"href":"https:\/\/comandogeraldanoticia.com.br\/index.php\/wp-json\/wp\/v2\/tags?post=74101"}],"curies":[{"name":"wp","href":"https:\/\/api.w.org\/{rel}","templated":true}]}}