{"id":74098,"date":"2026-03-10T00:24:10","date_gmt":"2026-03-10T00:24:10","guid":{"rendered":"https:\/\/comandogeraldanoticia.com.br\/?p=74098"},"modified":"2026-03-10T00:24:11","modified_gmt":"2026-03-10T00:24:11","slug":"plano-para-cidades-verdes-projeta-reciclagem-de-345-do-lixo-seco-hoje-e-so-182","status":"publish","type":"post","link":"https:\/\/comandogeraldanoticia.com.br\/index.php\/2026\/03\/10\/plano-para-cidades-verdes-projeta-reciclagem-de-345-do-lixo-seco-hoje-e-so-182\/","title":{"rendered":"Plano para &#8216;cidades verdes&#8217; projeta reciclagem de 34,5% do lixo seco; hoje, \u00e9 s\u00f3 1,82%"},"content":{"rendered":"\n<p>Ag\u00eancia Gov | Via MMA<\/p>\n\n\n\n<p>O Minist\u00e9rio do Meio Ambiente e Mudan\u00e7a do Clima (MMA) divulgou, na \u00faltima&nbsp;sexta-feira (6\/3), o texto-base do Programa Cidades Verdes Resilientes (PCVR),&nbsp;que estabelece diretrizes, metas e o Plano de A\u00e7\u00e3o Federal 2025-2026 para fortalecer a sustentabilidade e a adapta\u00e7\u00e3o clim\u00e1tica nas cidades brasileiras.&nbsp;&nbsp;<\/p>\n\n\n\n<p>\u201cA medida busca integrar planejamento urbano, mobilidade sustent\u00e1vel, gest\u00e3o de res\u00edduos, efici\u00eancia energ\u00e9tica e a prote\u00e7\u00e3o dos recursos naturais no ambiente urbano\u201d, ressaltou o secret\u00e1rio nacional de Meio Ambiente Urbano, Recursos H\u00eddricos e Qualidade Ambiental do MMA, Adalberto Maluf.&nbsp;<\/p>\n\n\n\n<p>O tratamento do lixo recolhido nas cidades \u00e9 um dos temas abordados no texto. Segundo m\u00e9trica adotada pelo MMA, a taxa de efetiva reciclagem \u00e9 baixa.<\/p>\n\n\n\n<p>&#8220;Elevar a taxa de recupera\u00e7\u00e3o de res\u00edduos recicl\u00e1veis secos e org\u00e2nicos em rela\u00e7\u00e3o \u00e0 quantidade total coletada de res\u00edduos s\u00f3lidos urbanos para 34,5% at\u00e9 2035, por meio da amplia\u00e7\u00e3o da coleta seletiva, fortalecimento das unidades de triagem e compostagem e promo\u00e7\u00e3o de incentivos \u00e0 reciclagem e ao manejo de res\u00edduos org\u00e2nicos&#8221;, diz trecho do documento. Que contrap\u00f5e, no trecho seguinte:<\/p>\n\n\n\n<p>&#8220;Apesar de estimativas extraoficiais que indicam um percentual maior de reciclagem de res\u00edduos, a meta adotou como linha de base a refer\u00eancia oficial do Sistema Nacional de Informa\u00e7\u00f5es sobre Saneamento, que indica que atualmente apenas 1,82% dos res\u00edduos recicl\u00e1veis secos e org\u00e2nicos s\u00e3o recuperados em rela\u00e7\u00e3o \u00e0 quantidade total coletada&#8221;.<\/p>\n\n\n\n<p><a href=\"https:\/\/in.gov.br\/en\/web\/dou\/-\/resolucao-cg-pcvr-n-2\/2026-690220721\" rel=\"noreferrer noopener\" target=\"_blank\">Acesse o texto-base<\/a><\/p>\n\n\n\n<h4 class=\"wp-block-heading\"><strong>Programa foi institu\u00eddo em 2024<\/strong><\/h4>\n\n\n\n<p>Institu\u00eddo em 2024 e coordenado pelo MMA, em parceria com o Minist\u00e9rio das Cidades e do Minist\u00e9rio da Ci\u00eancia, Tecnologia e Inova\u00e7\u00e3o (MCTI), o PCVR \u00e9 uma das respostas do Brasil \u00e0 emerg\u00eancia global do calor extremo urbano, que agrava desigualdades e intensifica o efeito das ilhas de calor. A abordagem do programa visa aumentar a qualidade ambiental e a resili\u00eancia urbana por meio de governan\u00e7a multin\u00edvel, Solu\u00e7\u00f5es baseadas na Natureza (SbN) e tecnologias eficientes.&nbsp;<\/p>\n\n\n\n<p>A&nbsp;resolu\u00e7\u00e3o&nbsp;aprovada pelo Comit\u00ea Gestor do Programa Cidades Verdes Resilientes (CG-PCVR) consolida os princ\u00edpios e eixos estrat\u00e9gicos da iniciativa e orienta a atua\u00e7\u00e3o da Uni\u00e3o em apoio a estados e munic\u00edpios. O documento tamb\u00e9m define metas nacionais e prioridades para os primeiros ciclos de implementa\u00e7\u00e3o do programa.&nbsp;<\/p>\n\n\n\n<p>O texto estabelece&nbsp;ainda&nbsp;metas voltadas \u00e0 melhoria da qualidade ambiental urbana, mobilidade urbana e ao fortalecimento da adapta\u00e7\u00e3o clim\u00e1tica nas cidades.&nbsp;<\/p>\n\n\n\n<p>Entre os objetivos previstos est\u00e1 a amplia\u00e7\u00e3o da cobertura vegetal em \u00e1reas urbanas, com meta de expans\u00e3o de 180 mil hectares at\u00e9 2035. O programa tamb\u00e9m busca fortalecer a arboriza\u00e7\u00e3o urbana, com a meta de que 57% da popula\u00e7\u00e3o viva em ruas com tr\u00eas ou mais \u00e1rvores, al\u00e9m de incentivar a ado\u00e7\u00e3o de solu\u00e7\u00f5es baseadas na natureza em 17,5% dos munic\u00edpios, com o objetivo de reduzir riscos clim\u00e1ticos e&nbsp;melhorar as condi\u00e7\u00f5es ambientais nas cidades.&nbsp;<\/p>\n\n\n\n<p>Outras metas incluem ampliar a capacidade adaptativa em 35% dos munic\u00edpios brasileiros e promover a ado\u00e7\u00e3o de tecnologias urbanas de baixo carbono em 30% das cidades. O programa tamb\u00e9m prev\u00ea a amplia\u00e7\u00e3o progressiva da mobilidade ativa \u2014 com incentivo a deslocamentos a p\u00e9 e por bicicleta \u2014, com metas de 34,5% at\u00e9 2030, 37% at\u00e9 2035, 39,5% at\u00e9 2040 e 44,5% at\u00e9 2050.&nbsp;<\/p>\n\n\n\n<p>O Plano de A\u00e7\u00e3o Federal 2025-2026 re\u00fane iniciativas voltadas \u00e0 articula\u00e7\u00e3o institucional, produ\u00e7\u00e3o de orienta\u00e7\u00f5es t\u00e9cnicas, capacita\u00e7\u00e3o de gestores p\u00fablicos e apoio \u00e0 elabora\u00e7\u00e3o de projetos. A estrat\u00e9gia tamb\u00e9m busca ampliar o acesso de estados e munic\u00edpios a financiamento para iniciativas urbanas sustent\u00e1veis.&nbsp;<\/p>\n\n\n\n<p>Leia tamb\u00e9m:<br><a href=\"https:\/\/agenciagov.ebc.com.br\/noticias\/202511\/brasil-lanca-plano-para-ampliar-arborizacao-em-areas-urbanas\">Meta do Meio Ambiente: a soma de duas S\u00e3o Paulo cobertas de \u00e1rvores at\u00e9 2045<\/a><\/p>\n\n\n\n<p>O diretor do Departamento de Meio Ambiente Urbano da SQA, Maur\u00edcio Guerra, destacou que as a\u00e7\u00f5es previstas buscam fortalecer a capacidade de estados e munic\u00edpios para implementar pol\u00edticas que integrem desenvolvimento urbano, prote\u00e7\u00e3o ambiental e enfrentamento da mudan\u00e7a do clima.&nbsp;&nbsp;<\/p>\n\n\n\n<p>\u201cO programa avan\u00e7a na estrutura\u00e7\u00e3o da governan\u00e7a e dos instrumentos necess\u00e1rios para apoiar a constru\u00e7\u00e3o de cidades mais verdes e resilientes. Estimulamos&nbsp;as entidades, sobretudo os governos subnacionais, a aderirem&nbsp;\u00e0&nbsp;Rede&nbsp;PCVR&nbsp;para acelerar&nbsp;resultados\u201d, afirmou.&nbsp;<\/p>\n\n\n\n<h4 class=\"wp-block-heading\"><strong>Ades\u00e3o ao programa<\/strong>&nbsp;<\/h4>\n\n\n\n<p>Estados, munic\u00edpios, cons\u00f3rcios p\u00fablicos e outras institui\u00e7\u00f5es podem formalizar a participa\u00e7\u00e3o por meio de manifesta\u00e7\u00e3o institucional e assinatura de termo de compromisso. A ades\u00e3o permite acesso a apoio t\u00e9cnico, capacita\u00e7\u00f5es, metodologias e oportunidades de articula\u00e7\u00e3o com parceiros nacionais e internacionais.&nbsp;As regras constam na&nbsp;Resolu\u00e7\u00e3o CG-PCVR n\u00ba 2\/2026, publicada no Di\u00e1rio Oficial da Uni\u00e3o.&nbsp;<\/p>\n\n\n\n<p>A iniciativa tamb\u00e9m prev\u00ea a forma\u00e7\u00e3o de uma rede de coopera\u00e7\u00e3o entre governos, institui\u00e7\u00f5es acad\u00eamicas, organiza\u00e7\u00f5es da sociedade civil e setor privado para fortalecer a implementa\u00e7\u00e3o de solu\u00e7\u00f5es urbanas sustent\u00e1veis.&nbsp;<\/p>\n\n\n\n<h4 class=\"wp-block-heading\"><strong>Governan\u00e7a<\/strong><\/h4>\n\n\n\n<p>O conjunto de resolu\u00e7\u00f5es inclui ainda a&nbsp;Resolu\u00e7\u00e3o CG-PCVR n\u00ba 3\/2026, que aprova o regimento interno do comit\u00ea gestor. O documento estabelece regras de funcionamento do colegiado respons\u00e1vel por coordenar o planejamento, a implementa\u00e7\u00e3o e o monitoramento das a\u00e7\u00f5es do PCVR.&nbsp;&nbsp;<\/p>\n\n\n\n<p>Entre as atribui\u00e7\u00f5es do comit\u00ea est\u00e3o a defini\u00e7\u00e3o de diretrizes estrat\u00e9gicas, a articula\u00e7\u00e3o entre pol\u00edticas p\u00fablicas e o acompanhamento das metas da iniciativa.&nbsp;<\/p>\n","protected":false},"excerpt":{"rendered":"<p>Ag\u00eancia Gov | Via MMA O Minist\u00e9rio do Meio Ambiente e Mudan\u00e7a do Clima (MMA) divulgou, na \u00faltima&nbsp;sexta-feira (6\/3), o texto-base do Programa Cidades Verdes Resilientes (PCVR),&nbsp;que estabelece diretrizes, metas e o Plano de A\u00e7\u00e3o Federal 2025-2026 para fortalecer a sustentabilidade e a adapta\u00e7\u00e3o clim\u00e1tica nas cidades brasileiras.&nbsp;&nbsp; \u201cA medida busca integrar planejamento urbano, mobilidade<\/p>\n","protected":false},"author":5,"featured_media":74088,"comment_status":"open","ping_status":"open","sticky":false,"template":"","format":"standard","meta":{"om_disable_all_campaigns":false,"_monsterinsights_skip_tracking":false,"_monsterinsights_sitenote_active":false,"_monsterinsights_sitenote_note":"","_monsterinsights_sitenote_category":0,"footnotes":""},"categories":[39],"tags":[],"class_list":{"0":"post-74098","1":"post","2":"type-post","3":"status-publish","4":"format-standard","5":"has-post-thumbnail","7":"category-brasil"},"_links":{"self":[{"href":"https:\/\/comandogeraldanoticia.com.br\/index.php\/wp-json\/wp\/v2\/posts\/74098","targetHints":{"allow":["GET"]}}],"collection":[{"href":"https:\/\/comandogeraldanoticia.com.br\/index.php\/wp-json\/wp\/v2\/posts"}],"about":[{"href":"https:\/\/comandogeraldanoticia.com.br\/index.php\/wp-json\/wp\/v2\/types\/post"}],"author":[{"embeddable":true,"href":"https:\/\/comandogeraldanoticia.com.br\/index.php\/wp-json\/wp\/v2\/users\/5"}],"replies":[{"embeddable":true,"href":"https:\/\/comandogeraldanoticia.com.br\/index.php\/wp-json\/wp\/v2\/comments?post=74098"}],"version-history":[{"count":1,"href":"https:\/\/comandogeraldanoticia.com.br\/index.php\/wp-json\/wp\/v2\/posts\/74098\/revisions"}],"predecessor-version":[{"id":74100,"href":"https:\/\/comandogeraldanoticia.com.br\/index.php\/wp-json\/wp\/v2\/posts\/74098\/revisions\/74100"}],"wp:featuredmedia":[{"embeddable":true,"href":"https:\/\/comandogeraldanoticia.com.br\/index.php\/wp-json\/wp\/v2\/media\/74088"}],"wp:attachment":[{"href":"https:\/\/comandogeraldanoticia.com.br\/index.php\/wp-json\/wp\/v2\/media?parent=74098"}],"wp:term":[{"taxonomy":"category","embeddable":true,"href":"https:\/\/comandogeraldanoticia.com.br\/index.php\/wp-json\/wp\/v2\/categories?post=74098"},{"taxonomy":"post_tag","embeddable":true,"href":"https:\/\/comandogeraldanoticia.com.br\/index.php\/wp-json\/wp\/v2\/tags?post=74098"}],"curies":[{"name":"wp","href":"https:\/\/api.w.org\/{rel}","templated":true}]}}