{"id":74094,"date":"2026-03-10T00:20:27","date_gmt":"2026-03-10T00:20:27","guid":{"rendered":"https:\/\/comandogeraldanoticia.com.br\/?p=74094"},"modified":"2026-03-10T00:20:39","modified_gmt":"2026-03-10T00:20:39","slug":"baianas-de-acaraje-recebem-certificados-de-qualificacao","status":"publish","type":"post","link":"https:\/\/comandogeraldanoticia.com.br\/index.php\/2026\/03\/10\/baianas-de-acaraje-recebem-certificados-de-qualificacao\/","title":{"rendered":"Baianas de acaraj\u00e9 recebem certificados de qualifica\u00e7\u00e3o"},"content":{"rendered":"\n<p>Para fortalecimento da economia, do turismo e da cultura, ocorreu, nesta segunda-feira (9), no Emp\u00f3rio Jacu\u00edpe, a entrega de certificados da Capacita\u00e7\u00e3o de Baianas 2025 para 260 profissionais de Cama\u00e7ari, A iniciativa, realizada em conjunto entre as secretarias de Turismo de Cama\u00e7ari (Setur) e do Estado da Bahia, promoveu a valoriza\u00e7\u00e3o da tradi\u00e7\u00e3o afro-brasileira e o aprimoramento profissional.<\/p>\n\n\n\n<p>Destacando o Festival de Arembepe 2026, que acontece de 13 a 16 de mar\u00e7o (de sexta a segunda-feira) e impacta positivamente o turismo do munic\u00edpio, o prefeito Luiz Caetano falou aos presentes. \u201cNa festa, tamb\u00e9m quero apresentar isso ao turista, para ele voltar no ano seguinte, passar dias aqui e movimentar a nossa economia. A baiana de acaraj\u00e9 \u00e9 uma empreendedora nata, possui um of\u00edcio que passa de m\u00e3e para filha, para netas, e para as bisnetas. Obviamente, quando a gente promove um curso desse, \u00e9 importante porque sempre tem o que aprender na vida, \u00e9 uma capacita\u00e7\u00e3o que fortalece a cultura, o turismo e gera mais oportunidades\u201d.<\/p>\n\n\n\n<p>A parceria com a Setur do Estado com o munic\u00edpio foi lembrada pelo titular da pasta, Maur\u00edcio Bacelar. \u201cAqui em Cama\u00e7ari, os governos estadual e municipal t\u00eam atuado em conjunto para potencializar a atividade tur\u00edstica. Uma dessas a\u00e7\u00f5es \u00e9 a forma\u00e7\u00e3o de trabalhadores da atividade tur\u00edstica e, por exemplo, foi essa capacita\u00e7\u00e3o dada a essas baianas de acaraj\u00e9 do munic\u00edpio. O que vai qualificar o destino ter\u00e1 uma influ\u00eancia no aumento do fluxo tur\u00edstico, bem como o tempo de perman\u00eancia dos turistas\u201d, finalizou, destacando que o objetivo \u00e9 que a Bahia lidere o turismo brasileiro.<\/p>\n\n\n\n<p>A qualifica\u00e7\u00e3o profissional ocorreu de 24 de setembro at\u00e9 4 de novembro de 2025, contemplando oficinas sobre gest\u00e3o de neg\u00f3cios, marketing digital, boas pr\u00e1ticas de manipula\u00e7\u00e3o e engenho de alimentos, confec\u00e7\u00e3o de turbantes, valoriza\u00e7\u00e3o da indument\u00e1ria, entre outros temas. Essas atividades possibilitam que as baianas de Cama\u00e7ari atendam os turistas com excel\u00eancia, fortalecendo a presen\u00e7a no \u00e2mbito cultural e tamb\u00e9m dentro do protagonismo econ\u00f4mico do munic\u00edpio.<\/p>\n\n\n\n<p>O secret\u00e1rio de Turismo do munic\u00edpio, Patr\u00edcio Oliveira, ressaltou a import\u00e2ncia da iniciativa. \u201c\u00c9 a gera\u00e7\u00e3o de emprego, renda e inclus\u00e3o social. Porque a gente sabe que 50% dos lares s\u00e3o mantidos por mulheres. Ent\u00e3o, quando esse curso de capacita\u00e7\u00e3o \u00e9 promovido, faz com que a mulher tenha acesso ao dinheiro, ou seja, blinda tamb\u00e9m contra a viol\u00eancia, que sabemos est\u00e1 num momento muito dif\u00edcil. Mas, antes de tudo, a gente enaltece a cultura. Esse curso de capacita\u00e7\u00e3o faz com que as baianas de Cama\u00e7ari sejam inclu\u00eddas no roteiro tur\u00edstico e precisamos projetar Cama\u00e7ari como um destino tur\u00edstico\u201d.<\/p>\n\n\n\n<p>Uma das baianas capacitadas foi Maria das Gra\u00e7as Gon\u00e7alves de Lima, mais conhecida como Neinha do Acaraj\u00e9, 63 anos, que est\u00e1 na profiss\u00e3o h\u00e1 mais de 30 e criou os filhos no tabuleiro em Vila de Abrantes. \u201cCurso sempre \u00e9 bom. E todos os temas que foram abordados aqui foram maravilhosos, muito aprendizado, tanto com rela\u00e7\u00e3o \u00e0 Anvisa [Ag\u00eancia Nacional de Vigil\u00e2ncia Sanit\u00e1ria], quanto \u00e0 manipula\u00e7\u00e3o de alimentos, maquiagem, higiene e o engajamento na internet para a gente divulgar\u201d, afirmou.<\/p>\n\n\n\n<p>Com portas abertas para trabalhar com autoridades, a baiana de Barra do Jacu\u00edpe, Anadil da Paix\u00e3o, 57 anos, que teve contato com a profiss\u00e3o desde a inf\u00e2ncia, j\u00e1 colocou em pr\u00e1tica os ensinamentos do curso. \u201cFoi uma maravilha, tudo que teve no curso valeu a pena, como saber se vestir e se comportar num tabuleiro com os clientes locais e os turistas, que a gente n\u00e3o sabia. Ent\u00e3o, muita coisa especial para dar mais valor ao oficio\u201d, finalizou.<\/p>\n\n\n\n<p>A iniciativa ocorreu ainda em parceria com a Secretaria de Servi\u00e7os P\u00fablicos de Cama\u00e7ari (Sesp). A entrega dos certificados contou com a presen\u00e7a da vice-prefeita do munic\u00edpio, Pastora D\u00e9a Santos, do titular da Sesp, Hindemburgo Teles, do chefe de Gabinete, Carlos Santos, e dos vereadores Jo\u00e3o D\u00e3o e Neidinha.<\/p>\n\n\n\n<p>Foto: Juliano Sarraf<\/p>\n","protected":false},"excerpt":{"rendered":"<p>Para fortalecimento da economia, do turismo e da cultura, ocorreu, nesta segunda-feira (9), no Emp\u00f3rio Jacu\u00edpe, a entrega de certificados da Capacita\u00e7\u00e3o de Baianas 2025 para 260 profissionais de Cama\u00e7ari, A iniciativa, realizada em conjunto entre as secretarias de Turismo de Cama\u00e7ari (Setur) e do Estado da Bahia, promoveu a valoriza\u00e7\u00e3o da tradi\u00e7\u00e3o afro-brasileira e<\/p>\n","protected":false},"author":5,"featured_media":74095,"comment_status":"open","ping_status":"open","sticky":false,"template":"","format":"standard","meta":{"om_disable_all_campaigns":false,"_monsterinsights_skip_tracking":false,"_monsterinsights_sitenote_active":false,"_monsterinsights_sitenote_note":"","_monsterinsights_sitenote_category":0,"footnotes":""},"categories":[40],"tags":[],"class_list":{"0":"post-74094","1":"post","2":"type-post","3":"status-publish","4":"format-standard","5":"has-post-thumbnail","7":"category-camacari"},"_links":{"self":[{"href":"https:\/\/comandogeraldanoticia.com.br\/index.php\/wp-json\/wp\/v2\/posts\/74094","targetHints":{"allow":["GET"]}}],"collection":[{"href":"https:\/\/comandogeraldanoticia.com.br\/index.php\/wp-json\/wp\/v2\/posts"}],"about":[{"href":"https:\/\/comandogeraldanoticia.com.br\/index.php\/wp-json\/wp\/v2\/types\/post"}],"author":[{"embeddable":true,"href":"https:\/\/comandogeraldanoticia.com.br\/index.php\/wp-json\/wp\/v2\/users\/5"}],"replies":[{"embeddable":true,"href":"https:\/\/comandogeraldanoticia.com.br\/index.php\/wp-json\/wp\/v2\/comments?post=74094"}],"version-history":[{"count":1,"href":"https:\/\/comandogeraldanoticia.com.br\/index.php\/wp-json\/wp\/v2\/posts\/74094\/revisions"}],"predecessor-version":[{"id":74096,"href":"https:\/\/comandogeraldanoticia.com.br\/index.php\/wp-json\/wp\/v2\/posts\/74094\/revisions\/74096"}],"wp:featuredmedia":[{"embeddable":true,"href":"https:\/\/comandogeraldanoticia.com.br\/index.php\/wp-json\/wp\/v2\/media\/74095"}],"wp:attachment":[{"href":"https:\/\/comandogeraldanoticia.com.br\/index.php\/wp-json\/wp\/v2\/media?parent=74094"}],"wp:term":[{"taxonomy":"category","embeddable":true,"href":"https:\/\/comandogeraldanoticia.com.br\/index.php\/wp-json\/wp\/v2\/categories?post=74094"},{"taxonomy":"post_tag","embeddable":true,"href":"https:\/\/comandogeraldanoticia.com.br\/index.php\/wp-json\/wp\/v2\/tags?post=74094"}],"curies":[{"name":"wp","href":"https:\/\/api.w.org\/{rel}","templated":true}]}}