{"id":74091,"date":"2026-03-10T00:15:39","date_gmt":"2026-03-10T00:15:39","guid":{"rendered":"https:\/\/comandogeraldanoticia.com.br\/?p=74091"},"modified":"2026-03-10T00:15:40","modified_gmt":"2026-03-10T00:15:40","slug":"trotes-atrapalham-o-atendimento-de-emergencia-e-urgencia-a-populacao-alerta-samu-192","status":"publish","type":"post","link":"https:\/\/comandogeraldanoticia.com.br\/index.php\/2026\/03\/10\/trotes-atrapalham-o-atendimento-de-emergencia-e-urgencia-a-populacao-alerta-samu-192\/","title":{"rendered":"Trotes atrapalham o atendimento de emerg\u00eancia e urg\u00eancia \u00e0 popula\u00e7\u00e3o, alerta SAMU 192"},"content":{"rendered":"\n<p>O Servi\u00e7o de Atendimento M\u00f3vel de Urg\u00eancia (SAMU 192) alerta para um problema que impacta diretamente o atendimento \u00e0 popula\u00e7\u00e3o: os trotes telef\u00f4nicos. De acordo com dados da Central de Regula\u00e7\u00e3o do SAMU Regional de Cama\u00e7ari, 734 liga\u00e7\u00f5es foram identificadas como trotes ao longo do ano de 2025, n\u00famero que demonstra um desafio constante para o funcionamento do servi\u00e7o de emerg\u00eancia.<\/p>\n\n\n\n<p>No mesmo per\u00edodo, pelo n\u00famero 192, o SAMU recebeu 20.279 chamadas destinadas a solicita\u00e7\u00f5es de orienta\u00e7\u00e3o m\u00e9dica, acionamento de ambul\u00e2ncias e atendimentos de urg\u00eancia e emerg\u00eancia. Apesar de o n\u00famero de trotes representar cerca de 3,6% das liga\u00e7\u00f5es no \u00faltimo ano, cada trote ocupa a linha telef\u00f4nica e mobiliza profissionais que poderiam estar no atendimento de uma emerg\u00eancia real. Os trotes prejudicam o atendimento, j\u00e1 que cada liga\u00e7\u00e3o falsa pode representar um risco para quem realmente precisa de socorro.<\/p>\n\n\n\n<p>Al\u00e9m disso, em alguns casos, informa\u00e7\u00f5es falsas podem levar ao deslocamento desnecess\u00e1rio de ambul\u00e2ncias, gerando desperd\u00edcio de recursos p\u00fablicos e reduzindo a disponibilidade das equipes para ocorr\u00eancias verdadeiras.<\/p>\n\n\n\n<p>O SAMU refor\u00e7a que o n\u00famero 192 deve ser utilizado apenas em situa\u00e7\u00f5es de urg\u00eancia e emerg\u00eancia, como acidentes de tr\u00e2nsito, parada cardiorrespirat\u00f3ria, acidente vascular cerebral (AVC), convuls\u00f5es, traumas graves e situa\u00e7\u00f5es de risco imediato \u00e0 vida. O uso respons\u00e1vel do servi\u00e7o \u00e9 essencial para garantir que o atendimento chegue rapidamente a quem realmente precisa.<\/p>\n\n\n\n<p>O SAMU \u00e9 respons\u00e1vel pelo atendimento pr\u00e9-hospitalar de urg\u00eancia e emerg\u00eancia, atuando para prestar socorro r\u00e1pido \u00e0s v\u00edtimas, estabilizar o paciente no local da ocorr\u00eancia e garantir o encaminhamento seguro para a unidade de sa\u00fade, conforme indica\u00e7\u00e3o m\u00e9dica. Ao ligar para o n\u00famero 192, que \u00e9 gratuito, a pessoa deve falar calmamente o que aconteceu, onde est\u00e1 (endere\u00e7o e ponto de refer\u00eancia), quantas pessoas est\u00e3o machucadas e o pr\u00f3prio nome.<\/p>\n\n\n\n<p>O funcionamento do SAMU 192 ocorre em quatro passos, da seguinte forma: o primeiro acontece quando o solicitante entra em contato com a Central de Regula\u00e7\u00e3o do SAMU; em seguida, ocorre o atendimento inicial, que \u00e9 realizado pelo T\u00e9cnico Auxiliar de Regula\u00e7\u00e3o M\u00e9dica (TARM), profissional respons\u00e1vel por coletar informa\u00e7\u00f5es sobre o paciente, o local da ocorr\u00eancia e a situa\u00e7\u00e3o apresentada; logo ap\u00f3s, as informa\u00e7\u00f5es s\u00e3o encaminhadas ao m\u00e9dico regulador, que avalia a gravidade do caso e define a conduta mais adequada; por fim, h\u00e1 a defini\u00e7\u00e3o do atendimento: dependendo da situa\u00e7\u00e3o, o m\u00e9dico pode realizar orienta\u00e7\u00e3o m\u00e9dica por telefone ou acionar uma ambul\u00e2ncia para atendimento no local.&nbsp;<\/p>\n","protected":false},"excerpt":{"rendered":"<p>O Servi\u00e7o de Atendimento M\u00f3vel de Urg\u00eancia (SAMU 192) alerta para um problema que impacta diretamente o atendimento \u00e0 popula\u00e7\u00e3o: os trotes telef\u00f4nicos. De acordo com dados da Central de Regula\u00e7\u00e3o do SAMU Regional de Cama\u00e7ari, 734 liga\u00e7\u00f5es foram identificadas como trotes ao longo do ano de 2025, n\u00famero que demonstra um desafio constante para<\/p>\n","protected":false},"author":5,"featured_media":74092,"comment_status":"open","ping_status":"open","sticky":false,"template":"","format":"standard","meta":{"om_disable_all_campaigns":false,"_monsterinsights_skip_tracking":false,"_monsterinsights_sitenote_active":false,"_monsterinsights_sitenote_note":"","_monsterinsights_sitenote_category":0,"footnotes":""},"categories":[40],"tags":[],"class_list":{"0":"post-74091","1":"post","2":"type-post","3":"status-publish","4":"format-standard","5":"has-post-thumbnail","7":"category-camacari"},"_links":{"self":[{"href":"https:\/\/comandogeraldanoticia.com.br\/index.php\/wp-json\/wp\/v2\/posts\/74091","targetHints":{"allow":["GET"]}}],"collection":[{"href":"https:\/\/comandogeraldanoticia.com.br\/index.php\/wp-json\/wp\/v2\/posts"}],"about":[{"href":"https:\/\/comandogeraldanoticia.com.br\/index.php\/wp-json\/wp\/v2\/types\/post"}],"author":[{"embeddable":true,"href":"https:\/\/comandogeraldanoticia.com.br\/index.php\/wp-json\/wp\/v2\/users\/5"}],"replies":[{"embeddable":true,"href":"https:\/\/comandogeraldanoticia.com.br\/index.php\/wp-json\/wp\/v2\/comments?post=74091"}],"version-history":[{"count":1,"href":"https:\/\/comandogeraldanoticia.com.br\/index.php\/wp-json\/wp\/v2\/posts\/74091\/revisions"}],"predecessor-version":[{"id":74093,"href":"https:\/\/comandogeraldanoticia.com.br\/index.php\/wp-json\/wp\/v2\/posts\/74091\/revisions\/74093"}],"wp:featuredmedia":[{"embeddable":true,"href":"https:\/\/comandogeraldanoticia.com.br\/index.php\/wp-json\/wp\/v2\/media\/74092"}],"wp:attachment":[{"href":"https:\/\/comandogeraldanoticia.com.br\/index.php\/wp-json\/wp\/v2\/media?parent=74091"}],"wp:term":[{"taxonomy":"category","embeddable":true,"href":"https:\/\/comandogeraldanoticia.com.br\/index.php\/wp-json\/wp\/v2\/categories?post=74091"},{"taxonomy":"post_tag","embeddable":true,"href":"https:\/\/comandogeraldanoticia.com.br\/index.php\/wp-json\/wp\/v2\/tags?post=74091"}],"curies":[{"name":"wp","href":"https:\/\/api.w.org\/{rel}","templated":true}]}}