{"id":74087,"date":"2026-03-09T01:24:30","date_gmt":"2026-03-09T01:24:30","guid":{"rendered":"https:\/\/comandogeraldanoticia.com.br\/?p=74087"},"modified":"2026-03-09T01:25:29","modified_gmt":"2026-03-09T01:25:29","slug":"coelba-promove-mutirao-para-inscricoes-na-escola-de-eletricistas-em-9-cidades","status":"publish","type":"post","link":"https:\/\/comandogeraldanoticia.com.br\/index.php\/2026\/03\/09\/coelba-promove-mutirao-para-inscricoes-na-escola-de-eletricistas-em-9-cidades\/","title":{"rendered":"Coelba promove mutir\u00e3o para inscri\u00e7\u00f5es na Escola de Eletricistas em 9 cidades"},"content":{"rendered":"\n<p><strong>Foto: Divulga\u00e7\u00e3o<\/strong><\/p>\n\n\n\n<hr class=\"wp-block-separator has-alpha-channel-opacity\"\/>\n\n\n\n<p>A Neoenergia Coelba est\u00e1 com 243 vagas abertas para a Escola de Eletricistas em nove munic\u00edpios baianos at\u00e9 o pr\u00f3ximo dia 31 de mar\u00e7o. Para facilitar a inscri\u00e7\u00e3o dos interessados, a distribuidora ir\u00e1 realizar, na pr\u00f3xima ter\u00e7a-feira (10) e quarta-feira (11), um mutir\u00e3o nas cidades em que as turmas est\u00e3o dispon\u00edveis. Das 8h \u00e0s 19h, profissionais da empresa estar\u00e3o em Feira de Santana, Ilh\u00e9us, Luis Eduardo Magalh\u00e3es, Itaberaba, Remanso, Seabra, Jacobina, Porto Seguro e Ipia\u00fa, realizando a inscri\u00e7\u00e3o presencial. Confira as localidades ao final do texto.<\/p>\n\n\n\n<p>Em todos os munic\u00edpios, homens e mulheres podem participar da Escola de Eletricistas. Para impulsionar a participa\u00e7\u00e3o feminina no mercado de trabalho de distribui\u00e7\u00e3o de energia, turmas afirmativas \u00e0s mulheres est\u00e3o dispon\u00edveis nas cidades de Porto Seguro, Ipia\u00fa e Jacobina. Realizado em parceria com o SENAI\/BA, o curso \u00e9 totalmente gratuito.<\/p>\n\n\n\n<p><strong>\u201cEsta \u00e9 uma oportunidade \u00fanica para quem quer mudar de vida. O mutir\u00e3o foi pensado para facilitar a inscri\u00e7\u00e3o da popula\u00e7\u00e3o e ser\u00e1 realizado em locais centrais, de f\u00e1cil acesso para os interessados. O hor\u00e1rio tamb\u00e9m foi estendido, at\u00e9 \u00e0s 19 horas, para permitir a participa\u00e7\u00e3o das pessoas que possuem emprego, mas que t\u00eam interesse em mudar de carreira\u201d, destacou Christiane Tavares, gerente de Recrutamento e Sele\u00e7\u00e3o da Neoenergia.&nbsp;<\/strong><\/p>\n\n\n\n<p>Para participar, \u00e9 necess\u00e1rio ter ensino m\u00e9dio completo, idade m\u00ednima de 18 anos e carteira de habilita\u00e7\u00e3o definitiva (categoria B ou superior). Ao concluir o curso, os alunos receber\u00e3o certifica\u00e7\u00e3o profissional e ser\u00e3o inclu\u00eddos no banco de talentos da Neoenergia Coelba, podendo concorrer a futuras oportunidades de trabalho na companhia.<\/p>\n\n\n\n<p>Desde 2018, a Escola de Eletricistas j\u00e1 formou mais de 2 mil profissionais na Bahia, alcan\u00e7ando 80% de empregabilidade. Entre os 2.125 formandos, 383 s\u00e3o mulheres, e 260 delas j\u00e1 foram contratadas pela Neoenergia Coelba, marcando um avan\u00e7o significativo na inclus\u00e3o feminina no setor el\u00e9trico. Com mais de 90 turmas conclu\u00eddas, a iniciativa segue transformando vidas por meio da qualifica\u00e7\u00e3o profissional gratuita e de qualidade.<\/p>\n\n\n\n<p><strong>Servi\u00e7o \u2013 Mutir\u00e3o de inscri\u00e7\u00f5es da Escola de Eletricistas<\/strong><\/p>\n\n\n\n<p>Data: 10 e 11 de mar\u00e7o;<\/p>\n\n\n\n<p>Hor\u00e1rio: 8h \u00e0s 19h;<\/p>\n\n\n\n<p>Total de vagas: 243, 27 por munic\u00edpio;<\/p>\n\n\n\n<p>Requisitos: Ensino m\u00e9dio completo, idade m\u00ednima de 18 anos e CNH definitiva (categoria B ou superior).<\/p>\n\n\n\n<p>Locais:<\/p>\n\n\n\n<p>\u2022 Itaberaba: CDL &#8211; Pra\u00e7a Castro Alves, 137 &#8211; T\u00e9rreo, Centro &#8211; Itaberaba<\/p>\n\n\n\n<p>\u2022 Seabra:&nbsp; ACISE &#8211; Av. Franklin de Queiroz, 475 &#8211; Centro, Seabra&nbsp;<\/p>\n\n\n\n<p>\u2022 Lu\u00eds Eduardo Magalh\u00e3es: Rua Jos\u00e9 de Alencar, Quadra D4, S\/N, Loteamento Aroldo Cruz, Florais L\u00e9a \u2013 LEM<\/p>\n\n\n\n<p>\u2022 Ilh\u00e9us: Rodovia Jorge Amado, BR415, KM13 \u2013 Banco da Vitoria \u2013 Ilh\u00e9us<\/p>\n\n\n\n<p>\u2022 Feira de Santana: Av. Eduardo Fr\u00f3es da Mota, n\u00ba 5.000, Campo Limpo \u2013 Feira de Santana<\/p>\n\n\n\n<p>\u2022 Jacobina: Rua Florisvaldo Barberino, N\u00ba 267 \u2013 Felix Tomaz \u2013 Jacobina<\/p>\n\n\n\n<p>\u2022 Ipia\u00fa: CDL &#8211; Av. do Cont\u00f4rno &#8211; Bairro Centro, Ipia\u00fa&nbsp;<\/p>\n\n\n\n<p>\u2022 Porto Seguro: CDL &#8211; Ao Lado do Mundo dos Colch\u00f5es CDL DE &#8211; Rua dos Periquitos, 12 &#8211; Centro, Porto Seguro<\/p>\n\n\n\n<p>\u2022 Remanso: Em frente \u00e0 Par\u00f3quia Nossa Senhora Do Ros\u00e1rio Remanso<\/p>\n","protected":false},"excerpt":{"rendered":"<p>Foto: Divulga\u00e7\u00e3o A Neoenergia Coelba est\u00e1 com 243 vagas abertas para a Escola de Eletricistas em nove munic\u00edpios baianos at\u00e9 o pr\u00f3ximo dia 31 de mar\u00e7o. Para facilitar a inscri\u00e7\u00e3o dos interessados, a distribuidora ir\u00e1 realizar, na pr\u00f3xima ter\u00e7a-feira (10) e quarta-feira (11), um mutir\u00e3o nas cidades em que as turmas est\u00e3o dispon\u00edveis. Das 8h<\/p>\n","protected":false},"author":5,"featured_media":74088,"comment_status":"open","ping_status":"open","sticky":false,"template":"","format":"standard","meta":{"om_disable_all_campaigns":false,"_monsterinsights_skip_tracking":false,"_monsterinsights_sitenote_active":false,"_monsterinsights_sitenote_note":"","_monsterinsights_sitenote_category":0,"footnotes":""},"categories":[39],"tags":[],"class_list":{"0":"post-74087","1":"post","2":"type-post","3":"status-publish","4":"format-standard","5":"has-post-thumbnail","7":"category-brasil"},"_links":{"self":[{"href":"https:\/\/comandogeraldanoticia.com.br\/index.php\/wp-json\/wp\/v2\/posts\/74087","targetHints":{"allow":["GET"]}}],"collection":[{"href":"https:\/\/comandogeraldanoticia.com.br\/index.php\/wp-json\/wp\/v2\/posts"}],"about":[{"href":"https:\/\/comandogeraldanoticia.com.br\/index.php\/wp-json\/wp\/v2\/types\/post"}],"author":[{"embeddable":true,"href":"https:\/\/comandogeraldanoticia.com.br\/index.php\/wp-json\/wp\/v2\/users\/5"}],"replies":[{"embeddable":true,"href":"https:\/\/comandogeraldanoticia.com.br\/index.php\/wp-json\/wp\/v2\/comments?post=74087"}],"version-history":[{"count":1,"href":"https:\/\/comandogeraldanoticia.com.br\/index.php\/wp-json\/wp\/v2\/posts\/74087\/revisions"}],"predecessor-version":[{"id":74089,"href":"https:\/\/comandogeraldanoticia.com.br\/index.php\/wp-json\/wp\/v2\/posts\/74087\/revisions\/74089"}],"wp:featuredmedia":[{"embeddable":true,"href":"https:\/\/comandogeraldanoticia.com.br\/index.php\/wp-json\/wp\/v2\/media\/74088"}],"wp:attachment":[{"href":"https:\/\/comandogeraldanoticia.com.br\/index.php\/wp-json\/wp\/v2\/media?parent=74087"}],"wp:term":[{"taxonomy":"category","embeddable":true,"href":"https:\/\/comandogeraldanoticia.com.br\/index.php\/wp-json\/wp\/v2\/categories?post=74087"},{"taxonomy":"post_tag","embeddable":true,"href":"https:\/\/comandogeraldanoticia.com.br\/index.php\/wp-json\/wp\/v2\/tags?post=74087"}],"curies":[{"name":"wp","href":"https:\/\/api.w.org\/{rel}","templated":true}]}}