{"id":74084,"date":"2026-03-09T01:20:32","date_gmt":"2026-03-09T01:20:32","guid":{"rendered":"https:\/\/comandogeraldanoticia.com.br\/?p=74084"},"modified":"2026-03-09T01:20:33","modified_gmt":"2026-03-09T01:20:33","slug":"chuva-em-sp-provoca-alagamentos-e-deixa-zona-leste-em-estado-de-alerta","status":"publish","type":"post","link":"https:\/\/comandogeraldanoticia.com.br\/index.php\/2026\/03\/09\/chuva-em-sp-provoca-alagamentos-e-deixa-zona-leste-em-estado-de-alerta\/","title":{"rendered":"Chuva em SP provoca alagamentos e deixa zona leste em estado de alerta"},"content":{"rendered":"\n<p>Foto:  REUTERS\/Amanda Perobelli\/Direitos Reservados\/Ag\u00eancia Brasil<\/p>\n\n\n\n<p><strong>As fortes chuvas que ca\u00edram sobre a capital paulista na tarde deste domingo (8) provocaram diversos pontos de alagamento, quedas de \u00e1rvores e deixou parte da zona leste e da zona sul paulistana em estado de alerta.<\/strong><img decoding=\"async\" src=\"https:\/\/agenciabrasil.ebc.com.br\/ebc.png?id=1681141&amp;o=node\"><img decoding=\"async\" src=\"https:\/\/agenciabrasil.ebc.com.br\/ebc.gif?id=1681141&amp;o=node\"><\/p>\n\n\n\n<p>O estado de alerta, o de maior gravidade, foi decretado para a regi\u00e3o do Ipiranga e para as regi\u00f5es da Vila Prudente, Santo Amaro e Guaianazes, onde ocorreu transbordamento de c\u00f3rregos.<\/p>\n\n\n\n<p>Segundo o Corpo de Bombeiros, entre o meio-dia e as 17h deste domingo, foram registradas 15 chamadas de quedas de \u00e1rvores, duas chamadas para desabamentos e 180 chamadas para enchentes na capital e na regi\u00e3o metropolitana de S\u00e3o Paulo. At\u00e9 este momento, n\u00e3o houve informa\u00e7\u00f5es sobre v\u00edtimas.<\/p>\n\n\n\n<p>Tamb\u00e9m houve fortes chuvas em diversas outras cidades do estado. Em Botucatu, por exemplo, uma mulher acabou caindo com um ve\u00edculo em uma ribanceira. Segundo a Defesa Civil, a v\u00edtima foi socorrida com vida e encaminhada para um hospital da regi\u00e3o.<\/p>\n\n\n\n<p><strong>Ontem (7), <a href=\"https:\/\/agenciabrasil.ebc.com.br\/geral\/noticia\/2026-03\/chuvas-no-estado-de-sao-paulo-provocam-morte-de-duas-pessoas\" target=\"_blank\" rel=\"noreferrer noopener\">duas pessoas morreram<\/a> em decorr\u00eancia das chuvas.<\/strong> Desde que a Opera\u00e7\u00e3o SP Sempre Alerta-Chuvas teve in\u00edcio, em dezembro de 2025, o estado paulista j\u00e1 contabiliza 21 \u00f3bitos em decorr\u00eancia das chuvas.<\/p>\n\n\n\n<p>Para os pr\u00f3ximos dias, a expectativa \u00e9 de chuva e ligeiro decl\u00ednio da temperatura m\u00e1xima na capital paulista, informou o Centro de Gerenciamento de Emerg\u00eancias Clim\u00e1ticas (CGE). Para a tarde desta segunda-feira (9) est\u00e3o previstas chuvas de forte intensidade, que podem provocar alagamentos.<\/p>\n","protected":false},"excerpt":{"rendered":"<p>Foto: REUTERS\/Amanda Perobelli\/Direitos Reservados\/Ag\u00eancia Brasil As fortes chuvas que ca\u00edram sobre a capital paulista na tarde deste domingo (8) provocaram diversos pontos de alagamento, quedas de \u00e1rvores e deixou parte da zona leste e da zona sul paulistana em estado de alerta. O estado de alerta, o de maior gravidade, foi decretado para a regi\u00e3o<\/p>\n","protected":false},"author":5,"featured_media":74085,"comment_status":"open","ping_status":"open","sticky":false,"template":"","format":"standard","meta":{"om_disable_all_campaigns":false,"_monsterinsights_skip_tracking":false,"_monsterinsights_sitenote_active":false,"_monsterinsights_sitenote_note":"","_monsterinsights_sitenote_category":0,"footnotes":""},"categories":[39],"tags":[],"class_list":{"0":"post-74084","1":"post","2":"type-post","3":"status-publish","4":"format-standard","5":"has-post-thumbnail","7":"category-brasil"},"_links":{"self":[{"href":"https:\/\/comandogeraldanoticia.com.br\/index.php\/wp-json\/wp\/v2\/posts\/74084","targetHints":{"allow":["GET"]}}],"collection":[{"href":"https:\/\/comandogeraldanoticia.com.br\/index.php\/wp-json\/wp\/v2\/posts"}],"about":[{"href":"https:\/\/comandogeraldanoticia.com.br\/index.php\/wp-json\/wp\/v2\/types\/post"}],"author":[{"embeddable":true,"href":"https:\/\/comandogeraldanoticia.com.br\/index.php\/wp-json\/wp\/v2\/users\/5"}],"replies":[{"embeddable":true,"href":"https:\/\/comandogeraldanoticia.com.br\/index.php\/wp-json\/wp\/v2\/comments?post=74084"}],"version-history":[{"count":1,"href":"https:\/\/comandogeraldanoticia.com.br\/index.php\/wp-json\/wp\/v2\/posts\/74084\/revisions"}],"predecessor-version":[{"id":74086,"href":"https:\/\/comandogeraldanoticia.com.br\/index.php\/wp-json\/wp\/v2\/posts\/74084\/revisions\/74086"}],"wp:featuredmedia":[{"embeddable":true,"href":"https:\/\/comandogeraldanoticia.com.br\/index.php\/wp-json\/wp\/v2\/media\/74085"}],"wp:attachment":[{"href":"https:\/\/comandogeraldanoticia.com.br\/index.php\/wp-json\/wp\/v2\/media?parent=74084"}],"wp:term":[{"taxonomy":"category","embeddable":true,"href":"https:\/\/comandogeraldanoticia.com.br\/index.php\/wp-json\/wp\/v2\/categories?post=74084"},{"taxonomy":"post_tag","embeddable":true,"href":"https:\/\/comandogeraldanoticia.com.br\/index.php\/wp-json\/wp\/v2\/tags?post=74084"}],"curies":[{"name":"wp","href":"https:\/\/api.w.org\/{rel}","templated":true}]}}