{"id":74075,"date":"2026-03-09T01:05:03","date_gmt":"2026-03-09T01:05:03","guid":{"rendered":"https:\/\/comandogeraldanoticia.com.br\/?p=74075"},"modified":"2026-03-09T01:05:14","modified_gmt":"2026-03-09T01:05:14","slug":"dolar-cai-para-r-524-em-dia-de-correcao-no-mercado","status":"publish","type":"post","link":"https:\/\/comandogeraldanoticia.com.br\/index.php\/2026\/03\/09\/dolar-cai-para-r-524-em-dia-de-correcao-no-mercado\/","title":{"rendered":"D\u00f3lar cai para R$ 5,24 em dia de corre\u00e7\u00e3o no mercado"},"content":{"rendered":"\n<p>Foto:  Valter Campanato\/Ag\u00eancia Brasil<\/p>\n\n\n\n<p>O agravamento do conflito no Oriente M\u00e9dio fez o mercado financeiro ter mais um dia de oscila\u00e7\u00f5es. <strong>O d\u00f3lar caiu quase 1%, ap\u00f3s ultrapassar os R$ 5,30 durante a manh\u00e3. A bolsa de valores recuou pela segunda vez consecutiva e teve a pior semana desde 2022. O petr\u00f3leo superou a barreira de US$ 90 o barril e subiu quase 30% desde o in\u00edcio da guerra.<\/strong><img decoding=\"async\" src=\"https:\/\/agenciabrasil.ebc.com.br\/ebc.png?id=1681039&amp;o=node\"><img decoding=\"async\" src=\"https:\/\/agenciabrasil.ebc.com.br\/ebc.gif?id=1681039&amp;o=node\"><\/p>\n\n\n\n<p><strong>O d\u00f3lar comercial encerrou esta sexta-feira (6) vendido a R$ 5,244, com queda de R$ 0,043 (-0,81%). <\/strong>A cota\u00e7\u00e3o oscilou bastante ao longo do dia, chegando a R$ 5,31 pouco depois das 11h. No entanto, os investidores aproveitaram o pre\u00e7o alto para vender moeda. Dados de desacelera\u00e7\u00e3o da economia estadunidense tamb\u00e9m contribu\u00edram para a cota\u00e7\u00e3o&nbsp;inverter o movimento e passar a cair.<\/p>\n\n\n\n<p>Apesar do recuo desta sexta, <strong>a moeda estadunidense subiu 2,08% na primeira semana de mar\u00e7o<\/strong>. Em 2026, a divisa acumula queda de 4,51%.<\/p>\n\n\n\n<h2 class=\"wp-block-heading\">Mercado de a\u00e7\u00f5es<\/h2>\n\n\n\n<p>A tr\u00e9gua n\u00e3o se repetiu no mercado de a\u00e7\u00f5es. <strong>O \u00edndice Ibovespa, da B3, fechou aos 179.365 pontos, com recuo de 0,61%. O indicador caiu 4,99% na semana, no pior desempenho semanal desde junho de 2022,<\/strong> poucos meses ap\u00f3s o in\u00edcio da guerra entre R\u00fassia e Ucr\u00e2nia.<\/p>\n\n\n\n<p>Apenas as a\u00e7\u00f5es da Petrobras destoaram e tiveram fortes altas nesta sexta, motivadas pela alta na cota\u00e7\u00e3o do petr\u00f3leo e pelo <a href=\"https:\/\/agenciabrasil.ebc.com.br\/economia\/noticia\/2026-03\/petrobras-registra-lucro-de-r-1101-bilhoes-em-2025\" target=\"_blank\" rel=\"noreferrer noopener\">aumento de quase 200% no lucro da estatal<\/a> no ano passado. <strong>Os pap\u00e9is ordin\u00e1rios (com direito a voto em assembleia de acionistas) subiram 4,12%, para R$ 45,78. As a\u00e7\u00f5es preferenciais (com prefer\u00eancia na distribui\u00e7\u00e3o de dividendos) valorizaram-se 3,49%, para R$ 42,11.<\/strong><\/p>\n\n\n\n<p>Com o bloqueio do <a href=\"https:\/\/agenciabrasil.ebc.com.br\/economia\/noticia\/2026-03\/guerra-contra-o-ira-faz-petroleo-dos-eua-saltar-12\" target=\"_blank\" rel=\"noreferrer noopener\">Estreito de Ormuz<\/a>, por onde passam cerca de 20% do petr\u00f3leo mundial, a cota\u00e7\u00e3o do barril n\u00e3o para de subir. O barril do tipo Brent, usado nas negocia\u00e7\u00f5es internacionais, avan\u00e7ou 8,52% nesta sexta, fechando a US$ 92,69. O barril do tipo WTI, negociado nos Estados Unidos, subiu 12,2% em apenas um dia, fechando a US$ 90,90.<\/p>\n\n\n\n<p>O fechamento de 92 mil postos de trabalho nos Estados Unidos em fevereiro tamb\u00e9m surpreendeu o mercado financeiro. Embora o resultado tenha sido afetado pelas fortes nevascas no m\u00eas passado e por uma greve de enfermeiros, o n\u00famero veio pior que o previsto. O desempenho negativo, no entanto, fez os investidores retirarem dinheiro dos t\u00edtulos do Tesouro estadunidense, fazendo o d\u00f3lar cair em v\u00e1rios pa\u00edses.<\/p>\n\n\n\n<p>* com informa\u00e7\u00f5es da Reuters<\/p>\n","protected":false},"excerpt":{"rendered":"<p>Foto: Valter Campanato\/Ag\u00eancia Brasil O agravamento do conflito no Oriente M\u00e9dio fez o mercado financeiro ter mais um dia de oscila\u00e7\u00f5es. O d\u00f3lar caiu quase 1%, ap\u00f3s ultrapassar os R$ 5,30 durante a manh\u00e3. A bolsa de valores recuou pela segunda vez consecutiva e teve a pior semana desde 2022. O petr\u00f3leo superou a barreira<\/p>\n","protected":false},"author":5,"featured_media":74076,"comment_status":"open","ping_status":"open","sticky":false,"template":"","format":"standard","meta":{"om_disable_all_campaigns":false,"_monsterinsights_skip_tracking":false,"_monsterinsights_sitenote_active":false,"_monsterinsights_sitenote_note":"","_monsterinsights_sitenote_category":0,"footnotes":""},"categories":[43],"tags":[],"class_list":{"0":"post-74075","1":"post","2":"type-post","3":"status-publish","4":"format-standard","5":"has-post-thumbnail","7":"category-economia"},"_links":{"self":[{"href":"https:\/\/comandogeraldanoticia.com.br\/index.php\/wp-json\/wp\/v2\/posts\/74075","targetHints":{"allow":["GET"]}}],"collection":[{"href":"https:\/\/comandogeraldanoticia.com.br\/index.php\/wp-json\/wp\/v2\/posts"}],"about":[{"href":"https:\/\/comandogeraldanoticia.com.br\/index.php\/wp-json\/wp\/v2\/types\/post"}],"author":[{"embeddable":true,"href":"https:\/\/comandogeraldanoticia.com.br\/index.php\/wp-json\/wp\/v2\/users\/5"}],"replies":[{"embeddable":true,"href":"https:\/\/comandogeraldanoticia.com.br\/index.php\/wp-json\/wp\/v2\/comments?post=74075"}],"version-history":[{"count":1,"href":"https:\/\/comandogeraldanoticia.com.br\/index.php\/wp-json\/wp\/v2\/posts\/74075\/revisions"}],"predecessor-version":[{"id":74077,"href":"https:\/\/comandogeraldanoticia.com.br\/index.php\/wp-json\/wp\/v2\/posts\/74075\/revisions\/74077"}],"wp:featuredmedia":[{"embeddable":true,"href":"https:\/\/comandogeraldanoticia.com.br\/index.php\/wp-json\/wp\/v2\/media\/74076"}],"wp:attachment":[{"href":"https:\/\/comandogeraldanoticia.com.br\/index.php\/wp-json\/wp\/v2\/media?parent=74075"}],"wp:term":[{"taxonomy":"category","embeddable":true,"href":"https:\/\/comandogeraldanoticia.com.br\/index.php\/wp-json\/wp\/v2\/categories?post=74075"},{"taxonomy":"post_tag","embeddable":true,"href":"https:\/\/comandogeraldanoticia.com.br\/index.php\/wp-json\/wp\/v2\/tags?post=74075"}],"curies":[{"name":"wp","href":"https:\/\/api.w.org\/{rel}","templated":true}]}}