{"id":74072,"date":"2026-03-09T00:58:30","date_gmt":"2026-03-09T00:58:30","guid":{"rendered":"https:\/\/comandogeraldanoticia.com.br\/?p=74072"},"modified":"2026-03-09T00:58:52","modified_gmt":"2026-03-09T00:58:52","slug":"festival-camacari-mulher-reune-mais-de-mil-participantes-em-programacao-dedicada-ao-cuidado-esporte-e-autonomia","status":"publish","type":"post","link":"https:\/\/comandogeraldanoticia.com.br\/index.php\/2026\/03\/09\/festival-camacari-mulher-reune-mais-de-mil-participantes-em-programacao-dedicada-ao-cuidado-esporte-e-autonomia\/","title":{"rendered":"Festival Cama\u00e7ari Mulher re\u00fane mais de mil participantes em programa\u00e7\u00e3o dedicada ao cuidado, esporte e autonomia"},"content":{"rendered":"\n<p>Neste domingo (8), data em que se celebra o Dia Internacional da Mulher, Cama\u00e7ari vivenciou uma programa\u00e7\u00e3o especial dedicada ao reconhecimento da for\u00e7a, da resist\u00eancia e do protagonismo feminino. Promovido pela Prefeitura, o Festival Cama\u00e7ari Mulher, realizado na Cidade do Saber (CDS), mobilizou milhares de participantes ao longo de todo o dia, reunindo a\u00e7\u00f5es voltadas ao cuidado, \u00e0 autonomia e ao fortalecimento das mulheres do munic\u00edpio.<\/p>\n\n\n\n<p>Com uma programa\u00e7\u00e3o ampla e diversificada, organizada pela Secretaria da Mulher (Semu), o evento ofereceu servi\u00e7os que v\u00e3o desde cuidados com sa\u00fade e beleza at\u00e9 iniciativas voltadas \u00e0 empregabilidade, gera\u00e7\u00e3o de renda, emiss\u00e3o de documentos, atividades esportivas e apresenta\u00e7\u00f5es culturais.<\/p>\n\n\n\n<p>A iniciativa integra as a\u00e7\u00f5es da gest\u00e3o municipal voltadas \u00e0 valoriza\u00e7\u00e3o das mulheres e ao enfrentamento das desigualdades de g\u00eanero, transformando o espa\u00e7o em um grande ponto de encontro, acolhimento e celebra\u00e7\u00e3o.<\/p>\n\n\n\n<p>O prefeito Luiz Caetano enfatizou a import\u00e2ncia da data e refor\u00e7ou o compromisso da gest\u00e3o com pol\u00edticas p\u00fablicas voltadas \u00e0s mulheres. \u201cO 8 de mar\u00e7o tem uma import\u00e2ncia hist\u00f3rica de resist\u00eancia e luta das mulheres no mundo inteiro. E aqui em Cama\u00e7ari, com um simbolismo muito forte, temos trabalhado uma agenda permanente junto com as mulheres, construindo uma gest\u00e3o que valoriza a paridade e a participa\u00e7\u00e3o ativa feminina. Reestruturamos a Secretaria da Mulher, estamos fomentando a\u00e7\u00f5es como a gera\u00e7\u00e3o de renda, como a oferta de 300 vagas para intermedia\u00e7\u00e3o de m\u00e3o de obra voltadas para mulheres. Precisamos avan\u00e7ar cada vez mais, empoderar as mulheres. E n\u00f3s, enquanto homens, tamb\u00e9m precisamos fazer parte dessa luta e contribuir para o enfrentamento das viol\u00eancias e desigualdades\u201d, destacou.<\/p>\n\n\n\n<p>Para a vice-prefeita, Pastora D\u00e9a Santos, o momento \u00e9 tamb\u00e9m de reflex\u00e3o sobre os avan\u00e7os conquistados e os desafios que ainda persistem. \u201cHoje \u00e9 um dia de extrema import\u00e2ncia. Estou muito feliz por estarmos juntas aqui, reunidas neste evento, celebrando conquistas que j\u00e1 alcan\u00e7amos ao longo da hist\u00f3ria. Por\u00e9m, infelizmente, ainda enfrentamos muitos desafios, especialmente no combate \u00e0 viol\u00eancia contra a mulher. Por isso precisamos estar fortalecidas e construir redes de prote\u00e7\u00e3o. Tamb\u00e9m aproveito para me dirigir aos homens e conclamar que conversem com outros homens, debatam sobre o feminic\u00eddio e sejam agentes ativos nesse combate\u201d, afirmou.<\/p>\n\n\n\n<p>A titular da Semu, Branca Patr\u00edcia, ressaltou o car\u00e1ter inovador da iniciativa e refor\u00e7ou o compromisso coletivo com o enfrentamento \u00e0 viol\u00eancia de g\u00eanero, conclamando a sociedade para um pacto pelo feminic\u00eddio zero. \u201cO evento de hoje foi pensado especialmente para as mulheres do nosso munic\u00edpio. O festival tem uma programa\u00e7\u00e3o diversificada para que Cama\u00e7ari se consolide como uma cidade acolhedora, que protege e emancipa as mulheres\u201d, afirmou.<\/p>\n\n\n\n<p>A secret\u00e1ria tamb\u00e9m destacou as a\u00e7\u00f5es estruturantes que v\u00eam sendo implementadas pela pasta. \u201cDesde janeiro de 2025, a Semu passa por um processo de reestrutura\u00e7\u00e3o. Estamos com o CRAM [Centro de Refer\u00eancia de Atendimento \u00e0 Mulher Yolanda Pires] e o NAM [N\u00facleo de Atendimento \u00e0 Mulher] com equipes completas. Tamb\u00e9m ofertamos capacita\u00e7\u00e3o por meio do programa Qualifica Mulher, temos o N\u00facleo Pedag\u00f3gico [Nuped], que desenvolve nas escolas o projeto Respeito \u00e9 a Base, e vamos lan\u00e7ar um selo voltado \u00e0 intermedia\u00e7\u00e3o de m\u00e3o de obra para ampliar as oportunidades de autonomia das mulheres. Em breve tamb\u00e9m teremos uma nova iniciativa que vai ofertar cr\u00e9dito para mulheres empreendedoras. Tudo isso para que possamos construir uma cidade mais justa, igualit\u00e1ria e protetora das nossas mulheres\u201d, explicou.<\/p>\n\n\n\n<p>As atividades do festival come\u00e7aram ainda nas primeiras horas da manh\u00e3, com a largada da corrida de rua \u201cSim! Bora Correr Mulheres\u201d. A prova integra o circuito \u201cSim! Bora Correr\u201d, organizado pela Superintend\u00eancia dos Desportos do Estado da Bahia (Sudesb), autarquia vinculada \u00e0 Secretaria do Trabalho, Emprego, Renda e Esporte do Estado da Bahia (Setre).<\/p>\n\n\n\n<p>Com sa\u00edda e chegada na Cidade do Saber, o trajeto percorreu ruas do Centro da cidade e contou com tr\u00eas modalidades: caminhada de 2,5 km, corrida de 5 km e corrida de 10 km. As participantes receberam kit com camisa oficial e medalha, refor\u00e7ando o car\u00e1ter esportivo e celebrativo da atividade.<\/p>\n\n\n\n<p>A assessora-chefe da Sudesb, Susi D\u00f3cio, destacou a import\u00e2ncia da iniciativa e a parceria com o munic\u00edpio. \u201cO circuito \u2018Sim! Bora Correr\u2019 percorre diversos munic\u00edpios da Bahia e hoje chega a Cama\u00e7ari justamente no Dia Internacional da Mulher. Tivemos a alegria de abrir esta grande programa\u00e7\u00e3o preparada pela Prefeitura em homenagem \u00e0s mulheres da cidade. Foi uma corrida muito bonita, com grande participa\u00e7\u00e3o e com as pessoas reunidas logo cedo para celebrar a data com sa\u00fade, esporte e alegria. Foi realmente lindo de ver\u201d, afirmou.<\/p>\n\n\n\n<p>Entre as participantes estava a terapeuta natural e estudante de Nutri\u00e7\u00e3o Jaci Santos, 48 anos, que ressaltou o impacto da atividade na promo\u00e7\u00e3o do autocuidado. \u201cEu n\u00e3o tinha o h\u00e1bito de correr. Comecei por incentivo do meu genro e isso acabou me motivando a cuidar ainda mais da minha sa\u00fade. Uma atividade como a de hoje \u00e9 muito importante para as mulheres, porque muitas vezes somos respons\u00e1veis por cuidar de todos ao nosso redor e acabamos esquecendo de cuidar de n\u00f3s mesmas\u201d, disse a moradora do Parque Real Serra Verde.<\/p>\n\n\n\n<p>Ap\u00f3s a corrida, o festival foi oficialmente aberto, oferecendo ao p\u00fablico uma s\u00e9rie de a\u00e7\u00f5es distribu\u00eddas em diferentes espa\u00e7os tem\u00e1ticos. Um deles \u00e9 a Feira Global, onde empreendedoras locais exp\u00f5em e comercializam produtos, fortalecendo a economia solid\u00e1ria e valorizando o trabalho feminino.<\/p>\n\n\n\n<p>Entre as expositoras est\u00e1 Katia Barros, 47 anos, moradora do bairro Ponto Certo, que trabalha com cappuccinos artesanais. \u201cEsse tipo de a\u00e7\u00e3o \u00e9 muito importante para que n\u00f3s, empreendedoras, possamos expor nossos produtos. Isso fomenta a economia e, tamb\u00e9m, gera um sentimento de pertencimento e inclus\u00e3o. Muitas de n\u00f3s somos chefes de fam\u00edlia, ent\u00e3o \u00e9 uma oportunidade muito boa para apresentar nossos produtos e servi\u00e7os \u00e0 comunidade\u201d, destacou.<\/p>\n\n\n\n<p>Na ala da beleza, as participantes tiveram acesso a servi\u00e7os como maquiagem, cabeleireira, trancista, manicure, oficina de turbantes e sess\u00f5es de massoterapia.<\/p>\n\n\n\n<p>J\u00e1 na ala da sa\u00fade, foram disponibilizados testes r\u00e1pidos para Infec\u00e7\u00f5es Sexualmente Transmiss\u00edveis (ISTs), incluindo s\u00edfilis, hepatites virais e HIV; vacina\u00e7\u00e3o contra hepatite B, tr\u00edplice viral, febre amarela, HPV e antitet\u00e2nica; al\u00e9m do Odontom\u00f3vel com atendimentos odontol\u00f3gicos, exames oftalmol\u00f3gicos, coleta de preventivo e atendimentos da Central de Regula\u00e7\u00e3o e para cirurgias eletivas.<\/p>\n\n\n\n<p>Com foco na emancipa\u00e7\u00e3o financeira como instrumento de empoderamento feminino, a ala de empregabilidade promoveu a divulga\u00e7\u00e3o de cursos de qualifica\u00e7\u00e3o profissional e a media\u00e7\u00e3o de vagas de trabalho direcionadas \u00e0s mulheres. Durante o evento, o SAC Bahia tamb\u00e9m realizou a emiss\u00e3o gratuita da Carteira de Identidade (RG).<\/p>\n\n\n\n<p>A programa\u00e7\u00e3o cultural tamb\u00e9m comp\u00f5e a celebra\u00e7\u00e3o, com apresenta\u00e7\u00f5es musicais protagonizadas por artistas mulheres, que animaram o p\u00fablico ao longo do dia e refor\u00e7aram a valoriza\u00e7\u00e3o da produ\u00e7\u00e3o art\u00edstica feminina.<\/p>\n\n\n\n<p>J\u00e1 no final da tarde, a programa\u00e7\u00e3o seguiu com o \u201cDesfile das Estrelas\u201d, momento especial protagonizado por mulheres assistidas pela Secretaria da Mulher. A iniciativa celebra hist\u00f3rias de supera\u00e7\u00e3o, protagonismo e transforma\u00e7\u00e3o social, evidenciando trajet\u00f3rias que inspiram e reafirmam o papel das mulheres na constru\u00e7\u00e3o de uma sociedade mais justa e igualit\u00e1ria.<\/p>\n\n\n\n<p>Fotos: Juliano Sarraf e William Rocha<\/p>\n\n\n\n<p><strong>Fotos dispon\u00edveis no link:&nbsp;<a href=\"https:\/\/flic.kr\/s\/aHBqjCMsV5\" target=\"_blank\" rel=\"noreferrer noopener\">\u00c1lbum do Flickr<\/a><\/strong><\/p>\n","protected":false},"excerpt":{"rendered":"<p>Neste domingo (8), data em que se celebra o Dia Internacional da Mulher, Cama\u00e7ari vivenciou uma programa\u00e7\u00e3o especial dedicada ao reconhecimento da for\u00e7a, da resist\u00eancia e do protagonismo feminino. Promovido pela Prefeitura, o Festival Cama\u00e7ari Mulher, realizado na Cidade do Saber (CDS), mobilizou milhares de participantes ao longo de todo o dia, reunindo a\u00e7\u00f5es voltadas<\/p>\n","protected":false},"author":5,"featured_media":74073,"comment_status":"open","ping_status":"open","sticky":false,"template":"","format":"standard","meta":{"om_disable_all_campaigns":false,"_monsterinsights_skip_tracking":false,"_monsterinsights_sitenote_active":false,"_monsterinsights_sitenote_note":"","_monsterinsights_sitenote_category":0,"footnotes":""},"categories":[40],"tags":[],"class_list":{"0":"post-74072","1":"post","2":"type-post","3":"status-publish","4":"format-standard","5":"has-post-thumbnail","7":"category-camacari"},"_links":{"self":[{"href":"https:\/\/comandogeraldanoticia.com.br\/index.php\/wp-json\/wp\/v2\/posts\/74072","targetHints":{"allow":["GET"]}}],"collection":[{"href":"https:\/\/comandogeraldanoticia.com.br\/index.php\/wp-json\/wp\/v2\/posts"}],"about":[{"href":"https:\/\/comandogeraldanoticia.com.br\/index.php\/wp-json\/wp\/v2\/types\/post"}],"author":[{"embeddable":true,"href":"https:\/\/comandogeraldanoticia.com.br\/index.php\/wp-json\/wp\/v2\/users\/5"}],"replies":[{"embeddable":true,"href":"https:\/\/comandogeraldanoticia.com.br\/index.php\/wp-json\/wp\/v2\/comments?post=74072"}],"version-history":[{"count":1,"href":"https:\/\/comandogeraldanoticia.com.br\/index.php\/wp-json\/wp\/v2\/posts\/74072\/revisions"}],"predecessor-version":[{"id":74074,"href":"https:\/\/comandogeraldanoticia.com.br\/index.php\/wp-json\/wp\/v2\/posts\/74072\/revisions\/74074"}],"wp:featuredmedia":[{"embeddable":true,"href":"https:\/\/comandogeraldanoticia.com.br\/index.php\/wp-json\/wp\/v2\/media\/74073"}],"wp:attachment":[{"href":"https:\/\/comandogeraldanoticia.com.br\/index.php\/wp-json\/wp\/v2\/media?parent=74072"}],"wp:term":[{"taxonomy":"category","embeddable":true,"href":"https:\/\/comandogeraldanoticia.com.br\/index.php\/wp-json\/wp\/v2\/categories?post=74072"},{"taxonomy":"post_tag","embeddable":true,"href":"https:\/\/comandogeraldanoticia.com.br\/index.php\/wp-json\/wp\/v2\/tags?post=74072"}],"curies":[{"name":"wp","href":"https:\/\/api.w.org\/{rel}","templated":true}]}}