{"id":74067,"date":"2026-03-08T01:19:11","date_gmt":"2026-03-08T01:19:11","guid":{"rendered":"https:\/\/comandogeraldanoticia.com.br\/?p=74067"},"modified":"2026-03-08T01:19:12","modified_gmt":"2026-03-08T01:19:12","slug":"preco-da-gasolina-sobe-e-chega-a-quase-r-7-em-postos-de-salvador","status":"publish","type":"post","link":"https:\/\/comandogeraldanoticia.com.br\/index.php\/2026\/03\/08\/preco-da-gasolina-sobe-e-chega-a-quase-r-7-em-postos-de-salvador\/","title":{"rendered":"Pre\u00e7o da gasolina sobe e chega a quase R$ 7 em postos de Salvador"},"content":{"rendered":"\n<p>Foto: Reprodu\u00e7\u00e3o\/TV Bahia<\/p>\n\n\n\n<p>Os motoristas baianos j\u00e1 sentem no bolso os reajustes no pre\u00e7o dos combust\u00edveis praticados pela Refinaria de Mataripe, divulgados na quinta-feira (5).<\/p>\n\n\n\n<p>De acordo com a Acelen, propriet\u00e1ria da refinaria, o reajuste para as distribuidoras foi de 11,8% para a gasolina e chegou a 17,9% no caso do diesel s500.<\/p>\n\n\n\n<p>O valor que chegou \u00e0s bombas dos postos j\u00e1 foi repassado ao consumidor, que tem encontrado o litro da gasolina por at\u00e9 R$ 6,99 em Salvador.<\/p>\n\n\n\n<p>Em nota, a Acelen informou que os pre\u00e7os dos produtos da Refinaria de Mataripe seguem crit\u00e9rios de mercado que levam em considera\u00e7\u00e3o vari\u00e1veis como custo do petr\u00f3leo &#8211; que \u00e9 adquirido a pre\u00e7os internacionais -, c\u00e2mbio e frete.<\/p>\n\n\n\n<p>Apesar da Acelen n\u00e3o especificar o que motivou esse reajuste do dia 5 de mar\u00e7o, o Sindcombust\u00edveis afirma que o cen\u00e1rio internacional, como as tens\u00f5es crescentes entre Estados Unidos, Israel e Ir\u00e3, j\u00e1 est\u00e1 interferindo no valor do petr\u00f3leo e, consequentemente, no pre\u00e7o do combust\u00edvel.<\/p>\n\n\n\n<p>&#8220;Ningu\u00e9m esperava que houvesse um conflito no s\u00e1bado. No pr\u00f3prio s\u00e1bado, o mercado internacional j\u00e1 apontou para um aumento consider\u00e1vel do barril do petr\u00f3leo&#8221;, disse o secret\u00e1rio executivo do Sindicombust\u00edveis Bahia, Marcelo Travassos.<\/p>\n\n\n\n<pre class=\"wp-block-code\"><code>\"O barril estava sendo comercializado a 71 d\u00f3lares e subiu para 80. Hoje j\u00e1 est\u00e1 em 85 d\u00f3lares. Imagina esse posto que comprava por um pre\u00e7o e hoje est\u00e1 pagando mais ou menos pelo pre\u00e7o que ele vendia\", explicou.<\/code><\/pre>\n\n\n\n<p>Em Salvador, na pr\u00e1tica, o motorista que vai ao posto de combust\u00edvel encontra hoje a gasolina ao menos R$ 0,30 mais cara, enquanto o do diesel elevou o valor em R$ 0,80 no litro.<\/p>\n\n\n\n<p>Veja bairros da capital baiana onde os pre\u00e7os j\u00e1 aumentaram:<\/p>\n\n\n\n<pre class=\"wp-block-code\"><code>Gasolina comum por R$ 6,99 - Posto Shell Paralela, Posto Pinto de Aguiar, Jaguar Combust\u00edvel (Magalh\u00e3es Neto) e Posto Arma\u00e7\u00e3o;\nGasolina comum por R$ 6,91 - Horto Florestal;\nGasolina comum por R$ 6,89 - Pituba e Granjas Rurais;\nGasolina comum por R$ 6,84 - Patamares;\nGasolina comum por R$ 6,79 - Arma\u00e7\u00e3o, Piraj\u00e1 e Com\u00e9rcio.<\/code><\/pre>\n\n\n\n<p>Reajuste para gasolina e diesel para as distribuidora<\/p>\n\n\n\n<p>Na quinta-feira (5), a Acelen, informou que houve reajuste para gasolina e diesel para as distribuidoras.<\/p>\n\n\n\n<pre class=\"wp-block-code\"><code>diesel s10 \u2013 R$ 3,56 para R$ 4,18 \u2013 aumento de 17,4%;\ndiesel s500 \u2013 R$ 3,46 para R$ 4,08 \u2013 aumento de 17,9%;\ngasolina \u2013 R$ 2,53 para R$ 2,83 \u2013 aumento de 11,8%.<\/code><\/pre>\n\n\n\n<p>A empresa ressaltou que possui uma pol\u00edtica de pre\u00e7os transparente, amparada por crit\u00e9rios t\u00e9cnicos, em conson\u00e2ncia com as pr\u00e1ticas internacionais de mercado.<br>Veja abaixo o hist\u00f3rico de aumentos:<\/p>\n\n\n\n<p>Gasolina<\/p>\n\n\n\n<pre class=\"wp-block-code\"><code>26\/02\/2026: R$ 2,5845 o litro\n05\/03\/2026: R$ 2,8845 o litro (maior valor desde 2 de outubro de 2025, quando foi registrado R$ 2,8940 o litro)<\/code><\/pre>\n\n\n\n<p>Diesel s10<\/p>\n\n\n\n<pre class=\"wp-block-code\"><code>26 de fevereiro: R$ 3,3309 por litro\n4 de mar\u00e7o: R$ 3,6108 por litro\n5 de mar\u00e7o: R$ 4,2316 por litro (o maior valor desde 5 de outubro de 2023, quando custou R$ 4,4638 por litro)<\/code><\/pre>\n\n\n\n<p>Perspectivas para o futuro<\/p>\n\n\n\n<p>Em entrevista para a TV Bahia, o secret\u00e1rio executivo do Sindicombust\u00edveis Bahia, Marcelo Travassos, afirmou que os pre\u00e7os da gasolina devem oscilar de acordo com o desenrolar do conflito no Oriente M\u00e9dio.<\/p>\n\n\n\n<pre class=\"wp-block-code\"><code>\"Agora imagine, se voc\u00ea tem um impacto em 40, 50 litros, imagine o posto que compra 30 mil litros? O impacto no fluxo financeiro deles...\", pontuou.<\/code><\/pre>\n\n\n\n<p>Marcelo Travassos tamb\u00e9m afirmou que os pre\u00e7os na Bahia s\u00e3o maiores que os tabelados pela Petrobras, em outras cidades do pa\u00eds.<\/p>\n\n\n\n<p>&#8220;\u00c9 uma situa\u00e7\u00e3o muito delicada principalmente porque temos nove estados que fazem fronteiras com a Bahia. Nosso produto vem da Acelen, que utiliza o pre\u00e7o internacional como par\u00e2metro para precifica\u00e7\u00e3o dos seus derivados, enquanto a Petrobras n\u00e3o usa esse par\u00e2metro&#8221;.<\/p>\n\n\n\n<p>O diretor do Sindicombust\u00edveis exemplificou a diferen\u00e7a de custo entre as cidades de Juazeiro, no norte baiano, e Petrolina, em Pernambuco, que s\u00e3o separadas por uma ponte de 600 metros, e segundo Marcelo Travassos, est\u00e1 em aproximadamente R$ 1,50.<\/p>\n\n\n\n<pre class=\"wp-block-code\"><code>\"Evidentemente que esses postos de estradas na Bahia v\u00e3o sofrer, porque nosso estado \u00e9 continental, que tem aproximadamente cinco BRs, que cortam norte, sul, leste e oeste, e que tem fronteiras com esses estados que s\u00e3o abastecidos pelo sistema Petrobras\", contou.<\/code><\/pre>\n\n\n\n<p>Fonte: g1<\/p>\n","protected":false},"excerpt":{"rendered":"<p>Foto: Reprodu\u00e7\u00e3o\/TV Bahia Os motoristas baianos j\u00e1 sentem no bolso os reajustes no pre\u00e7o dos combust\u00edveis praticados pela Refinaria de Mataripe, divulgados na quinta-feira (5). De acordo com a Acelen, propriet\u00e1ria da refinaria, o reajuste para as distribuidoras foi de 11,8% para a gasolina e chegou a 17,9% no caso do diesel s500. O valor<\/p>\n","protected":false},"author":5,"featured_media":74068,"comment_status":"open","ping_status":"open","sticky":false,"template":"","format":"standard","meta":{"om_disable_all_campaigns":false,"_monsterinsights_skip_tracking":false,"_monsterinsights_sitenote_active":false,"_monsterinsights_sitenote_note":"","_monsterinsights_sitenote_category":0,"footnotes":""},"categories":[39],"tags":[],"class_list":{"0":"post-74067","1":"post","2":"type-post","3":"status-publish","4":"format-standard","5":"has-post-thumbnail","7":"category-brasil"},"_links":{"self":[{"href":"https:\/\/comandogeraldanoticia.com.br\/index.php\/wp-json\/wp\/v2\/posts\/74067","targetHints":{"allow":["GET"]}}],"collection":[{"href":"https:\/\/comandogeraldanoticia.com.br\/index.php\/wp-json\/wp\/v2\/posts"}],"about":[{"href":"https:\/\/comandogeraldanoticia.com.br\/index.php\/wp-json\/wp\/v2\/types\/post"}],"author":[{"embeddable":true,"href":"https:\/\/comandogeraldanoticia.com.br\/index.php\/wp-json\/wp\/v2\/users\/5"}],"replies":[{"embeddable":true,"href":"https:\/\/comandogeraldanoticia.com.br\/index.php\/wp-json\/wp\/v2\/comments?post=74067"}],"version-history":[{"count":2,"href":"https:\/\/comandogeraldanoticia.com.br\/index.php\/wp-json\/wp\/v2\/posts\/74067\/revisions"}],"predecessor-version":[{"id":74070,"href":"https:\/\/comandogeraldanoticia.com.br\/index.php\/wp-json\/wp\/v2\/posts\/74067\/revisions\/74070"}],"wp:featuredmedia":[{"embeddable":true,"href":"https:\/\/comandogeraldanoticia.com.br\/index.php\/wp-json\/wp\/v2\/media\/74068"}],"wp:attachment":[{"href":"https:\/\/comandogeraldanoticia.com.br\/index.php\/wp-json\/wp\/v2\/media?parent=74067"}],"wp:term":[{"taxonomy":"category","embeddable":true,"href":"https:\/\/comandogeraldanoticia.com.br\/index.php\/wp-json\/wp\/v2\/categories?post=74067"},{"taxonomy":"post_tag","embeddable":true,"href":"https:\/\/comandogeraldanoticia.com.br\/index.php\/wp-json\/wp\/v2\/tags?post=74067"}],"curies":[{"name":"wp","href":"https:\/\/api.w.org\/{rel}","templated":true}]}}