{"id":74060,"date":"2026-03-08T01:01:03","date_gmt":"2026-03-08T01:01:03","guid":{"rendered":"https:\/\/comandogeraldanoticia.com.br\/?p=74060"},"modified":"2026-03-08T01:01:04","modified_gmt":"2026-03-08T01:01:04","slug":"esta-na-hora-de-os-adultos-sentarem-a-mesa-diz-geddel-apos-polemicas","status":"publish","type":"post","link":"https:\/\/comandogeraldanoticia.com.br\/index.php\/2026\/03\/08\/esta-na-hora-de-os-adultos-sentarem-a-mesa-diz-geddel-apos-polemicas\/","title":{"rendered":"\u2018Est\u00e1 na hora de os adultos sentarem \u00e0 mesa\u2019, diz Geddel ap\u00f3s pol\u00eamicas"},"content":{"rendered":"\n<p>Foto: Arquivo\/Jos\u00e9 Cruz\/Ag\u00eancia Brasil<\/p>\n\n\n\n<p>Um dos caciques do MDB baiano, o ex-ministro Geddel Vieira Lima voltou a comentar, nesta sexta-feira (6), as articula\u00e7\u00f5es pol\u00edticas em torno da forma\u00e7\u00e3o da chapa governista para as elei\u00e7\u00f5es de 2026 na Bahia. Em entrevista \u00e0 r\u00e1dio Metropolitana FM, ele demonstrou inc\u00f4modo com a indefini\u00e7\u00e3o sobre quem ocupar\u00e1 a vaga de vice-governador e defendeu que o tema seja discutido de forma mais direta dentro da base aliada.<\/p>\n\n\n\n<p>Segundo o emedebista, cabe ao governador Jer\u00f4nimo Rodrigues (PT) convocar o conselho pol\u00edtico para tratar do assunto e reduzir as especula\u00e7\u00f5es que circulam no meio pol\u00edtico e em publica\u00e7\u00f5es na internet.<br>\u201cSobre essa coisa da sucess\u00e3o, essa quest\u00e3o articula\u00e7\u00e3o pol\u00edtica, essa hist\u00f3ria de chapa, est\u00e1 na hora das crian\u00e7as da quinta s\u00e9rie sa\u00edrem da sala e os adultos sentarem \u00e0 mesa. Porque o avan\u00e7o da tecnologia e essa democracia da informa\u00e7\u00e3o termina gerando uma coisa que \u00e9 absolutamente fant\u00e1stica. Tem uma quantidade de sites, de blog, de portal, de gente que escreve e \u00e9 site de &#8216;fulano&#8217;, \u00e9 site ligado a &#8216;beltrano&#8217;, \u00e9 site financiado, etc. Voc\u00ea fica doido, porque \u00e0s vezes voc\u00ea l\u00ea um tro\u00e7o, mas aquilo ali eu n\u00e3o falei com ningu\u00e9m. As coisas v\u00e3o se multiplicando e a fofoca vai comendo e tal. E meias verdades viram verdades inteiras\u201d, disse o ex-ministro.<\/p>\n\n\n\n<p>Durante a entrevista, Geddel tamb\u00e9m lembrou o processo pol\u00edtico que levou ao rompimento do PP com o PT antes das elei\u00e7\u00f5es de 2022 e avaliou o desempenho do atual vice-governador Geraldo J\u00fanior (MDB) na base do governo estadual. Para ele, o MDB tem atuado de forma ativa na defesa da gest\u00e3o de Jer\u00f4nimo, postura que, segundo afirmou, n\u00e3o \u00e9 adotada por todos os partidos aliados.<\/p>\n\n\n\n<p>\u201cO MDB, pelo contr\u00e1rio, os seus quadros t\u00eam ido para a linha de frente, na defesa, no enfrentamento, apanhando, batendo e tal. Papel que muitos outros que deveriam fazer e n\u00e3o fazem\u201d, disse.<br><\/p>\n\n\n\n<p>Pol\u00eamica<\/p>\n\n\n\n<p>O ex-ministro tamb\u00e9m comentou o epis\u00f3dio recente de tens\u00e3o nas redes sociais envolvendo o ministro da Casa Civil, Rui Costa (PT), e Geraldo J\u00fanior. Sem entrar em confronto direto, ele afirmou n\u00e3o acreditar em um movimento de ruptura pol\u00edtica entre o PT e o MDB.<\/p>\n\n\n\n<p>\u201cO papel de jornalistas \u00e9 colocar fogo no parquinho, \u00e9 querer que deem declara\u00e7\u00e3o. Esse \u00e9 o papel, \u00e9 querer que deem declara\u00e7\u00e3o pol\u00eamica, para gerar manchete, para poder na internet ter seguidores&#8221;, ironizou.<\/p>\n\n\n\n<p>&#8220;Eu n\u00e3o vou fazer isso. Eu quero entender efetivamente o que est\u00e1 acontecendo. O governador Jer\u00f4nimo n\u00e3o conversou comigo ainda sobre esse assunto. N\u00e3o tratei desse assunto com o Jaques Wagner. N\u00e3o conversei com Rui Costa, com quem n\u00e3o tenho a aproxima\u00e7\u00e3o que tenho com Wagner, que eu respeito e tive rela\u00e7\u00e3o com Wagner no Congresso. Tenho mais rela\u00e7\u00e3o com Wagner. E n\u00e3o vi nenhum argumento plaus\u00edvel para isso\u201d, desconversou Geddel.<\/p>\n","protected":false},"excerpt":{"rendered":"<p>Foto: Arquivo\/Jos\u00e9 Cruz\/Ag\u00eancia Brasil Um dos caciques do MDB baiano, o ex-ministro Geddel Vieira Lima voltou a comentar, nesta sexta-feira (6), as articula\u00e7\u00f5es pol\u00edticas em torno da forma\u00e7\u00e3o da chapa governista para as elei\u00e7\u00f5es de 2026 na Bahia. Em entrevista \u00e0 r\u00e1dio Metropolitana FM, ele demonstrou inc\u00f4modo com a indefini\u00e7\u00e3o sobre quem ocupar\u00e1 a vaga<\/p>\n","protected":false},"author":5,"featured_media":74061,"comment_status":"open","ping_status":"open","sticky":false,"template":"","format":"standard","meta":{"om_disable_all_campaigns":false,"_monsterinsights_skip_tracking":false,"_monsterinsights_sitenote_active":false,"_monsterinsights_sitenote_note":"","_monsterinsights_sitenote_category":0,"footnotes":""},"categories":[71],"tags":[],"class_list":{"0":"post-74060","1":"post","2":"type-post","3":"status-publish","4":"format-standard","5":"has-post-thumbnail","7":"category-politica"},"_links":{"self":[{"href":"https:\/\/comandogeraldanoticia.com.br\/index.php\/wp-json\/wp\/v2\/posts\/74060","targetHints":{"allow":["GET"]}}],"collection":[{"href":"https:\/\/comandogeraldanoticia.com.br\/index.php\/wp-json\/wp\/v2\/posts"}],"about":[{"href":"https:\/\/comandogeraldanoticia.com.br\/index.php\/wp-json\/wp\/v2\/types\/post"}],"author":[{"embeddable":true,"href":"https:\/\/comandogeraldanoticia.com.br\/index.php\/wp-json\/wp\/v2\/users\/5"}],"replies":[{"embeddable":true,"href":"https:\/\/comandogeraldanoticia.com.br\/index.php\/wp-json\/wp\/v2\/comments?post=74060"}],"version-history":[{"count":2,"href":"https:\/\/comandogeraldanoticia.com.br\/index.php\/wp-json\/wp\/v2\/posts\/74060\/revisions"}],"predecessor-version":[{"id":74063,"href":"https:\/\/comandogeraldanoticia.com.br\/index.php\/wp-json\/wp\/v2\/posts\/74060\/revisions\/74063"}],"wp:featuredmedia":[{"embeddable":true,"href":"https:\/\/comandogeraldanoticia.com.br\/index.php\/wp-json\/wp\/v2\/media\/74061"}],"wp:attachment":[{"href":"https:\/\/comandogeraldanoticia.com.br\/index.php\/wp-json\/wp\/v2\/media?parent=74060"}],"wp:term":[{"taxonomy":"category","embeddable":true,"href":"https:\/\/comandogeraldanoticia.com.br\/index.php\/wp-json\/wp\/v2\/categories?post=74060"},{"taxonomy":"post_tag","embeddable":true,"href":"https:\/\/comandogeraldanoticia.com.br\/index.php\/wp-json\/wp\/v2\/tags?post=74060"}],"curies":[{"name":"wp","href":"https:\/\/api.w.org\/{rel}","templated":true}]}}