{"id":74056,"date":"2026-03-08T00:56:43","date_gmt":"2026-03-08T00:56:43","guid":{"rendered":"https:\/\/comandogeraldanoticia.com.br\/?p=74056"},"modified":"2026-03-08T00:56:44","modified_gmt":"2026-03-08T00:56:44","slug":"escandalo-do-master-gera-tensao-entre-servidores-do-banco-central","status":"publish","type":"post","link":"https:\/\/comandogeraldanoticia.com.br\/index.php\/2026\/03\/08\/escandalo-do-master-gera-tensao-entre-servidores-do-banco-central\/","title":{"rendered":"Esc\u00e2ndalo do Master gera tens\u00e3o entre servidores do Banco Central"},"content":{"rendered":"\n<p><\/p>\n\n\n\n<hr class=\"wp-block-separator has-alpha-channel-opacity\"\/>\n\n\n\n<p>Os ind\u00edcios de envolvimento de ex-dirigentes do Banco Central (BC) no caso relacionado ao Banco Master provocaram uma repercuss\u00e3o interna sem precedentes na autarquia. Nos bastidores, servidores demonstram preocupa\u00e7\u00e3o com o impacto do epis\u00f3dio sobre a imagem da institui\u00e7\u00e3o e temem que o caso afete a percep\u00e7\u00e3o p\u00fablica sobre o trabalho t\u00e9cnico do \u00f3rg\u00e3o.<\/p>\n\n\n\n<p>Investiga\u00e7\u00f5es apontam que o ex-diretor de Fiscaliza\u00e7\u00e3o, Paulo Souza, e o ex-chefe do Departamento de Supervis\u00e3o Banc\u00e1ria, Belline Santana, teriam atuado como \u201cconsultores informais\u201d do banco controlado por Daniel Vorcaro dentro da autarquia, recebendo recursos para ajudar a institui\u00e7\u00e3o a driblar a fiscaliza\u00e7\u00e3o.<\/p>\n\n\n\n<p>Os dois foram alvo de busca e apreens\u00e3o realizadas pela Pol\u00edcia Federal (PF) na \u00faltima quarta-feira (4\/3), na terceira fase da Opera\u00e7\u00e3o Compliance Zero. Por decis\u00e3o do ministro do Supremo Tribunal Federal (STF) Andr\u00e9 Mendon\u00e7a, ambos tamb\u00e9m passaram a usar tornozeleira eletr\u00f4nica.<\/p>\n\n\n\n<p>Servidores do Banco Central relatam que o caso provocou perplexidade, surpresa e incredulidade dentro da institui\u00e7\u00e3o. Apesar da forte repercuss\u00e3o interna, funcion\u00e1rios t\u00eam evitado avalia\u00e7\u00f5es precipitadas ou julgamentos sobre a conduta dos ex-colegas enquanto as apura\u00e7\u00f5es seguem em andamento.<\/p>\n\n\n\n<p>Em nota oficial, o Sindicato Nacional dos Funcion\u00e1rios do Banco Central (Sinal) afirmou acompanhar com aten\u00e7\u00e3o os desdobramentos do caso. A entidade ressaltou que, sem entrar no m\u00e9rito das apura\u00e7\u00f5es, reafirma o compromisso com a institucionalidade da autarquia e com o respeito \u00e0s decis\u00f5es das autoridades competentes.&nbsp;<\/p>\n","protected":false},"excerpt":{"rendered":"<p>Os ind\u00edcios de envolvimento de ex-dirigentes do Banco Central (BC) no caso relacionado ao Banco Master provocaram uma repercuss\u00e3o interna sem precedentes na autarquia. Nos bastidores, servidores demonstram preocupa\u00e7\u00e3o com o impacto do epis\u00f3dio sobre a imagem da institui\u00e7\u00e3o e temem que o caso afete a percep\u00e7\u00e3o p\u00fablica sobre o trabalho t\u00e9cnico do \u00f3rg\u00e3o. Investiga\u00e7\u00f5es<\/p>\n","protected":false},"author":5,"featured_media":74057,"comment_status":"open","ping_status":"open","sticky":false,"template":"","format":"standard","meta":{"om_disable_all_campaigns":false,"_monsterinsights_skip_tracking":false,"_monsterinsights_sitenote_active":false,"_monsterinsights_sitenote_note":"","_monsterinsights_sitenote_category":0,"footnotes":""},"categories":[43],"tags":[],"class_list":{"0":"post-74056","1":"post","2":"type-post","3":"status-publish","4":"format-standard","5":"has-post-thumbnail","7":"category-economia"},"_links":{"self":[{"href":"https:\/\/comandogeraldanoticia.com.br\/index.php\/wp-json\/wp\/v2\/posts\/74056","targetHints":{"allow":["GET"]}}],"collection":[{"href":"https:\/\/comandogeraldanoticia.com.br\/index.php\/wp-json\/wp\/v2\/posts"}],"about":[{"href":"https:\/\/comandogeraldanoticia.com.br\/index.php\/wp-json\/wp\/v2\/types\/post"}],"author":[{"embeddable":true,"href":"https:\/\/comandogeraldanoticia.com.br\/index.php\/wp-json\/wp\/v2\/users\/5"}],"replies":[{"embeddable":true,"href":"https:\/\/comandogeraldanoticia.com.br\/index.php\/wp-json\/wp\/v2\/comments?post=74056"}],"version-history":[{"count":2,"href":"https:\/\/comandogeraldanoticia.com.br\/index.php\/wp-json\/wp\/v2\/posts\/74056\/revisions"}],"predecessor-version":[{"id":74059,"href":"https:\/\/comandogeraldanoticia.com.br\/index.php\/wp-json\/wp\/v2\/posts\/74056\/revisions\/74059"}],"wp:featuredmedia":[{"embeddable":true,"href":"https:\/\/comandogeraldanoticia.com.br\/index.php\/wp-json\/wp\/v2\/media\/74057"}],"wp:attachment":[{"href":"https:\/\/comandogeraldanoticia.com.br\/index.php\/wp-json\/wp\/v2\/media?parent=74056"}],"wp:term":[{"taxonomy":"category","embeddable":true,"href":"https:\/\/comandogeraldanoticia.com.br\/index.php\/wp-json\/wp\/v2\/categories?post=74056"},{"taxonomy":"post_tag","embeddable":true,"href":"https:\/\/comandogeraldanoticia.com.br\/index.php\/wp-json\/wp\/v2\/tags?post=74056"}],"curies":[{"name":"wp","href":"https:\/\/api.w.org\/{rel}","templated":true}]}}