{"id":74049,"date":"2026-03-08T00:49:28","date_gmt":"2026-03-08T00:49:28","guid":{"rendered":"https:\/\/comandogeraldanoticia.com.br\/?p=74049"},"modified":"2026-03-08T00:49:29","modified_gmt":"2026-03-08T00:49:29","slug":"entrega-da-qualificacao-da-upa-de-arembepe-amplia-capacidade-de-atendimento-na-rede-de-urgencia-e-emergencia-na-orla-de-camacari","status":"publish","type":"post","link":"https:\/\/comandogeraldanoticia.com.br\/index.php\/2026\/03\/08\/entrega-da-qualificacao-da-upa-de-arembepe-amplia-capacidade-de-atendimento-na-rede-de-urgencia-e-emergencia-na-orla-de-camacari\/","title":{"rendered":"Entrega da qualifica\u00e7\u00e3o da UPA de Arembepe amplia capacidade de atendimento na rede de urg\u00eancia e emerg\u00eancia na orla de Cama\u00e7ari"},"content":{"rendered":"\n<p>A Prefeitura de Cama\u00e7ari, por meio da Secretaria da Sa\u00fade (Sesau), realizou nesta sexta-feira (6) a entrega da nova Unidade de Pronto Atendimento (UPA) de Arembepe, ap\u00f3s a conclus\u00e3o das obras de qualifica\u00e7\u00e3o estrutural. Com a finaliza\u00e7\u00e3o da interven\u00e7\u00e3o, a unidade retoma o funcionamento ampliando as condi\u00e7\u00f5es de atendimento e refor\u00e7ando a assist\u00eancia em urg\u00eancia e emerg\u00eancia para moradores da localidade e de regi\u00f5es pr\u00f3ximas.<\/p>\n\n\n<div class=\"wp-block-image\">\n<figure class=\"alignleft size-large is-resized\"><img decoding=\"async\" src=\"https:\/\/fatoverdade.com.br\/wp-content\/uploads\/2026\/03\/Sesau_entrega-qualificacao-upa-arembepe_26_6.3.2026_Foto_Patrick-Abreu-1024x682.jpeg\" alt=\"\" class=\"wp-image-60005\" style=\"width:443px;height:auto\"\/><\/figure><\/div>\n\n\n<p>O prefeito Luiz Caetano enfatizou o compromisso da gest\u00e3o municipal com o fortalecimento da rede p\u00fablica de sa\u00fade. \u201cEstamos entregando \u00e0 popula\u00e7\u00e3o uma unidade mais estruturada, com melhores condi\u00e7\u00f5es para atender quem precisa. Investir na melhoria dos equipamentos de sa\u00fade \u00e9 garantir dignidade no atendimento e melhores condi\u00e7\u00f5es de trabalho para os profissionais que atuam na linha de frente\u201d, pontuou.<\/p>\n\n\n\n<p>A interven\u00e7\u00e3o, iniciada em dezembro de 2025, contemplou melhorias significativas na infraestrutura da unidade, incluindo adequa\u00e7\u00f5es nas redes el\u00e9trica e hidr\u00e1ulica, reparos no telhado e substitui\u00e7\u00e3o completa do piso. O espa\u00e7o tamb\u00e9m recebeu novos mobili\u00e1rios e equipamentos destinados \u00e0s \u00e1reas assistenciais, al\u00e9m da reestrutura\u00e7\u00e3o das \u00e1reas de descanso e copa voltadas aos profissionais de sa\u00fade, proporcionando melhores condi\u00e7\u00f5es de trabalho \u00e0s equipes.<\/p>\n\n\n<div class=\"wp-block-image\">\n<figure class=\"alignright size-large is-resized\"><img decoding=\"async\" src=\"http:\/\/fatoverdade.com.br\/wp-content\/uploads\/2026\/03\/Sesau_entrega-qualificacao-upa-arembepe_5_6.3.2026_Foto_Patrick-Abreu-1024x682.jpeg\" alt=\"\" class=\"wp-image-60004\" style=\"width:347px;height:auto\"\/><\/figure><\/div>\n\n\n<p>A secret\u00e1ria de Sa\u00fade, Rosangela Almeida enfatizou que as melhorias na UPA de Arembepe representam um avan\u00e7o importante para a assist\u00eancia em sa\u00fade no munic\u00edpio. &#8220;\u00c9 mais uma entrega com olhar voltado a melhorar a sa\u00fade da nossa popula\u00e7\u00e3o, integrando uma s\u00e9rie de reformas que a gest\u00e3o est\u00e1 empenhada em garantir. A UPA de Arembepe \u00e9 uma unidade de grande import\u00e2ncia para a regi\u00e3o, mas tamb\u00e9m para todo o nosso litoral, para a popula\u00e7\u00e3o que visita a nossa orla, para a popula\u00e7\u00e3o que vai estar aqui para o Festival de Arembepe, que se aproxima. Ou seja, para o povo\u201d, afirmou.<\/p>\n\n\n\n<p>A UPA de Arembepe disp\u00f5e de leitos de observa\u00e7\u00e3o (amarelo), tr\u00eas leitos de emerg\u00eancia (vermelho) e um leito de isolamento, al\u00e9m de laborat\u00f3rio com funcionamento 24 horas, setor de Raio-X, sala de eletrocardiograma (ECG) e sala de vacina\u00e7\u00e3o para agravos graves. O espa\u00e7o conta ainda com servi\u00e7o de epidemiologia e assist\u00eancia social, com ambiente destinado ao acolhimento dos usu\u00e1rios.<\/p>\n\n\n\n<p>Conforme a coordenadora da UPA de Arembepe, Edvania Suzi Ara\u00fajo, as melhorias estruturais impactam diretamente na qualidade do atendimento. \u201cRecebemos aqui, em m\u00e9dia, de 200 a 300 atendimentos por dia, de domingo a domingo. Nosso objetivo \u00e9 de sempre agilizar os fluxos de atendimentos e fortalecer o cuidado prestado aos usu\u00e1rios que buscam a unidade, isso est\u00e1 diretamente ligado a parte de infraestrutura, que agora est\u00e1 totalmente equipada\u201d, afirmou.<\/p>\n\n\n<div class=\"wp-block-image\">\n<figure class=\"alignright size-large is-resized\"><img decoding=\"async\" src=\"https:\/\/fatoverdade.com.br\/wp-content\/uploads\/2026\/03\/Sesau_entrega-qualificacao-upa-arembepe_21_6.3.2026_Foto_Patrick-Abreu-1024x682.jpeg\" alt=\"\" class=\"wp-image-60003\" style=\"width:498px;height:auto\"\/><\/figure><\/div>\n\n\n<p>Refer\u00eancia no atendimento de urg\u00eancia e emerg\u00eancia na regi\u00e3o, a UPA de Arembepe funciona 24 horas por dia e oferece acolhimento com classifica\u00e7\u00e3o de risco (ACCR), atendimento m\u00e9dico e odontol\u00f3gico ininterrupto, al\u00e9m de sala de medica\u00e7\u00e3o r\u00e1pida e nebuliza\u00e7\u00e3o. A unidade tamb\u00e9m presta assist\u00eancia em casos graves, como traumas, Acidente Vascular Cerebral (AVC) e Infarto Agudo do Mioc\u00e1rdio (IAM), realizando a regula\u00e7\u00e3o de pacientes por meio da SUREM para encaminhamento \u00e0 rede hospitalar quando necess\u00e1rio.<\/p>\n\n\n\n<p>Para garantir a continuidade do cuidado, a unidade disp\u00f5e de ambul\u00e2ncia b\u00e1sica pr\u00f3pria para transfer\u00eancia de pacientes regulados e est\u00e1veis, al\u00e9m do suporte da regula\u00e7\u00e3o do Servi\u00e7o de Atendimento M\u00f3vel de Urg\u00eancia (SAMU) em situa\u00e7\u00f5es de maior gravidade.<\/p>\n\n\n\n<p>A assist\u00eancia \u00e9 realizada por uma equipe multiprofissional que atua em regime de plant\u00e3o 24 horas, composta por m\u00e9dicos, enfermeiros, t\u00e9cnicos de enfermagem, odont\u00f3logos, biom\u00e9dico, farmac\u00eautico, assistente social, t\u00e9cnicos em radiologia e t\u00e9cnicos em sa\u00fade bucal, al\u00e9m de profissionais das \u00e1reas de recep\u00e7\u00e3o, higieniza\u00e7\u00e3o e apoio administrativo.<\/p>\n\n\n\n<p>Morador de Arembepe h\u00e1 cerca de 7 anos, Raimundo Ribeiro, 65 anos, celebrou a entrega da unidade para a comunidade. \u201cPara quem mora aqui, ter a UPA funcionando com essa estrutura moderna faz toda diferen\u00e7a. A gente sabe que pode contar com atendimento perto de casa quando precisa\u201d, comentou.<\/p>\n\n\n\n<p>Com a entrega da unidade qualificada, a Prefeitura fortalece seu papel estrat\u00e9gico na rede de urg\u00eancia e emerg\u00eancia de Cama\u00e7ari, ampliando a qualidade da assist\u00eancia prestada e garantindo mais seguran\u00e7a, conforto e resolutividade no atendimento \u00e0 popula\u00e7\u00e3o.<\/p>\n\n\n\n<p>Foto: Patrick Abreu<\/p>\n","protected":false},"excerpt":{"rendered":"<p>A Prefeitura de Cama\u00e7ari, por meio da Secretaria da Sa\u00fade (Sesau), realizou nesta sexta-feira (6) a entrega da nova Unidade de Pronto Atendimento (UPA) de Arembepe, ap\u00f3s a conclus\u00e3o das obras de qualifica\u00e7\u00e3o estrutural. Com a finaliza\u00e7\u00e3o da interven\u00e7\u00e3o, a unidade retoma o funcionamento ampliando as condi\u00e7\u00f5es de atendimento e refor\u00e7ando a assist\u00eancia em urg\u00eancia<\/p>\n","protected":false},"author":5,"featured_media":74050,"comment_status":"open","ping_status":"open","sticky":false,"template":"","format":"standard","meta":{"om_disable_all_campaigns":false,"_monsterinsights_skip_tracking":false,"_monsterinsights_sitenote_active":false,"_monsterinsights_sitenote_note":"","_monsterinsights_sitenote_category":0,"footnotes":""},"categories":[40],"tags":[],"class_list":{"0":"post-74049","1":"post","2":"type-post","3":"status-publish","4":"format-standard","5":"has-post-thumbnail","7":"category-camacari"},"_links":{"self":[{"href":"https:\/\/comandogeraldanoticia.com.br\/index.php\/wp-json\/wp\/v2\/posts\/74049","targetHints":{"allow":["GET"]}}],"collection":[{"href":"https:\/\/comandogeraldanoticia.com.br\/index.php\/wp-json\/wp\/v2\/posts"}],"about":[{"href":"https:\/\/comandogeraldanoticia.com.br\/index.php\/wp-json\/wp\/v2\/types\/post"}],"author":[{"embeddable":true,"href":"https:\/\/comandogeraldanoticia.com.br\/index.php\/wp-json\/wp\/v2\/users\/5"}],"replies":[{"embeddable":true,"href":"https:\/\/comandogeraldanoticia.com.br\/index.php\/wp-json\/wp\/v2\/comments?post=74049"}],"version-history":[{"count":2,"href":"https:\/\/comandogeraldanoticia.com.br\/index.php\/wp-json\/wp\/v2\/posts\/74049\/revisions"}],"predecessor-version":[{"id":74052,"href":"https:\/\/comandogeraldanoticia.com.br\/index.php\/wp-json\/wp\/v2\/posts\/74049\/revisions\/74052"}],"wp:featuredmedia":[{"embeddable":true,"href":"https:\/\/comandogeraldanoticia.com.br\/index.php\/wp-json\/wp\/v2\/media\/74050"}],"wp:attachment":[{"href":"https:\/\/comandogeraldanoticia.com.br\/index.php\/wp-json\/wp\/v2\/media?parent=74049"}],"wp:term":[{"taxonomy":"category","embeddable":true,"href":"https:\/\/comandogeraldanoticia.com.br\/index.php\/wp-json\/wp\/v2\/categories?post=74049"},{"taxonomy":"post_tag","embeddable":true,"href":"https:\/\/comandogeraldanoticia.com.br\/index.php\/wp-json\/wp\/v2\/tags?post=74049"}],"curies":[{"name":"wp","href":"https:\/\/api.w.org\/{rel}","templated":true}]}}