{"id":74045,"date":"2026-03-07T01:42:03","date_gmt":"2026-03-07T01:42:03","guid":{"rendered":"https:\/\/comandogeraldanoticia.com.br\/?p=74045"},"modified":"2026-03-07T01:42:04","modified_gmt":"2026-03-07T01:42:04","slug":"obra-de-qualificacao-da-upa-de-arembepe-sera-entregue-nesta-sexta","status":"publish","type":"post","link":"https:\/\/comandogeraldanoticia.com.br\/index.php\/2026\/03\/07\/obra-de-qualificacao-da-upa-de-arembepe-sera-entregue-nesta-sexta\/","title":{"rendered":"Obra de qualifica\u00e7\u00e3o da UPA de Arembepe ser\u00e1 entregue nesta sexta"},"content":{"rendered":"\n<p>A Prefeitura de Cama\u00e7ari, por meio da Secretaria da Sa\u00fade (Sesau), realiza nesta sexta-feira (6), \u00e0s 16h, a entrega da Unidade de Pronto Atendimento (UPA) de Arembepe, ap\u00f3s a conclus\u00e3o das obras de qualifica\u00e7\u00e3o estrutural. Com a finaliza\u00e7\u00e3o da interven\u00e7\u00e3o, iniciada em dezembro de 2025, a unidade volta a funcionar em sua sede, ampliando as condi\u00e7\u00f5es de atendimento \u00e0 popula\u00e7\u00e3o.<\/p>\n\n\n\n<p>A interven\u00e7\u00e3o contemplou melhorias significativas na infraestrutura da unidade, incluindo adequa\u00e7\u00f5es nas redes el\u00e9trica e hidr\u00e1ulica, reparos no telhado e substitui\u00e7\u00e3o completa do piso. O espa\u00e7o tamb\u00e9m recebeu novos mobili\u00e1rios e equipamentos para as \u00e1reas assistenciais, al\u00e9m da reestrutura\u00e7\u00e3o das \u00e1reas de descanso e copa destinadas aos profissionais de sa\u00fade, proporcionando melhores condi\u00e7\u00f5es de trabalho \u00e0s equipes.<\/p>\n\n\n\n<p>A unidade conta ainda com leitos de observa\u00e7\u00e3o (amarelo), tr\u00eas leitos de emerg\u00eancia (vermelho) e um leito de isolamento, al\u00e9m de laborat\u00f3rio com funcionamento 24 horas, setor de Raio-X, sala de eletrocardiograma (ECG), sala de vacina\u00e7\u00e3o para agravos graves, servi\u00e7o de epidemiologia e assist\u00eancia social com espa\u00e7o destinado ao acolhimento.<\/p>\n\n\n\n<p>A UPA tamb\u00e9m presta assist\u00eancia em casos graves, como traumas, Acidente Vascular Cerebral (AVC) e Infarto Agudo do Mioc\u00e1rdio (IAM), realizando a regula\u00e7\u00e3o de pacientes por meio da SUREM para encaminhamento \u00e0 rede hospitalar quando necess\u00e1rio.<\/p>\n\n\n\n<p>Para garantir a continuidade do cuidado, a unidade disp\u00f5e de ambul\u00e2ncia b\u00e1sica pr\u00f3pria para transfer\u00eancia de pacientes regulados e est\u00e1veis, al\u00e9m do suporte da regula\u00e7\u00e3o do SAMU nos casos de maior gravidade.<\/p>\n\n\n\n<p>A assist\u00eancia \u00e9 realizada por uma equipe multiprofissional que atua em regime de plant\u00e3o 24 horas, formada por m\u00e9dicos, enfermeiros, t\u00e9cnicos de enfermagem, odont\u00f3logos, biom\u00e9dico, farmac\u00eautico, assistente social, t\u00e9cnicos em radiologia e t\u00e9cnicos em sa\u00fade bucal, al\u00e9m de profissionais das \u00e1reas de recep\u00e7\u00e3o, higieniza\u00e7\u00e3o e apoio administrativo.<\/p>\n\n\n\n<p>Refer\u00eancia no atendimento de urg\u00eancia e emerg\u00eancia na regi\u00e3o, a UPA de Arembepe funciona 24 horas por dia e oferece acolhimento com classifica\u00e7\u00e3o de risco (ACCR), atendimento m\u00e9dico e odontol\u00f3gico ininterrupto, al\u00e9m de sala de medica\u00e7\u00e3o r\u00e1pida e nebuliza\u00e7\u00e3o. Durante o per\u00edodo de reforma, os atendimentos foram transferidos temporariamente para a Unidade B\u00e1sica de Sa\u00fade (UBS) de Arembepe, estrat\u00e9gia adotada para assegurar a continuidade da assist\u00eancia aos moradores da localidade e regi\u00f5es pr\u00f3ximas.<\/p>\n\n\n\n<p>Com a entrega da qualifica\u00e7\u00e3o da UPA de Arembepe, a Sesau fortalece seu papel estrat\u00e9gico na rede de Urg\u00eancia e Emerg\u00eancia de Cama\u00e7ari, ampliando a qualidade da assist\u00eancia prestada e garantindo mais seguran\u00e7a, conforto e resolutividade no atendimento \u00e0 popula\u00e7\u00e3o.<\/p>\n\n\n\n<p>Foto: Patrick Abreu<\/p>\n","protected":false},"excerpt":{"rendered":"<p>A Prefeitura de Cama\u00e7ari, por meio da Secretaria da Sa\u00fade (Sesau), realiza nesta sexta-feira (6), \u00e0s 16h, a entrega da Unidade de Pronto Atendimento (UPA) de Arembepe, ap\u00f3s a conclus\u00e3o das obras de qualifica\u00e7\u00e3o estrutural. Com a finaliza\u00e7\u00e3o da interven\u00e7\u00e3o, iniciada em dezembro de 2025, a unidade volta a funcionar em sua sede, ampliando as<\/p>\n","protected":false},"author":5,"featured_media":74046,"comment_status":"open","ping_status":"open","sticky":false,"template":"","format":"standard","meta":{"om_disable_all_campaigns":false,"_monsterinsights_skip_tracking":false,"_monsterinsights_sitenote_active":false,"_monsterinsights_sitenote_note":"","_monsterinsights_sitenote_category":0,"footnotes":""},"categories":[40],"tags":[],"class_list":{"0":"post-74045","1":"post","2":"type-post","3":"status-publish","4":"format-standard","5":"has-post-thumbnail","7":"category-camacari"},"_links":{"self":[{"href":"https:\/\/comandogeraldanoticia.com.br\/index.php\/wp-json\/wp\/v2\/posts\/74045","targetHints":{"allow":["GET"]}}],"collection":[{"href":"https:\/\/comandogeraldanoticia.com.br\/index.php\/wp-json\/wp\/v2\/posts"}],"about":[{"href":"https:\/\/comandogeraldanoticia.com.br\/index.php\/wp-json\/wp\/v2\/types\/post"}],"author":[{"embeddable":true,"href":"https:\/\/comandogeraldanoticia.com.br\/index.php\/wp-json\/wp\/v2\/users\/5"}],"replies":[{"embeddable":true,"href":"https:\/\/comandogeraldanoticia.com.br\/index.php\/wp-json\/wp\/v2\/comments?post=74045"}],"version-history":[{"count":2,"href":"https:\/\/comandogeraldanoticia.com.br\/index.php\/wp-json\/wp\/v2\/posts\/74045\/revisions"}],"predecessor-version":[{"id":74048,"href":"https:\/\/comandogeraldanoticia.com.br\/index.php\/wp-json\/wp\/v2\/posts\/74045\/revisions\/74048"}],"wp:featuredmedia":[{"embeddable":true,"href":"https:\/\/comandogeraldanoticia.com.br\/index.php\/wp-json\/wp\/v2\/media\/74046"}],"wp:attachment":[{"href":"https:\/\/comandogeraldanoticia.com.br\/index.php\/wp-json\/wp\/v2\/media?parent=74045"}],"wp:term":[{"taxonomy":"category","embeddable":true,"href":"https:\/\/comandogeraldanoticia.com.br\/index.php\/wp-json\/wp\/v2\/categories?post=74045"},{"taxonomy":"post_tag","embeddable":true,"href":"https:\/\/comandogeraldanoticia.com.br\/index.php\/wp-json\/wp\/v2\/tags?post=74045"}],"curies":[{"name":"wp","href":"https:\/\/api.w.org\/{rel}","templated":true}]}}