{"id":74041,"date":"2026-03-07T01:34:26","date_gmt":"2026-03-07T01:34:26","guid":{"rendered":"https:\/\/comandogeraldanoticia.com.br\/?p=74041"},"modified":"2026-03-07T01:34:27","modified_gmt":"2026-03-07T01:34:27","slug":"prefeitura-e-governo-do-estado-alinham-realizacao-das-caravanas-de-direitos-humanos-nos-coletivos-bahia-pela-paz-em-camacari","status":"publish","type":"post","link":"https:\/\/comandogeraldanoticia.com.br\/index.php\/2026\/03\/07\/prefeitura-e-governo-do-estado-alinham-realizacao-das-caravanas-de-direitos-humanos-nos-coletivos-bahia-pela-paz-em-camacari\/","title":{"rendered":"Prefeitura e Governo do Estado alinham realiza\u00e7\u00e3o das Caravanas de Direitos Humanos nos coletivos Bahia pela Paz em Cama\u00e7ari"},"content":{"rendered":"\n<p>Em reuni\u00e3o realizada na manh\u00e3 desta sexta-feira (6), na Cidade do Saber (CDS), a Prefeitura de Cama\u00e7ari e representantes do Governo do Estado discutiram a realiza\u00e7\u00e3o das Caravanas de Direitos Humanos nos coletivos do Phoc I e de Abrantes, vinculados ao Programa Bahia pela Paz. A iniciativa visa ampliar o acesso a servi\u00e7os e fortalecer a\u00e7\u00f5es voltadas \u00e0 promo\u00e7\u00e3o da cidadania e \u00e0 garantia de direitos para crian\u00e7as, adolescentes e jovens do munic\u00edpio.<\/p>\n\n\n\n<p>O prefeito Luiz Caetano falou sobre a import\u00e2ncia da integra\u00e7\u00e3o entre as esferas municipal e estadual para ampliar pol\u00edticas p\u00fablicas voltadas \u00e0 juventude e \u00e0s comunidades mais vulner\u00e1veis. \u201cCama\u00e7ari tem um compromisso permanente com a promo\u00e7\u00e3o da cidadania e com a constru\u00e7\u00e3o de oportunidades para nossa juventude. Essa parceria com o Governo do Estado fortalece iniciativas que chegam diretamente \u00e0s comunidades, garantindo acesso a direitos, servi\u00e7os e pol\u00edticas que contribuem para a preven\u00e7\u00e3o da viol\u00eancia e para a inclus\u00e3o social\u201d, pontuou.<\/p>\n\n\n\n<p>A Caravana de Direitos Humanos \u00e9 uma pol\u00edtica p\u00fablica coordenada pela Secretaria de Justi\u00e7a e Direitos Humanos da Bahia (SJDH), que busca promover cidadania nos Territ\u00f3rios de Identidade do estado por meio da oferta integrada de servi\u00e7os e orienta\u00e7\u00f5es \u00e0 popula\u00e7\u00e3o. De acordo com o titular da SJDH, Felipe Freitas, a proposta \u00e9 aproximar as pol\u00edticas de direitos humanos das comunidades, ampliando o alcance dos servi\u00e7os p\u00fablicos.<\/p>\n\n\n\n<p>&#8220;Anunciamos hoje que vamos realizar agora, em mar\u00e7o, as caravanas de Direitos Humanos. Vamos trazer servi\u00e7os para a popula\u00e7\u00e3o na \u00e1rea de documenta\u00e7\u00e3o, acesso \u00e0 justi\u00e7a, como tamb\u00e9m atendimentos na \u00e1rea de defesa dos direitos do consumidor. Esses servi\u00e7os s\u00e3o destinados aos moradores desses dois bairros, mas tamb\u00e9m de toda a cidade. S\u00e3o os servi\u00e7os p\u00fablicos que n\u00f3s ofertamos cotidianamente, mas que precisam estar sendo apresentados cada vez mais perto da popula\u00e7\u00e3o\u201d, afirmou Felipe Freitas.<\/p>\n\n\n\n<p>Sob avalia\u00e7\u00e3o do coordenador do Gabinete de Gest\u00e3o Integrada Municipal (GGIM), Gilberto D\u2019Errico, o programa \u00e9 essencial para o fortalecimento da rede de prote\u00e7\u00e3o social. \u201cQuando levamos servi\u00e7os e pol\u00edticas p\u00fablicas diretamente aos territ\u00f3rios, conseguimos atuar de forma mais preventiva e integrada. Os coletivos e as caravanas refor\u00e7am esse trabalho, criando oportunidades e fortalecendo v\u00ednculos comunit\u00e1rios\u201d, assegurou.<\/p>\n\n\n\n<p>Entre as novidades anunciadas durante o encontro, est\u00e1 a atua\u00e7\u00e3o do Centro de Refer\u00eancia de Atendimento \u00e0 Mulher Yolanda Pires (CRAM), que chega para refor\u00e7ar as a\u00e7\u00f5es do coletivo dos Phocs. \u201cA Semu est\u00e1 em constante di\u00e1logo com esse projeto integrado, atrav\u00e9s de a\u00e7\u00f5es com as v\u00edtimas de viol\u00eancia, levando tamb\u00e9m o projeto \u2018Respeito \u00e9 a Base\u2019 para a nossa juventude. Hoje, discutimos a amplia\u00e7\u00e3o da nossa parceria. Atualmente, o N\u00facleo de Atendimento \u00e0 Mulher, o NAM, j\u00e1 atua junto com o coletivo de Abrantes. Agora, a grande novidade \u00e9 que o CRAM entra na jogada para auxiliar o coletivo dos Phocs\u201d, enfatizou a secret\u00e1ria da Mulher, Branca Patr\u00edcia.<\/p>\n\n\n\n<p>Instalados em dezembro de 2025, os coletivos do Phoc I e de Abrantes j\u00e1 proporcionaram o fortalecimento dos v\u00ednculos das fam\u00edlias com as equipes, bem como a identifica\u00e7\u00e3o de projetos importantes, a exemplo do Esporte por Toda Parte, com turmas em funcionamento, al\u00e9m dos editais de cultura que j\u00e1 selecionaram projetos dos dois bairros. Ao longo deste m\u00eas de mar\u00e7o, o coletivo de Abrantes tamb\u00e9m tem realizado atividades espec\u00edficas em alus\u00e3o ao m\u00eas da mulher, relacionadas \u00e0 preven\u00e7\u00e3o \u00e0 viol\u00eancia de g\u00eanero.<\/p>\n\n\n\n<p>Em linhas gerais, os coletivos ainda contam com a parceria da Organiza\u00e7\u00e3o da Sociedade Civil (OSC) e da Comunidade Cidadania e Vida (COMVIDA). Os espa\u00e7os disp\u00f5em de equipe multidisciplinar e oferecem servi\u00e7os como acolhimento, atendimento psicol\u00f3gico, servi\u00e7o social, acolhimento familiar, forma\u00e7\u00e3o pol\u00edtica cidad\u00e3, al\u00e9m da articula\u00e7\u00e3o com organiza\u00e7\u00f5es da sociedade civil e \u00f3rg\u00e3os p\u00fablicos municipais e estaduais. Com foco nas comunidades mais vulner\u00e1veis, os dois coletivos atendem crian\u00e7as, adolescentes e jovens de 12 a 29 anos.<\/p>\n\n\n\n<p>Tamb\u00e9m participaram da reuni\u00e3o desta sexta-feira a vice-prefeita Pastora D\u00e9a Santos, al\u00e9m dos secret\u00e1rios municipais da Educa\u00e7\u00e3o, M\u00e1rcio Neves, e do Desenvolvimento Econ\u00f4mico, Adriana Marcele.<br><br>Foto: William Rocha<\/p>\n","protected":false},"excerpt":{"rendered":"<p>Em reuni\u00e3o realizada na manh\u00e3 desta sexta-feira (6), na Cidade do Saber (CDS), a Prefeitura de Cama\u00e7ari e representantes do Governo do Estado discutiram a realiza\u00e7\u00e3o das Caravanas de Direitos Humanos nos coletivos do Phoc I e de Abrantes, vinculados ao Programa Bahia pela Paz. A iniciativa visa ampliar o acesso a servi\u00e7os e fortalecer<\/p>\n","protected":false},"author":5,"featured_media":74042,"comment_status":"open","ping_status":"open","sticky":false,"template":"","format":"standard","meta":{"om_disable_all_campaigns":false,"_monsterinsights_skip_tracking":false,"_monsterinsights_sitenote_active":false,"_monsterinsights_sitenote_note":"","_monsterinsights_sitenote_category":0,"footnotes":""},"categories":[40],"tags":[],"class_list":{"0":"post-74041","1":"post","2":"type-post","3":"status-publish","4":"format-standard","5":"has-post-thumbnail","7":"category-camacari"},"_links":{"self":[{"href":"https:\/\/comandogeraldanoticia.com.br\/index.php\/wp-json\/wp\/v2\/posts\/74041","targetHints":{"allow":["GET"]}}],"collection":[{"href":"https:\/\/comandogeraldanoticia.com.br\/index.php\/wp-json\/wp\/v2\/posts"}],"about":[{"href":"https:\/\/comandogeraldanoticia.com.br\/index.php\/wp-json\/wp\/v2\/types\/post"}],"author":[{"embeddable":true,"href":"https:\/\/comandogeraldanoticia.com.br\/index.php\/wp-json\/wp\/v2\/users\/5"}],"replies":[{"embeddable":true,"href":"https:\/\/comandogeraldanoticia.com.br\/index.php\/wp-json\/wp\/v2\/comments?post=74041"}],"version-history":[{"count":2,"href":"https:\/\/comandogeraldanoticia.com.br\/index.php\/wp-json\/wp\/v2\/posts\/74041\/revisions"}],"predecessor-version":[{"id":74044,"href":"https:\/\/comandogeraldanoticia.com.br\/index.php\/wp-json\/wp\/v2\/posts\/74041\/revisions\/74044"}],"wp:featuredmedia":[{"embeddable":true,"href":"https:\/\/comandogeraldanoticia.com.br\/index.php\/wp-json\/wp\/v2\/media\/74042"}],"wp:attachment":[{"href":"https:\/\/comandogeraldanoticia.com.br\/index.php\/wp-json\/wp\/v2\/media?parent=74041"}],"wp:term":[{"taxonomy":"category","embeddable":true,"href":"https:\/\/comandogeraldanoticia.com.br\/index.php\/wp-json\/wp\/v2\/categories?post=74041"},{"taxonomy":"post_tag","embeddable":true,"href":"https:\/\/comandogeraldanoticia.com.br\/index.php\/wp-json\/wp\/v2\/tags?post=74041"}],"curies":[{"name":"wp","href":"https:\/\/api.w.org\/{rel}","templated":true}]}}