{"id":74038,"date":"2026-03-07T01:29:44","date_gmt":"2026-03-07T01:29:44","guid":{"rendered":"https:\/\/comandogeraldanoticia.com.br\/?p=74038"},"modified":"2026-03-07T01:29:44","modified_gmt":"2026-03-07T01:29:44","slug":"mec-habilita-puc-rio-e-idor-para-oferecer-cursos-de-medicina","status":"publish","type":"post","link":"https:\/\/comandogeraldanoticia.com.br\/index.php\/2026\/03\/07\/mec-habilita-puc-rio-e-idor-para-oferecer-cursos-de-medicina\/","title":{"rendered":"MEC habilita PUC-Rio e Idor para oferecer cursos de medicina"},"content":{"rendered":"\n<p>Foto: Ricardo Stuckert\/PR<\/p>\n\n\n\n<p>um passo para o funcionamento do curso, foi formalizada durante visita do presidente Luiz In\u00e1cio Lula da Silva \u00e0 Escola T\u00e9cnica Roberto Rocca, em Santa Cruz, na Zona Oeste do Rio.<\/p>\n\n\n\n<p>De acordo com a PUC-Rio, a cria\u00e7\u00e3o de uma gradua\u00e7\u00e3o de medicina \u00e9 um projeto antigo da universidade que, internamente, buscava viabiliz\u00e1-lo h\u00e1 v\u00e1rios anos, mobilizando parcerias acad\u00eamicas e hospitalares. A implanta\u00e7\u00e3o da gradua\u00e7\u00e3o m\u00e9dica inclui apoio \u00e0 rede municipal de hospitais do Rio.<\/p>\n\n\n\n<p>O ministro da Educa\u00e7\u00e3o, Camilo Santana, que acompanhou o presidente Lula na visita, disse que a autoriza\u00e7\u00e3o para o funcionamento dos cursos, de fato, deve ser dada &#8220;o mais r\u00e1pido poss\u00edvel&#8221;.<\/p>\n\n\n\n<p>&#8220;Estamos com a Rede D&#8217;Or e a PUC do Rio de Janeiro, \u00fanica PUC que n\u00e3o tinha faculdade de medicina. Vamos assinar a habilita\u00e7\u00e3o como institui\u00e7\u00f5es de ensino, o primeiro passo para ter faculdade&#8221;, disse.<\/p>\n\n\n\n<p>A habilita\u00e7\u00e3o confere \u00e0s institui\u00e7\u00f5es de educa\u00e7\u00e3o superior j\u00e1 credenciadas a possibilidade de solicitar o protocolo do pedido de autoriza\u00e7\u00e3o do\u202fcurso de medicina, bem como utilizar suas unidades hospitalares reconhecidas pelo Minist\u00e9rio da Sa\u00fade como hospitais de ensino.<\/p>\n\n\n\n<p>Com a habilita\u00e7\u00e3o, as institui\u00e7\u00f5es seguir\u00e3o o fluxo dos processos regulat\u00f3rios do Minist\u00e9rio da Educa\u00e7\u00e3o (MEC), por meio da Secretaria de Regula\u00e7\u00e3o e Supervis\u00e3o da Educa\u00e7\u00e3o Superior (Seres).<\/p>\n\n\n\n<p>Agenda no Rio de Janeiro<\/p>\n\n\n\n<p>Lula cumpriu, nesta sexta-feira (6), uma s\u00e9rie de agendas no Rio de Janeiro. Ele esteve na Zona Oeste e na Zona Norte da cidade, acompanhado do prefeito, Eduardo Paes, do ministro da Educa\u00e7\u00e3o, Camilo Santana, e da ministra da Igualdade Racial, Anielle Franco, al\u00e9m de parlamentares e representantes municipais.<\/p>\n\n\n\n<p>O presidente desembarcou na cidade pela manh\u00e3 e, al\u00e9m da Escola T\u00e9cnica Roberto Rocca, visitou a Comunidade do A\u00e7o, tamb\u00e9m em Santa Cruz, onde participou de entrega de moradias para a popula\u00e7\u00e3o em situa\u00e7\u00e3o de vulnerabilidade social, parte dela benefici\u00e1ria do Bolsa Fam\u00edlia, programa do Governo do Brasil.<\/p>\n\n\n\n<p>Uma das pessoas que recebeu a casa foi Mariza Batista. Ela conta que morava em um barraco com sete pessoas e tr\u00eas c\u00f4modos. Agora, ela tem a pr\u00f3pria casa. &#8220;Eu moro no A\u00e7o, hoje eu n\u00e3o tenho vergonha de falar isso, moro em uma comunidade que foi transformada&#8221;, disse ela \u00e0 Ag\u00eancia Brasil. &#8220;N\u00e3o tenho vergonha de ir no supermercado, fazer compras e mandar trazer, acho isso muito chique&#8221;.<\/p>\n\n\n\n<p>O presidente participou tamb\u00e9m, no Aeroporto Internacional do Gale\u00e3o, de an\u00fancio da instala\u00e7\u00e3o de hub internacional, o que dever\u00e1 refor\u00e7ar a conectividade internacional e consolidar o Rio de Janeiro como porta de entrada do turismo no Brasil.<\/p>\n\n\n\n<p>T\u00fanel em Campo Grande<\/p>\n\n\n\n<p>O presidente Lula tamb\u00e9m participou da inaugura\u00e7\u00e3o do T\u00fanel Professor Moacyr Sreder Bastos, o primeiro de Campo Grande, na Zona Oeste do Rio. A obra liga a Estrada da Caroba \u00e0 Estrada da Posse, reduzindo o tempo de deslocamento de 15 para apenas cinco minutos.<\/p>\n\n\n\n<p>O t\u00fanel faz parte da entrega da primeira fase do Anel Vi\u00e1rio de Campo Grande, que envolve um investimento de aproximadamente R$ 1 bilh\u00e3o, viabilizado via financiamento do Banco Nacional de Desenvolvimento Econ\u00f4mico e Social (BNDES) e com recursos do munic\u00edpio.<\/p>\n\n\n\n<p>No fim da tarde, no Aeroporto Internacional do Gale\u00e3o, Lula discursou no an\u00fancio da instala\u00e7\u00e3o do Hub internacional da Gol Linhas A\u00e9reas, o que dever\u00e1 refor\u00e7ar a conectividade internacional e ajudar a consolidar o Rio de Janeiro como porta de entrada do turismo no Brasil. Tamb\u00e9m estavam presentes a ministra Anielle Franco, o ministro de Portos e Aeroportos, Silvio Costa Filho, e o ministro do Turismo, Gustavo Feliciano.<\/p>\n\n\n\n<p>Fonte: Ag\u00eancia Brasil.<\/p>\n\n\n\n<p><\/p>\n","protected":false},"excerpt":{"rendered":"<p>Foto: Ricardo Stuckert\/PR um passo para o funcionamento do curso, foi formalizada durante visita do presidente Luiz In\u00e1cio Lula da Silva \u00e0 Escola T\u00e9cnica Roberto Rocca, em Santa Cruz, na Zona Oeste do Rio. De acordo com a PUC-Rio, a cria\u00e7\u00e3o de uma gradua\u00e7\u00e3o de medicina \u00e9 um projeto antigo da universidade que, internamente, buscava<\/p>\n","protected":false},"author":5,"featured_media":74039,"comment_status":"open","ping_status":"open","sticky":false,"template":"","format":"standard","meta":{"om_disable_all_campaigns":false,"_monsterinsights_skip_tracking":false,"_monsterinsights_sitenote_active":false,"_monsterinsights_sitenote_note":"","_monsterinsights_sitenote_category":0,"footnotes":""},"categories":[44],"tags":[],"class_list":{"0":"post-74038","1":"post","2":"type-post","3":"status-publish","4":"format-standard","5":"has-post-thumbnail","7":"category-example-6"},"_links":{"self":[{"href":"https:\/\/comandogeraldanoticia.com.br\/index.php\/wp-json\/wp\/v2\/posts\/74038","targetHints":{"allow":["GET"]}}],"collection":[{"href":"https:\/\/comandogeraldanoticia.com.br\/index.php\/wp-json\/wp\/v2\/posts"}],"about":[{"href":"https:\/\/comandogeraldanoticia.com.br\/index.php\/wp-json\/wp\/v2\/types\/post"}],"author":[{"embeddable":true,"href":"https:\/\/comandogeraldanoticia.com.br\/index.php\/wp-json\/wp\/v2\/users\/5"}],"replies":[{"embeddable":true,"href":"https:\/\/comandogeraldanoticia.com.br\/index.php\/wp-json\/wp\/v2\/comments?post=74038"}],"version-history":[{"count":1,"href":"https:\/\/comandogeraldanoticia.com.br\/index.php\/wp-json\/wp\/v2\/posts\/74038\/revisions"}],"predecessor-version":[{"id":74040,"href":"https:\/\/comandogeraldanoticia.com.br\/index.php\/wp-json\/wp\/v2\/posts\/74038\/revisions\/74040"}],"wp:featuredmedia":[{"embeddable":true,"href":"https:\/\/comandogeraldanoticia.com.br\/index.php\/wp-json\/wp\/v2\/media\/74039"}],"wp:attachment":[{"href":"https:\/\/comandogeraldanoticia.com.br\/index.php\/wp-json\/wp\/v2\/media?parent=74038"}],"wp:term":[{"taxonomy":"category","embeddable":true,"href":"https:\/\/comandogeraldanoticia.com.br\/index.php\/wp-json\/wp\/v2\/categories?post=74038"},{"taxonomy":"post_tag","embeddable":true,"href":"https:\/\/comandogeraldanoticia.com.br\/index.php\/wp-json\/wp\/v2\/tags?post=74038"}],"curies":[{"name":"wp","href":"https:\/\/api.w.org\/{rel}","templated":true}]}}