{"id":74032,"date":"2026-03-07T01:22:01","date_gmt":"2026-03-07T01:22:01","guid":{"rendered":"https:\/\/comandogeraldanoticia.com.br\/?p=74032"},"modified":"2026-03-07T01:22:02","modified_gmt":"2026-03-07T01:22:02","slug":"conflito-no-ira-nao-deve-afetar-exportacoes-da-petrobras-diz-diretor","status":"publish","type":"post","link":"https:\/\/comandogeraldanoticia.com.br\/index.php\/2026\/03\/07\/conflito-no-ira-nao-deve-afetar-exportacoes-da-petrobras-diz-diretor\/","title":{"rendered":"Conflito no Ir\u00e3 n\u00e3o deve afetar exporta\u00e7\u00f5es da Petrobras, diz diretor"},"content":{"rendered":"\n<p><strong>Foto: Fernando Fraz\u00e3o\/Ag\u00eancia Brasil<\/strong><\/p>\n\n\n\n<hr class=\"wp-block-separator has-alpha-channel-opacity\"\/>\n\n\n\n<p>A guerra iniciada pelos Estados Unidos e Israel contra o Ir\u00e3 e seus desdobramentos no Oriente M\u00e9dio n\u00e3o dever\u00e3o afetar as exporta\u00e7\u00f5es da Petrobras para a \u00cdndia, China e Coreia, que n\u00e3o utilizam rotas que estejam amea\u00e7adas pela guerra no Oriente M\u00e9dio.&nbsp;<\/p>\n\n\n\n<p>A an\u00e1lise foi feita nesta sexta-feira (6), no Rio de Janeiro, pelo diretor de Log\u00edstica, Comercializa\u00e7\u00e3o e Mercados da companhia, Claudio Romeo Schlosser, durante coletiva \u00e0 imprensa. \u201cN\u00e3o vejo risco \u00e0 exporta\u00e7\u00e3o de petr\u00f3leo\u201d, disse Schlosser.<\/p>\n\n\n\n<p>Segundo ele, a importa\u00e7\u00e3o de \u00f3leo espec\u00edfico para a Refinaria Duque de Caxias (Reduc) a cada tr\u00eas meses, da ordem de 100 barris\/dia, poder\u00e1 ser feita pelo Estreito de Ormuz, pelo Mar Vermelho ou por porto no norte do Mar Mediterr\u00e2neo, raz\u00e3o pela qual avaliou que a \u201cprevis\u00e3o \u00e9 sem risco\u201d. Schlosser n\u00e3o est\u00e1 vendo nenhuma amea\u00e7a do conflito \u00e0 importa\u00e7\u00e3o.<\/p>\n\n\n\n<p>A presidente da Petrobras, Magda Chambriard, por sua vez, admitiu que o cen\u00e1rio \u00e9 de extrema volatilidade, com o pre\u00e7o do petr\u00f3leo tanto podendo atingir US$ 180 o barril, como US$ 53 o barril. Segundo ela, a Petrobras tem que ser resiliente para enfrentar qualquer cen\u00e1rio que possa acontecer.&nbsp;<\/p>\n\n\n\n<p>Magda comparou o momento atual externo com o da epidemia da Covid-19, quando houve corrida da popula\u00e7\u00e3o aos supermercados diante da amea\u00e7a de faltar papel higi\u00eanico, o que acabou n\u00e3o ocorrendo. Segundo ela, n\u00e3o h\u00e1 l\u00f3gica econ\u00f4mica nenhuma na possibilidade de o botij\u00e3o de g\u00e1s de cozinha, por exemplo, atingir pre\u00e7os extraordin\u00e1rios.&nbsp;<\/p>\n\n\n\n<p>\u201c\u00c9 especula\u00e7\u00e3o. Se todo mundo correr para comprar, vai aumentar o pre\u00e7o\u201d, disse.<\/p>\n\n\n\n<p>E recomendou: \u201cVamos viver um dia depois do outro, com a noite no meio\u201d.<\/p>\n\n\n\n<p><strong>Lucro<\/strong><\/p>\n\n\n\n<p>Em rela\u00e7\u00e3o ao lucro l\u00edquido de R$ 110,1 bilh\u00f5es registrado em 2025, com aumento de quase 200% sobre o resultado de 2024 (R$ 36,6 bilh\u00f5es), a presidente considerou que foi um \u201cresultado espetacular\u201d que reflete a disciplina de capital, a efetividade do trabalho da companhia, com melhoria da efici\u00eancia, celeridade, l\u00f3gica empresarial e produ\u00e7\u00e3o e entrega de produtos de forma verticalizada.&nbsp;<\/p>\n\n\n\n<p>Ela destacou que a Petrobras mostrou resili\u00eancia, tendo em vista que o pre\u00e7o do petr\u00f3leo Brent no mercado internacional, em 2025, saiu de mais de US$ 80 o barril, chegando a US$ 59 o barril. Mesmo assim, a companhia \u201centregou esse resultado, superando todas as metas\u201d.<\/p>\n\n\n\n<p>Magda Chambriard destacou que, em 2025, um dos fatores que contribu\u00edram para o aumento de 11% da produ\u00e7\u00e3o de \u00f3leo e g\u00e1s foi a entrada em opera\u00e7\u00e3o e o aumento da capacidade da FPSO (Unidade Flutuante de Produ\u00e7\u00e3o, Armazenamento e Transfer\u00eancia) Almirante Tamandar\u00e9 de 225 mil barris\/dia para 270 mil barris\/dia.<\/p>\n\n\n\n<p>Essa \u00e9 a meta da presidente para outras tr\u00eas plataformas que est\u00e3o em constru\u00e7\u00e3o em Singapura.&nbsp;<\/p>\n\n\n\n<p>A primeira dever\u00e1 chegar ao Brasil em agosto e a segunda, ainda este ano, com proje\u00e7\u00e3o de come\u00e7ar a produzir no primeiro semestre de 2027.<\/p>\n\n\n\n<p>\u201cN\u00f3s vamos seguir acelerando as entregas, com muita parceria interna entre as equipes da Petrobras\u201d, afirmou.&nbsp;<\/p>\n\n\n\n<p>Fonte: Ag\u00eancia Brasil.<\/p>\n","protected":false},"excerpt":{"rendered":"<p>Foto: Fernando Fraz\u00e3o\/Ag\u00eancia Brasil A guerra iniciada pelos Estados Unidos e Israel contra o Ir\u00e3 e seus desdobramentos no Oriente M\u00e9dio n\u00e3o dever\u00e3o afetar as exporta\u00e7\u00f5es da Petrobras para a \u00cdndia, China e Coreia, que n\u00e3o utilizam rotas que estejam amea\u00e7adas pela guerra no Oriente M\u00e9dio.&nbsp; A an\u00e1lise foi feita nesta sexta-feira (6), no Rio<\/p>\n","protected":false},"author":5,"featured_media":74033,"comment_status":"open","ping_status":"open","sticky":false,"template":"","format":"standard","meta":{"om_disable_all_campaigns":false,"_monsterinsights_skip_tracking":false,"_monsterinsights_sitenote_active":false,"_monsterinsights_sitenote_note":"","_monsterinsights_sitenote_category":0,"footnotes":""},"categories":[43],"tags":[],"class_list":{"0":"post-74032","1":"post","2":"type-post","3":"status-publish","4":"format-standard","5":"has-post-thumbnail","7":"category-economia"},"_links":{"self":[{"href":"https:\/\/comandogeraldanoticia.com.br\/index.php\/wp-json\/wp\/v2\/posts\/74032","targetHints":{"allow":["GET"]}}],"collection":[{"href":"https:\/\/comandogeraldanoticia.com.br\/index.php\/wp-json\/wp\/v2\/posts"}],"about":[{"href":"https:\/\/comandogeraldanoticia.com.br\/index.php\/wp-json\/wp\/v2\/types\/post"}],"author":[{"embeddable":true,"href":"https:\/\/comandogeraldanoticia.com.br\/index.php\/wp-json\/wp\/v2\/users\/5"}],"replies":[{"embeddable":true,"href":"https:\/\/comandogeraldanoticia.com.br\/index.php\/wp-json\/wp\/v2\/comments?post=74032"}],"version-history":[{"count":1,"href":"https:\/\/comandogeraldanoticia.com.br\/index.php\/wp-json\/wp\/v2\/posts\/74032\/revisions"}],"predecessor-version":[{"id":74034,"href":"https:\/\/comandogeraldanoticia.com.br\/index.php\/wp-json\/wp\/v2\/posts\/74032\/revisions\/74034"}],"wp:featuredmedia":[{"embeddable":true,"href":"https:\/\/comandogeraldanoticia.com.br\/index.php\/wp-json\/wp\/v2\/media\/74033"}],"wp:attachment":[{"href":"https:\/\/comandogeraldanoticia.com.br\/index.php\/wp-json\/wp\/v2\/media?parent=74032"}],"wp:term":[{"taxonomy":"category","embeddable":true,"href":"https:\/\/comandogeraldanoticia.com.br\/index.php\/wp-json\/wp\/v2\/categories?post=74032"},{"taxonomy":"post_tag","embeddable":true,"href":"https:\/\/comandogeraldanoticia.com.br\/index.php\/wp-json\/wp\/v2\/tags?post=74032"}],"curies":[{"name":"wp","href":"https:\/\/api.w.org\/{rel}","templated":true}]}}