{"id":74027,"date":"2026-03-06T23:44:27","date_gmt":"2026-03-06T23:44:27","guid":{"rendered":"https:\/\/comandogeraldanoticia.com.br\/?p=74027"},"modified":"2026-03-07T00:18:53","modified_gmt":"2026-03-07T00:18:53","slug":"projeto-respeito-e-a-base-leva-debate-sobre-violencia-contra-a-mulher-a-escola-cosme-de-farias","status":"publish","type":"post","link":"https:\/\/comandogeraldanoticia.com.br\/index.php\/2026\/03\/06\/projeto-respeito-e-a-base-leva-debate-sobre-violencia-contra-a-mulher-a-escola-cosme-de-farias\/","title":{"rendered":"Projeto \u201cRespeito \u00e9 a Base\u201d leva debate sobre viol\u00eancia contra a mulher \u00e0 Escola Cosme de Farias"},"content":{"rendered":"\n<p>Abordando o tema \u201cCombate ao feminic\u00eddio e \u00e0 viol\u00eancia contra a mulher\u201d, na manh\u00e3 desta sexta-feira (6), a Escola Municipal Cosme de Farias recebeu palestras do projeto Respeito \u00e9 a Base, desenvolvido pela Prefeitura de Cama\u00e7ari. A iniciativa, executada pela Secretaria da Mulher (Semu), integra as a\u00e7\u00f5es do Mar\u00e7o Mulher, realizadas em refer\u00eancia ao Dia Internacional da Mulher, celebrado em 8 de mar\u00e7o.<\/p>\n\n\n\n<p>A atividade envolveu toda a comunidade escolar, incluindo alunos, pais e respons\u00e1veis, al\u00e9m dos professores da unidade, situada no bairro Phoc I, que atende cerca de 380 estudantes dos anos finais do ensino fundamental.<\/p>\n\n\n\n<p>A palestra foi conduzida por t\u00e9cnicas do N\u00facleo Pedag\u00f3gico (Nuped) da Semu. Entre elas, Valdeci Almeida, que destacou que a iniciativa foi idealizada com o objetivo de promover a conscientiza\u00e7\u00e3o de crian\u00e7as e adolescentes sobre pol\u00edticas p\u00fablicas voltadas \u00e0s mulheres.<\/p>\n\n\n\n<p>\u201cTemos enfrentado \u00edndices altos de feminic\u00eddio, de viol\u00eancia e tamb\u00e9m de desrespeito dentro dessa faixa et\u00e1ria. Ent\u00e3o abordamos essa quest\u00e3o para que eles fiquem cientes de quais s\u00e3o os seus direitos e tamb\u00e9m dos seus deveres. Ainda existem adolescentes que passam por situa\u00e7\u00f5es de viol\u00eancia dom\u00e9stica e precisam saber identificar esses sinais e tamb\u00e9m ser acolhidos\u201d, ressaltou a profissional, que \u00e9 licenciada em Ci\u00eancias Biol\u00f3gicas.<\/p>\n\n\n\n<p>A atividade tamb\u00e9m contou como palestrante Ana Cl\u00e9cia Pereira, especialista em g\u00eanero, que enfatizou o objetivo do encontro. \u201cQueremos que os alunos, o corpo docente e toda a comunidade escolar fa\u00e7am uma reflex\u00e3o sobre as pol\u00edticas afirmativas de g\u00eanero na educa\u00e7\u00e3o e sobre como a viol\u00eancia dom\u00e9stica e familiar afeta diretamente o aprendizado de crian\u00e7as e adolescentes. Hoje mesmo tivemos v\u00e1rios depoimentos. Nosso intuito \u00e9 mostrar aos meninos que precisamos construir uma masculinidade positiva, com homens mais sens\u00edveis, que respeitem limites e saibam aceitar o \u2018n\u00e3o\u2019. E, ao mesmo tempo, incentivar as meninas a n\u00e3o aceitarem o machismo no dia a dia e a identificarem as diferentes formas de viol\u00eancia\u201d, explicou.<\/p>\n\n\n\n<p>Entre os alunos presentes na plateia, Brenda Santana, 12 anos, avaliou a iniciativa de forma positiva. \u201cGostei muito. Este \u00e9 um tema que j\u00e1 tratamos em sala de aula e que \u00e9 muito importante. Muitas vezes os meninos acham que t\u00eam o direito de bater nas meninas, ent\u00e3o eles precisam se conscientizar. E para n\u00f3s tamb\u00e9m \u00e9 importante saber como agir em uma situa\u00e7\u00e3o de viol\u00eancia\u201d, afirmou a estudante do 7\u00ba ano.<\/p>\n\n\n\n<p>Atentos \u00e0 import\u00e2ncia da educa\u00e7\u00e3o tamb\u00e9m dentro do ambiente familiar, a palestra foi acompanhada por familiares dos estudantes, refor\u00e7ando a parceria entre escola e comunidade na forma\u00e7\u00e3o dos jovens. Patr\u00edcia dos Santos, 39 anos, m\u00e3e da estudante P\u00e2mela dos Santos, de12 anos, que tamb\u00e9m cursa o 7\u00ba ano na unidade, destacou a relev\u00e2ncia da a\u00e7\u00e3o. \u201cAchei muito bom. Sempre que tem atividade na escola voltada para as fam\u00edlias fa\u00e7o quest\u00e3o de participar. \u00c9 importante que mais pais e m\u00e3es venham, ainda mais quando o assunto \u00e9 viol\u00eancia contra a mulher, que \u00e9 um tema fundamental e que precisa ser discutido com todos\u201d, pontuou.<\/p>\n\n\n\n<p>A gestora da Escola Municipal Cosme de Farias, Cleine Rodrigues, celebrou a realiza\u00e7\u00e3o da atividade e destacou a import\u00e2ncia de trazer esse debate para dentro da escola.<br>\u201cEste \u00e9 um assunto que reflete muito no contexto da nossa comunidade. Por isso \u00e9 t\u00e3o importante que os estudantes participem e tenham acesso a informa\u00e7\u00f5es como essas, abordando um problema que \u00e9 comum e com o qual eles s\u00e3o diretamente afetados. Trazer essa discuss\u00e3o para a escola \u00e9 um passo importante para conscientizar, orientar e, juntos, buscarmos caminhos de enfrentamento\u201d, afirmou.<\/p>\n\n\n\n<p>Na ocasi\u00e3o, tamb\u00e9m foi distribu\u00eddo ao p\u00fablico um folder informativo com orienta\u00e7\u00f5es sobre servi\u00e7os de apoio e prote\u00e7\u00e3o \u00e0s mulheres, como o Centro de Refer\u00eancia de Atendimento \u00e0 Mulher Yolanda Pires (CRAM), o N\u00facleo de Atendimento \u00e0 Mulher (NAM), al\u00e9m de informa\u00e7\u00f5es sobre a Lei Maria da Penha (Lei n\u00ba 11.340\/2006), os tipos de viol\u00eancia e canais para den\u00fancias, como o Disque 180 \u2014 Central de Atendimento \u00e0 Mulher.<\/p>\n\n\n\n<p>O projeto Respeito \u00e9 a Base atendeu, em 2025, cerca de 65 unidades de ensino. A expectativa \u00e9 que, neste ano, a iniciativa seja ampliada e alcance ainda mais escolas do munic\u00edpio, fortalecendo a cultura do respeito e da preven\u00e7\u00e3o \u00e0 viol\u00eancia desde a forma\u00e7\u00e3o dos jovens.<\/p>\n\n\n\n<p>Fotos: Patrick Abreu<\/p>\n","protected":false},"excerpt":{"rendered":"<p>Abordando o tema \u201cCombate ao feminic\u00eddio e \u00e0 viol\u00eancia contra a mulher\u201d, na manh\u00e3 desta sexta-feira (6), a Escola Municipal Cosme de Farias recebeu palestras do projeto Respeito \u00e9 a Base, desenvolvido pela Prefeitura de Cama\u00e7ari. A iniciativa, executada pela Secretaria da Mulher (Semu), integra as a\u00e7\u00f5es do Mar\u00e7o Mulher, realizadas em refer\u00eancia ao Dia<\/p>\n","protected":false},"author":5,"featured_media":74028,"comment_status":"open","ping_status":"open","sticky":false,"template":"","format":"standard","meta":{"om_disable_all_campaigns":false,"_monsterinsights_skip_tracking":false,"_monsterinsights_sitenote_active":false,"_monsterinsights_sitenote_note":"","_monsterinsights_sitenote_category":0,"footnotes":""},"categories":[40],"tags":[],"class_list":{"0":"post-74027","1":"post","2":"type-post","3":"status-publish","4":"format-standard","5":"has-post-thumbnail","7":"category-camacari"},"_links":{"self":[{"href":"https:\/\/comandogeraldanoticia.com.br\/index.php\/wp-json\/wp\/v2\/posts\/74027","targetHints":{"allow":["GET"]}}],"collection":[{"href":"https:\/\/comandogeraldanoticia.com.br\/index.php\/wp-json\/wp\/v2\/posts"}],"about":[{"href":"https:\/\/comandogeraldanoticia.com.br\/index.php\/wp-json\/wp\/v2\/types\/post"}],"author":[{"embeddable":true,"href":"https:\/\/comandogeraldanoticia.com.br\/index.php\/wp-json\/wp\/v2\/users\/5"}],"replies":[{"embeddable":true,"href":"https:\/\/comandogeraldanoticia.com.br\/index.php\/wp-json\/wp\/v2\/comments?post=74027"}],"version-history":[{"count":1,"href":"https:\/\/comandogeraldanoticia.com.br\/index.php\/wp-json\/wp\/v2\/posts\/74027\/revisions"}],"predecessor-version":[{"id":74029,"href":"https:\/\/comandogeraldanoticia.com.br\/index.php\/wp-json\/wp\/v2\/posts\/74027\/revisions\/74029"}],"wp:featuredmedia":[{"embeddable":true,"href":"https:\/\/comandogeraldanoticia.com.br\/index.php\/wp-json\/wp\/v2\/media\/74028"}],"wp:attachment":[{"href":"https:\/\/comandogeraldanoticia.com.br\/index.php\/wp-json\/wp\/v2\/media?parent=74027"}],"wp:term":[{"taxonomy":"category","embeddable":true,"href":"https:\/\/comandogeraldanoticia.com.br\/index.php\/wp-json\/wp\/v2\/categories?post=74027"},{"taxonomy":"post_tag","embeddable":true,"href":"https:\/\/comandogeraldanoticia.com.br\/index.php\/wp-json\/wp\/v2\/tags?post=74027"}],"curies":[{"name":"wp","href":"https:\/\/api.w.org\/{rel}","templated":true}]}}