{"id":74023,"date":"2026-03-06T12:21:13","date_gmt":"2026-03-06T12:21:13","guid":{"rendered":"https:\/\/comandogeraldanoticia.com.br\/?p=74023"},"modified":"2026-03-06T12:21:13","modified_gmt":"2026-03-06T12:21:13","slug":"rui-ameaca-nao-apoiar-chapa-com-geraldo-apos-polemica-em-whatsapp","status":"publish","type":"post","link":"https:\/\/comandogeraldanoticia.com.br\/index.php\/2026\/03\/06\/rui-ameaca-nao-apoiar-chapa-com-geraldo-apos-polemica-em-whatsapp\/","title":{"rendered":"Rui amea\u00e7a n\u00e3o apoiar chapa com Geraldo ap\u00f3s pol\u00eamica em WhatsApp"},"content":{"rendered":"\n<p>Foto: Marcelo Camargo\/Ag\u00eancia Brasil<\/p>\n\n\n\n<p>O ministro da Casa Civil, Rui Costa (PT), manifestou a aliados que n\u00e3o pretende apoiar uma eventual chapa do PT ao governo da Bahia caso o atual vice-governador do estado, Geraldo J\u00fanior (MDB), permane\u00e7a como candidato a vice nas elei\u00e7\u00f5es de outubro. A informa\u00e7\u00e3o foi divulgada pelo site Metr\u00f3poles.<\/p>\n\n\n\n<p>O mal-estar entre os dois ganhou for\u00e7a ap\u00f3s o vice-governador compartilhar, em um grupo de WhatsApp, uma mensagem com cr\u00edticas ao ministro e a orienta\u00e7\u00e3o para que o conte\u00fado fosse viralizado. Ap\u00f3s a repercuss\u00e3o, Rui Costa publicou nas redes sociais um \u201cprov\u00e9rbio do dia\u201d com a frase: \u201cA integridade dos justos os guia, mas a falsidade dos infi\u00e9is os destr\u00f3i\u201d. A mensagem foi interpretada como uma poss\u00edvel resposta indireta ao epis\u00f3dio.<\/p>\n\n\n\n<p>Nos bastidores da pol\u00edtica baiana, o atual ministro da Casa Civil relatou a interlocutores ter interpretado o epis\u00f3dio como uma \u201cdeslealdade\u201d. Segundo aliados ouvidos pelo Metr\u00f3poles, Rui teria sinalizado que n\u00e3o apoiaria a composi\u00e7\u00e3o, encabe\u00e7ada pelo governador Jer\u00f4nimo Rodrigues (PT) em busca da reelei\u00e7\u00e3o, caso Geraldo J\u00fanior permane\u00e7a como vice na chapa, cen\u00e1rio que tamb\u00e9m foi citado recentemente na coluna Radar do Poder, do site Pol\u00edtica Livre.<\/p>\n\n\n\n<p>Conforme a publica\u00e7\u00e3o, a situa\u00e7\u00e3o chegou \u00e0 dire\u00e7\u00e3o do PT, onde o caso foi interpretado como uma quebra de confian\u00e7a por parte do vice-governador baiano.<\/p>\n\n\n\n<p>\u201cEngano\u201d<\/p>\n\n\n\n<p>Ontem (5), em entrevista \u00e0 r\u00e1dio Metr\u00f3pole, Geraldo J\u00fanior afirmou que o envio da mensagem ocorreu por engano e atribuiu o epis\u00f3dio a uma falha no uso do celular. Ele tamb\u00e9m ressaltou que mant\u00e9m uma rela\u00e7\u00e3o de respeito com o ministro.<\/p>\n\n\n\n<p>\u201cTenho o maior apre\u00e7o pessoal pelo ministro Rui Costa. Est\u00e1 fazendo um papel de qualidade e excel\u00eancia ao lado do presidente Lula. Nunca me faltou, sempre cordial comigo\u201d, declarou o emedebista.<br>Durante a entrevista, o vice-governador baiano explicou que havia acabado de acordar quando recebeu o conte\u00fado e que pretendia encaminh\u00e1-lo ao deputado estadual Mateus Ferreira (MDB), seu filho, para comentar o assunto.<\/p>\n\n\n\n<p>\u201cUma pessoa me encaminhou uma mensagem, eu tinha acabado de acordar. Vi aquela mensagem absurda e hip\u00f3crita e fui marcar para mandar para o deputado Mateus Ferreira, que por coincid\u00eancia \u00e9 meu filho, para mostrar o que tenho passado. Na hora de selecionar meu filho, acabou sendo encaminhada para o grupo. Quando percebi, fui l\u00e1 e apaguei\u201d, justificou Geraldo J\u00fanior.<\/p>\n\n\n\n<p>Na ocasi\u00e3o, ele afirmou ainda que procurou Rui Costa logo ap\u00f3s perceber o equ\u00edvoco para esclarecer o ocorrido. Segundo ele, o epis\u00f3dio tamb\u00e9m foi relatado ao governador Jer\u00f4nimo Rodrigues e ao senador Jaques Wagner (PT), que tamb\u00e9m dever\u00e1 compor a chapa petista na disputa eleitoral deste ano.<\/p>\n","protected":false},"excerpt":{"rendered":"<p>Foto: Marcelo Camargo\/Ag\u00eancia Brasil O ministro da Casa Civil, Rui Costa (PT), manifestou a aliados que n\u00e3o pretende apoiar uma eventual chapa do PT ao governo da Bahia caso o atual vice-governador do estado, Geraldo J\u00fanior (MDB), permane\u00e7a como candidato a vice nas elei\u00e7\u00f5es de outubro. A informa\u00e7\u00e3o foi divulgada pelo site Metr\u00f3poles. O mal-estar<\/p>\n","protected":false},"author":5,"featured_media":74024,"comment_status":"open","ping_status":"open","sticky":false,"template":"","format":"standard","meta":{"om_disable_all_campaigns":false,"_monsterinsights_skip_tracking":false,"_monsterinsights_sitenote_active":false,"_monsterinsights_sitenote_note":"","_monsterinsights_sitenote_category":0,"footnotes":""},"categories":[71],"tags":[],"class_list":{"0":"post-74023","1":"post","2":"type-post","3":"status-publish","4":"format-standard","5":"has-post-thumbnail","7":"category-politica"},"_links":{"self":[{"href":"https:\/\/comandogeraldanoticia.com.br\/index.php\/wp-json\/wp\/v2\/posts\/74023","targetHints":{"allow":["GET"]}}],"collection":[{"href":"https:\/\/comandogeraldanoticia.com.br\/index.php\/wp-json\/wp\/v2\/posts"}],"about":[{"href":"https:\/\/comandogeraldanoticia.com.br\/index.php\/wp-json\/wp\/v2\/types\/post"}],"author":[{"embeddable":true,"href":"https:\/\/comandogeraldanoticia.com.br\/index.php\/wp-json\/wp\/v2\/users\/5"}],"replies":[{"embeddable":true,"href":"https:\/\/comandogeraldanoticia.com.br\/index.php\/wp-json\/wp\/v2\/comments?post=74023"}],"version-history":[{"count":2,"href":"https:\/\/comandogeraldanoticia.com.br\/index.php\/wp-json\/wp\/v2\/posts\/74023\/revisions"}],"predecessor-version":[{"id":74026,"href":"https:\/\/comandogeraldanoticia.com.br\/index.php\/wp-json\/wp\/v2\/posts\/74023\/revisions\/74026"}],"wp:featuredmedia":[{"embeddable":true,"href":"https:\/\/comandogeraldanoticia.com.br\/index.php\/wp-json\/wp\/v2\/media\/74024"}],"wp:attachment":[{"href":"https:\/\/comandogeraldanoticia.com.br\/index.php\/wp-json\/wp\/v2\/media?parent=74023"}],"wp:term":[{"taxonomy":"category","embeddable":true,"href":"https:\/\/comandogeraldanoticia.com.br\/index.php\/wp-json\/wp\/v2\/categories?post=74023"},{"taxonomy":"post_tag","embeddable":true,"href":"https:\/\/comandogeraldanoticia.com.br\/index.php\/wp-json\/wp\/v2\/tags?post=74023"}],"curies":[{"name":"wp","href":"https:\/\/api.w.org\/{rel}","templated":true}]}}