{"id":74010,"date":"2026-03-06T11:19:27","date_gmt":"2026-03-06T11:19:27","guid":{"rendered":"https:\/\/comandogeraldanoticia.com.br\/?p=74010"},"modified":"2026-03-06T11:20:09","modified_gmt":"2026-03-06T11:20:09","slug":"cidh-condena-operacao-policial-que-deixou-mais-de-120-mortos-no-rio","status":"publish","type":"post","link":"https:\/\/comandogeraldanoticia.com.br\/index.php\/2026\/03\/06\/cidh-condena-operacao-policial-que-deixou-mais-de-120-mortos-no-rio\/","title":{"rendered":"CIDH condena opera\u00e7\u00e3o policial que deixou mais de 120 mortos no Rio"},"content":{"rendered":"\n<p>Foto:  Tomaz Silva\/Ag\u00eancia Brasil<\/p>\n\n\n\n<p><strong>A <a href=\"https:\/\/agenciabrasil.ebc.com.br\/tags\/operacao-contencao\" target=\"_blank\" rel=\"noreferrer noopener\">Opera\u00e7\u00e3o Conten\u00e7\u00e3o<\/a>, liderada pelo Governo do Estado do Rio de Janeiro em outubro de 2025, provocou 122 mortes e produziu imagens perturbadoras de corpos enfileirados em uma rua do bairro da Penha, na zona norte. Os resultados para a seguran\u00e7a p\u00fablica, no entanto, foram considerados in\u00fateis. A conclus\u00e3o est\u00e1 no relat\u00f3rio publicado nesta sexta-feira (6) pela <a href=\"https:\/\/www.oas.org\/pt\/cidh\/default.asp\" target=\"_blank\" rel=\"noreferrer noopener\">Comiss\u00e3o Interamericana de Direitos Humanos (CIDH)<\/a>.<\/strong><img decoding=\"async\" src=\"https:\/\/agenciabrasil.ebc.com.br\/ebc.png?id=1680869&amp;o=node\"><img decoding=\"async\" src=\"https:\/\/agenciabrasil.ebc.com.br\/ebc.gif?id=1680869&amp;o=node\"><\/p>\n\n\n\n<blockquote class=\"wp-block-quote is-layout-flow wp-block-quote-is-layout-flow\">\n<p>\u201cLonge de enfraquecer estruturalmente o crime organizado, a interven\u00e7\u00e3o aprofundou o sofrimento comunit\u00e1rio, refor\u00e7ou a desconfian\u00e7a institucional e elevou padr\u00e3o hist\u00f3rico de viol\u00eancia estatal a novo patamar de gravidade\u201d, diz um dos trechos do relat\u00f3rio.<\/p>\n<\/blockquote>\n\n\n\n<p>Para os membros da CIDH, a Opera\u00e7\u00e3o Conten\u00e7\u00e3o <strong>repete o padr\u00e3o de seguran\u00e7a p\u00fablica no pa\u00eds: opera\u00e7\u00f5es policiais extensivas, <a href=\"https:\/\/agenciabrasil.ebc.com.br\/justica\/noticia\/2025-11\/policia-do-rj-relata-justica-cenario-de-guerra-na-operacao-contencao\" target=\"_blank\" rel=\"noreferrer noopener\">militariza\u00e7\u00e3o de territ\u00f3rios<\/a> e endurecimento punitivo<\/strong>. H\u00e1 prefer\u00eancia por a\u00e7\u00f5es letais, mesmo em contexto de risco alto para a popula\u00e7\u00e3o civil.<\/p>\n\n\n\n<figure class=\"wp-block-image\"><img decoding=\"async\" src=\"https:\/\/imagens.ebc.com.br\/mg0ATYiUocc4SBj8BZhIXBTF2y4=\/365x0\/smart\/https:\/\/agenciabrasil.ebc.com.br\/sites\/default\/files\/thumbnails\/image\/2025\/12\/21\/retrospectiva93.jpg?itok=umRqXIM5\" alt=\"Rio de Janeiro (RJ), 22\/12\/2025 - Retrospectiva 2025 - Foto feita em 28\/10\/2025 - Dezenas de corpos s\u00e3o trazidos por moradores para a Pra\u00e7a S\u00e3o Lucas, na Penha, zona norte do Rio de Janeiro. Opera\u00e7\u00e3o Contens\u00e7ao.\nFoto: Tomaz Silva \/Ag\u00eancia Brasil\" title=\"Tomaz Silva\/Ag\u00eancia Brasil\"\/><\/figure>\n\n\n\n<p>Fam\u00edlias choram por mortos na Opera\u00e7\u00e3o Conten\u00e7\u00e3o&nbsp;&#8211; <strong>Tomaz Silva\/Ag\u00eancia Brasil<\/strong><\/p>\n\n\n\n<p><strong>De acordo com a comiss\u00e3o, o aumento de mortes n\u00e3o resulta em redu\u00e7\u00e3o da criminalidade.<\/strong> Al\u00e9m de gerar graves viola\u00e7\u00f5es de direitos humanos, o modelo \u00e9 ineficaz. Integrantes dos grupos criminosos s\u00e3o substitu\u00eddos, e redes il\u00edcitas s\u00e3o refeitas.<\/p>\n\n\n\n<h2 class=\"wp-block-heading\">Metodologia<\/h2>\n\n\n\n<p>Membros da institui\u00e7\u00e3o visitaram a cidade nos cinco primeiros dias de dezembro de 2025. Reuniram-se com autoridades de diferentes n\u00edveis de governo, organiza\u00e7\u00f5es da sociedade civil, especialistas e pessoas defensoras de direitos humanos, e familiares de v\u00edtimas da opera\u00e7\u00e3o policial.<\/p>\n\n\n\n<p>Para o relat\u00f3rio, tamb\u00e9m foram utilizados dados de institui\u00e7\u00f5es p\u00fablicas e conte\u00fados jornal\u00edsticos. H\u00e1, pelo menos, doze men\u00e7\u00f5es a <a href=\"https:\/\/agenciabrasil.ebc.com.br\/geral\/noticia\/2025-10\/comites-de-participacao-tem-mocao-de-reconhecimento-cobertura-da-ebc\" target=\"_blank\" rel=\"noreferrer noopener\">mat\u00e9rias publicadas pela <strong>Ag\u00eancia Brasil <\/strong><\/a>sobre a opera\u00e7\u00e3o e outros t\u00f3picos relacionados \u00e0 seguran\u00e7a p\u00fablica.<\/p>\n\n\n\n<p><strong>Foram identificadas defici\u00eancias na investiga\u00e7\u00e3o, como falta de preserva\u00e7\u00e3o de cenas de crime, fragilidades na independ\u00eancia pericial, falhas na cadeia de cust\u00f3dia e \u00edndices extremamente elevados de arquivamento.<\/strong><\/p>\n\n\n\n<p>A CIDH tem como miss\u00e3o defender grupos vulner\u00e1veis e consolidar a democracia na Am\u00e9rica. O \u00f3rg\u00e3o pode fazer visitas, relat\u00f3rios, receber peti\u00e7\u00f5es de Estados-Membros e levar casos de viola\u00e7\u00e3o para a Corte Interamericana de Direitos Humanos (Corte IDH). O Brasil j\u00e1 foi condenado internacionalmente pelos massacres de Acari (1990) e de Nova Bras\u00edlia (1994 e 1995).<\/p>\n\n\n\n<h2 class=\"wp-block-heading\">Recomenda\u00e7\u00f5es<\/h2>\n\n\n\n<p>O relat\u00f3rio da CIDH afirma que \u00e9 necess\u00e1rio implementar mudan\u00e7a profunda na forma de lidar com os problemas socioecon\u00f4micos e de seguran\u00e7a p\u00fablica. Conclui que pol\u00edticas de inclus\u00e3o, preven\u00e7\u00e3o e justi\u00e7a eficaz s\u00e3o os \u00fanicos caminhos para \u201cromper o ciclo hist\u00f3rico de morte, encarceramento e impunidade que marca a experi\u00eancia de favelas e periferias urbanas no Brasil\u201d.<\/p>\n\n\n\n<p>De forma mais detalhada, s\u00e3o apresentadas recomenda\u00e7\u00f5es para o Estado brasileiro.&nbsp;<\/p>\n\n\n\n<p><strong>Entre os principais pontos citados pela CIDH, est\u00e3o:<\/strong><\/p>\n\n\n\n<ol class=\"wp-block-list\">\n<li>Privilegiar estrat\u00e9gias de preven\u00e7\u00e3o e pol\u00edticas p\u00fablicas abrangentes nos territ\u00f3rios.<\/li>\n\n\n\n<li>Priorizar a aloca\u00e7\u00e3o de recursos para a\u00e7\u00f5es de intelig\u00eancia, com aten\u00e7\u00e3o especial ao monitoramento de fluxos de capital, transa\u00e7\u00f5es econ\u00f4micas comerciais, tr\u00e2nsito de importa\u00e7\u00e3o e exporta\u00e7\u00e3o.<\/li>\n\n\n\n<li>Fortalecer mecanismos de controle sobre a circula\u00e7\u00e3o e o tr\u00e1fico il\u00edcito de armas de fogo, por meio de sistemas eficazes de rastreabilidade.<\/li>\n\n\n\n<li>Revisar protocolos das for\u00e7as de seguran\u00e7a locais, estaduais e federais, assegurando seu alinhamento com normas internacionais de direitos humanos.<\/li>\n\n\n\n<li>Assegurar autonomia funcional e estrutural dos \u00f3rg\u00e3os periciais, desvinculando o Instituto M\u00e9dico-Legal da estrutura policial.<\/li>\n\n\n\n<li>Fortalecer o controle externo exercido pelo Minist\u00e9rio P\u00fablico sobre a atividade policial, garantindo sua independ\u00eancia em rela\u00e7\u00e3o \u00e0s for\u00e7as de seguran\u00e7a.<\/li>\n\n\n\n<li>Fortalecer mecanismos permanentes de coordena\u00e7\u00e3o e coopera\u00e7\u00e3o interinstitucional entre n\u00edveis federal, estadual e municipal.<\/li>\n\n\n\n<li>Reformar a legisla\u00e7\u00e3o para garantir mecanismos de federaliza\u00e7\u00e3o autom\u00e1tica da investiga\u00e7\u00e3o de casos emblem\u00e1ticos de chacinas (massacres) policiais.<\/li>\n\n\n\n<li>Fortalecer a produ\u00e7\u00e3o, a sistematiza\u00e7\u00e3o e a divulga\u00e7\u00e3o de dados estat\u00edsticos confi\u00e1veis, verific\u00e1veis e desagregados, em especial nas dimens\u00f5es \u00e9tnico-racial, de g\u00eanero, lugar de resid\u00eancia e idade.<\/li>\n\n\n\n<li>Garantir investiga\u00e7\u00f5es minuciosas, independentes e imparciais sobre todas as mortes, les\u00f5es e desaparecimentos ligados \u00e0 \u201cOpera\u00e7\u00e3o Conten\u00e7\u00e3o\u201d.<\/li>\n\n\n\n<li>Assegurar uma repara\u00e7\u00e3o adequada, r\u00e1pida e integral a todas as v\u00edtimas da viol\u00eancia policial e seus familiares, incluindo medidas de compensa\u00e7\u00e3o financeira, assist\u00eancia m\u00e9dica e psicol\u00f3gica.<\/li>\n<\/ol>\n\n\n\n<h2 class=\"wp-block-heading\">Opera\u00e7\u00e3o Conten\u00e7\u00e3o&nbsp;<\/h2>\n\n\n\n<p>A Opera\u00e7\u00e3o Conten\u00e7\u00e3o, promovida&nbsp;pelas pol\u00edcias Civil e Militar do Rio de Janeiro, deixou cerca de 122&nbsp;pessoas mortas. <strong>O governo do estado considerou a opera\u00e7\u00e3o \u201cum sucesso\u201d <\/strong>e afirmou que as pessoas mortas reagiram com viol\u00eancia \u00e0 opera\u00e7\u00e3o, e aqueles que se entregaram foram presos. No total, foram feitas 113 pris\u00f5es, sendo 33 de presos de outros estados. Foram recolhidas 118 armas e 1 tonelada de droga. O objetivo era conter o avan\u00e7o da fac\u00e7\u00e3o Comando Vermelho e cumprir 180 mandados de busca e apreens\u00e3o e 100 de pris\u00e3o, sendo 30 expedidos pela Justi\u00e7a do Par\u00e1.<\/p>\n\n\n\n<p><strong>A opera\u00e7\u00e3o contou com um efetivo de 2,5 mil policiais e \u00e9 a maior e mais letal realizada no estado nos \u00faltimos 15 anos<\/strong>. Os confrontos e as a\u00e7\u00f5es de retalia\u00e7\u00e3o de criminosos geraram p\u00e2nico em toda a cidade, com intenso tiroteio, fechando as principais vias, escolas, com\u00e9rcios e postos de sa\u00fade. Moradores da regi\u00e3o, familiares dos mortos e organiza\u00e7\u00f5es denunciam opera\u00e7\u00e3o como uma &#8220;chacina&#8221;. Cad\u00e1veres recolhidos pelos pr\u00f3prios moradores das matas que circundam a regi\u00e3o foram encontrados degolados e com sinais de execu\u00e7\u00e3o.&nbsp;<\/p>\n","protected":false},"excerpt":{"rendered":"<p>Foto: Tomaz Silva\/Ag\u00eancia Brasil A Opera\u00e7\u00e3o Conten\u00e7\u00e3o, liderada pelo Governo do Estado do Rio de Janeiro em outubro de 2025, provocou 122 mortes e produziu imagens perturbadoras de corpos enfileirados em uma rua do bairro da Penha, na zona norte. Os resultados para a seguran\u00e7a p\u00fablica, no entanto, foram considerados in\u00fateis. A conclus\u00e3o est\u00e1 no<\/p>\n","protected":false},"author":5,"featured_media":74011,"comment_status":"open","ping_status":"open","sticky":false,"template":"","format":"standard","meta":{"om_disable_all_campaigns":false,"_monsterinsights_skip_tracking":false,"_monsterinsights_sitenote_active":false,"_monsterinsights_sitenote_note":"","_monsterinsights_sitenote_category":0,"footnotes":""},"categories":[39],"tags":[],"class_list":{"0":"post-74010","1":"post","2":"type-post","3":"status-publish","4":"format-standard","5":"has-post-thumbnail","7":"category-brasil"},"_links":{"self":[{"href":"https:\/\/comandogeraldanoticia.com.br\/index.php\/wp-json\/wp\/v2\/posts\/74010","targetHints":{"allow":["GET"]}}],"collection":[{"href":"https:\/\/comandogeraldanoticia.com.br\/index.php\/wp-json\/wp\/v2\/posts"}],"about":[{"href":"https:\/\/comandogeraldanoticia.com.br\/index.php\/wp-json\/wp\/v2\/types\/post"}],"author":[{"embeddable":true,"href":"https:\/\/comandogeraldanoticia.com.br\/index.php\/wp-json\/wp\/v2\/users\/5"}],"replies":[{"embeddable":true,"href":"https:\/\/comandogeraldanoticia.com.br\/index.php\/wp-json\/wp\/v2\/comments?post=74010"}],"version-history":[{"count":2,"href":"https:\/\/comandogeraldanoticia.com.br\/index.php\/wp-json\/wp\/v2\/posts\/74010\/revisions"}],"predecessor-version":[{"id":74013,"href":"https:\/\/comandogeraldanoticia.com.br\/index.php\/wp-json\/wp\/v2\/posts\/74010\/revisions\/74013"}],"wp:featuredmedia":[{"embeddable":true,"href":"https:\/\/comandogeraldanoticia.com.br\/index.php\/wp-json\/wp\/v2\/media\/74011"}],"wp:attachment":[{"href":"https:\/\/comandogeraldanoticia.com.br\/index.php\/wp-json\/wp\/v2\/media?parent=74010"}],"wp:term":[{"taxonomy":"category","embeddable":true,"href":"https:\/\/comandogeraldanoticia.com.br\/index.php\/wp-json\/wp\/v2\/categories?post=74010"},{"taxonomy":"post_tag","embeddable":true,"href":"https:\/\/comandogeraldanoticia.com.br\/index.php\/wp-json\/wp\/v2\/tags?post=74010"}],"curies":[{"name":"wp","href":"https:\/\/api.w.org\/{rel}","templated":true}]}}