{"id":74006,"date":"2026-03-05T21:48:35","date_gmt":"2026-03-05T21:48:35","guid":{"rendered":"https:\/\/comandogeraldanoticia.com.br\/?p=74006"},"modified":"2026-03-05T21:48:36","modified_gmt":"2026-03-05T21:48:36","slug":"confira-programacao-oficial-do-festival-de-arembepe-2026","status":"publish","type":"post","link":"https:\/\/comandogeraldanoticia.com.br\/index.php\/2026\/03\/05\/confira-programacao-oficial-do-festival-de-arembepe-2026\/","title":{"rendered":"Confira programa\u00e7\u00e3o oficial do Festival de Arembepe 2026"},"content":{"rendered":"\n<p>Cama\u00e7ari se prepara para viver um dos momentos mais aguardados do calend\u00e1rio cultural do munic\u00edpio. Entre os dias 13 e 16 de mar\u00e7o, o Festival de Arembepe 2026 \u2014 que integra o ciclo de festas populares da orla \u2014 reunir\u00e1 populares, visitantes e turistas em quatro dias de celebra\u00e7\u00e3o marcados por manifesta\u00e7\u00f5es culturais e uma programa\u00e7\u00e3o musical diversificada, com mais de 50 atra\u00e7\u00f5es.<\/p>\n\n\n\n<p>A abertura oficial acontece na sexta-feira (13), a partir das 8h, com o cortejo cultural e religioso em homenagem a S\u00e3o Francisco de Assis. O percurso ter\u00e1 in\u00edcio na entrada da localidade e seguir\u00e1 at\u00e9 a igreja dedicada ao santo. A cerim\u00f4nia contar\u00e1 com a participa\u00e7\u00e3o das baianas e de diversos grupos culturais, como as charangas Tropicana, Big Band e Art Vila, al\u00e9m dos grupos Ra\u00edzes Dessa Terra, Groove dos Tambores, Cia Isarte, Beira de Rua, Caboclo Mirim, Boi Tricotado, Capoeira Aquilombar, Capoeira Liberta\u00e7\u00e3o e Arte, Afox\u00e9 Il\u00ea Ode Oba Lode, Afox\u00e9 Oromi Lay\u00f4, Samba de Caboclo e Capoeira Bimba\u00ea.<\/p>\n\n\n\n<p>Ainda na sexta-feira, a partir das 14h, os blocos tomar\u00e3o conta da Rua Direta de Arembepe. \u00c0 tarde e \u00e0 noite, os palcos montados na localidade re\u00fanem artistas locais, regionais e nacionais.<\/p>\n\n\n\n<p>No Palco da Diversidade, na Pra\u00e7a dos Coqueiros, a partir das 15h30 tem atra\u00e7\u00f5es como Espermacete, Kalunduh, Rege FX e Edy Xote. No Palco Katita, localizado na Arena Principal, a primeira noite contar\u00e1 com shows de Jo\u00e3o Gomes, Filhos de Jorge, Guig Ghetto, Diumbanda e Chegue Mais, a partir das 19h30.<\/p>\n\n\n\n<p>No s\u00e1bado (14), a programa\u00e7\u00e3o dos blocos come\u00e7a \u00e0s 13h30. Na parte da tarde, \u00e0s 15h30, j\u00e1 tem programa\u00e7\u00e3o pra toda fam\u00edlia no Palco da Diversidade, come\u00e7ando com o grupo P\u00e9 de Lata. \u00c0 noite, a partir das 19h30, o palco principal recebe Tony Sales, Renatinho da Bahia, Neide Bassan, Priscila Sena e C\u00e1ssio Calmon.<\/p>\n\n\n\n<p>O domingo (15) inicia mais cedo, \u00e0s 11h, com os blocos. L\u00e1 na Pra\u00e7a dos Coqueiros, ter\u00e1 shows de Igor Jean, Carol e Gabi, Liu Menezes, entre outros, a partir das 15h30. \u00c0 noite, a partir das 19h30, o Palco Katita ser\u00e1 cen\u00e1rio para apresenta\u00e7\u00f5es de Simpa, Fantasm\u00e3o, Maneva e Tayrone.<\/p>\n\n\n\n<p>Encerrando os festejos, na segunda-feira (16), cinco blocos desfilam a partir das 14h30. \u00c0 noite, com in\u00edcio \u00e0s 19h30, o tradicional Baile dos Coroas traz a sofr\u00eancia e o romantismo de Nilson Santos, Leozinho Imperador, Dois Amores e Silva Filho, marcando o fechamento da programa\u00e7\u00e3o no Palco da Diversidade \u2013 Ra\u00edzes e Ritmos, espa\u00e7o dedicado \u00e0 valoriza\u00e7\u00e3o dos talentos locais.<\/p>\n\n\n\n<p>O Festival de Arembepe 2026 \u00e9 realizado pela Prefeitura de Cama\u00e7ari, por meio da Secretaria de Governo (Segov), atrav\u00e9s da Coordena\u00e7\u00e3o de Eventos, com o apoio das demais secretarias e institui\u00e7\u00f5es municipais.<\/p>\n\n\n\n<p>Veja, a seguir, a programa\u00e7\u00e3o oficial:<\/p>\n\n\n\n<p>SEXTA-FEIRA (13)<\/p>\n\n\n\n<p>Cortejo cultural e religioso \u2013 a partir das 8h<\/p>\n\n\n\n<p>Blocos de rua \u2013 a partir das 15h<br>Os Brochas, com G10 e Cil (Pra\u00e7a Santa Rita)<\/p>\n\n\n\n<p>Cordel de Arembepe, com Rich\u00f4 El\u00e9trico (Pra\u00e7a das Amendoeiras)<\/p>\n\n\n\n<p>Bloco Kais, com Viola de 12 (Pra\u00e7a Santa Rita)<\/p>\n\n\n\n<p>Os Porret\u00f5es, com Wesley Lima (Pra\u00e7a Santa Rita)<\/p>\n\n\n\n<p>Jak\u00e9, com Nivaldo do Tchaco (Pra\u00e7a Santa Rita)<\/p>\n\n\n\n<p>Palco da Diversidade (Palco Ra\u00edzes e Ritmos \u2013 Pra\u00e7a dos Coqueiros) \u2013 a partir das 15h30<br>Espermacete<\/p>\n\n\n\n<p>Jorginaldo Assis<\/p>\n\n\n\n<p>Kalunduh<\/p>\n\n\n\n<p>Rege FX<\/p>\n\n\n\n<p>Edy Xote<\/p>\n\n\n\n<p>Cartel Pacifista<\/p>\n\n\n\n<p>Palco Katita (Arena Principal) \u2013 a partir das 19h30<br>Chegue Mais convida Nego L\u00e9o<\/p>\n\n\n\n<p>Diumbanda<\/p>\n\n\n\n<p>Guig Ghetto<\/p>\n\n\n\n<p>Filhos de Jorge<\/p>\n\n\n\n<p>Jo\u00e3o Gomes<\/p>\n\n\n\n<p>S\u00c1BADO (14)<\/p>\n\n\n\n<p>Blocos de rua \u2013 a partir das 13h30<br>Hanikeiros, com Nei D\u2019 Resenha (Pra\u00e7a Santa Rita)<\/p>\n\n\n\n<p>Voc\u00ea e Eu, com Grupo Representa (Pra\u00e7a Santa Rita)<\/p>\n\n\n\n<p>Bloco dos Amigos, com Rubynho (Pra\u00e7a Santa Rita)<\/p>\n\n\n\n<p>100% Meio Ambiente, com Samba Trator (Pra\u00e7a Santa Rita)<\/p>\n\n\n\n<p>Ra\u00edzes de Arembepe, com Pincel (Pra\u00e7a Santa Rita)<\/p>\n\n\n\n<p>Alegria do Robalo, com Diggo (Pra\u00e7a Santa Rita)<\/p>\n\n\n\n<p>Recordar, com Banda Status e Paulinho da Bahia (Pra\u00e7a Sa\u2026<br>Pote no site<br>Certo<\/p>\n","protected":false},"excerpt":{"rendered":"<p>Cama\u00e7ari se prepara para viver um dos momentos mais aguardados do calend\u00e1rio cultural do munic\u00edpio. Entre os dias 13 e 16 de mar\u00e7o, o Festival de Arembepe 2026 \u2014 que integra o ciclo de festas populares da orla \u2014 reunir\u00e1 populares, visitantes e turistas em quatro dias de celebra\u00e7\u00e3o marcados por manifesta\u00e7\u00f5es culturais e uma<\/p>\n","protected":false},"author":5,"featured_media":74007,"comment_status":"open","ping_status":"open","sticky":false,"template":"","format":"standard","meta":{"om_disable_all_campaigns":false,"_monsterinsights_skip_tracking":false,"_monsterinsights_sitenote_active":false,"_monsterinsights_sitenote_note":"","_monsterinsights_sitenote_category":0,"footnotes":""},"categories":[40],"tags":[],"class_list":{"0":"post-74006","1":"post","2":"type-post","3":"status-publish","4":"format-standard","5":"has-post-thumbnail","7":"category-camacari"},"_links":{"self":[{"href":"https:\/\/comandogeraldanoticia.com.br\/index.php\/wp-json\/wp\/v2\/posts\/74006","targetHints":{"allow":["GET"]}}],"collection":[{"href":"https:\/\/comandogeraldanoticia.com.br\/index.php\/wp-json\/wp\/v2\/posts"}],"about":[{"href":"https:\/\/comandogeraldanoticia.com.br\/index.php\/wp-json\/wp\/v2\/types\/post"}],"author":[{"embeddable":true,"href":"https:\/\/comandogeraldanoticia.com.br\/index.php\/wp-json\/wp\/v2\/users\/5"}],"replies":[{"embeddable":true,"href":"https:\/\/comandogeraldanoticia.com.br\/index.php\/wp-json\/wp\/v2\/comments?post=74006"}],"version-history":[{"count":2,"href":"https:\/\/comandogeraldanoticia.com.br\/index.php\/wp-json\/wp\/v2\/posts\/74006\/revisions"}],"predecessor-version":[{"id":74009,"href":"https:\/\/comandogeraldanoticia.com.br\/index.php\/wp-json\/wp\/v2\/posts\/74006\/revisions\/74009"}],"wp:featuredmedia":[{"embeddable":true,"href":"https:\/\/comandogeraldanoticia.com.br\/index.php\/wp-json\/wp\/v2\/media\/74007"}],"wp:attachment":[{"href":"https:\/\/comandogeraldanoticia.com.br\/index.php\/wp-json\/wp\/v2\/media?parent=74006"}],"wp:term":[{"taxonomy":"category","embeddable":true,"href":"https:\/\/comandogeraldanoticia.com.br\/index.php\/wp-json\/wp\/v2\/categories?post=74006"},{"taxonomy":"post_tag","embeddable":true,"href":"https:\/\/comandogeraldanoticia.com.br\/index.php\/wp-json\/wp\/v2\/tags?post=74006"}],"curies":[{"name":"wp","href":"https:\/\/api.w.org\/{rel}","templated":true}]}}