{"id":74002,"date":"2026-03-05T02:46:17","date_gmt":"2026-03-05T02:46:17","guid":{"rendered":"https:\/\/comandogeraldanoticia.com.br\/?p=74002"},"modified":"2026-03-05T02:46:18","modified_gmt":"2026-03-05T02:46:18","slug":"governo-regulamenta-regras-de-salvaguardas-em-acordos-comerciais","status":"publish","type":"post","link":"https:\/\/comandogeraldanoticia.com.br\/index.php\/2026\/03\/05\/governo-regulamenta-regras-de-salvaguardas-em-acordos-comerciais\/","title":{"rendered":"Governo regulamenta regras de salvaguardas em acordos comerciais"},"content":{"rendered":"\n<p>Foto:  Divulga\u00e7\u00e3o\/Porto de Santos<\/p>\n\n\n\n<p>De acordo com o decreto, assinado pelo presidente Luiz In\u00e1cio Lula da Silva e <a href=\"https:\/\/www.in.gov.br\/web\/dou\/-\/decreto-n-12.866-de-4-de-marco-de-2026-690531613\" target=\"_blank\" rel=\"noreferrer noopener\">publicado&nbsp;em edi\u00e7\u00e3o extra do Di\u00e1rio Oficial da Uni\u00e3o (DOU)<\/a>, nesta quarta-feira (4), <strong>as medidas de salvaguardas bilaterais poder\u00e3o ser aplicadas quando as importa\u00e7\u00f5es de um produto sujeito a condi\u00e7\u00f5es preferenciais, em decorr\u00eancia de um acordo, aumentarem em quantidade e em condi\u00e7\u00f5es tais que causem ou ameacem causar um preju\u00edzo grave \u00e0 ind\u00fastria dom\u00e9stica<\/strong>.<\/p>\n\n\n\n<p><strong>As medidas podem ser adotadas para proteger tanto o setor industrial quanto o agr\u00edcola<\/strong>.<\/p>\n\n\n\n<p>Segundo o governo, a ado\u00e7\u00e3o de uma salvaguarda pode, por exemplo, levar \u00e0 suspens\u00e3o tempor\u00e1ria do cronograma de desconto tarif\u00e1rio negociado ou ao restabelecimento da tarifa aplicada antes da vig\u00eancia de um acordo comercial.<\/p>\n\n\n\n<p>Tamb\u00e9m poder\u00e1 ser institu\u00edda uma cota tarif\u00e1ria, com a defini\u00e7\u00e3o de um volume de importa\u00e7\u00f5es at\u00e9 o qual as mercadorias continuam a usufruir das prefer\u00eancias pactuadas. Ultrapassado esse limite, os produtos passam a estar sujeitos \u00e0 suspens\u00e3o do cronograma de desgrava\u00e7\u00e3o tarif\u00e1ria ou ao restabelecimento das tarifas anteriormente aplicadas.<\/p>\n\n\n\n<p>Ainda segundo o decreto, caber\u00e1 \u00e0 C\u00e2mara de Com\u00e9rcio Exterior (Camex) adotar medidas de salvaguarda, ap\u00f3s investiga\u00e7\u00e3o conduzida pelo Departamento de Defesa Comercial da Secretaria de Com\u00e9rcio Exterior do MDIC (Decom\/Secex).<\/p>\n\n\n\n<p>A ind\u00fastria dom\u00e9stica poder\u00e1 solicitar investiga\u00e7\u00e3o de salvaguardas bilaterais e, em circunst\u00e2ncias excepcionais, a Secex tamb\u00e9m fica autorizada a abrir investiga\u00e7\u00f5es de of\u00edcio.<\/p>\n\n\n\n<p>O<a href=\"https:\/\/agenciabrasil.ebc.com.br\/economia\/noticia\/2026-02\/alckmin-governo-prepara-decreto-de-salvaguardas-no-acordo-mercosul-ue\" target=\"_blank\" rel=\"noreferrer noopener\"> mecanismo j\u00e1 havia sido anunciado na semana passada pelo vice-presidente e ministro do Desenvolvimento, Ind\u00fastria e Com\u00e9rcio, Geraldo Alckmin<\/a>, e era uma demanda especialmente do setor agr\u00edcola brasileiro.<\/p>\n\n\n\n<p>Isso porque, no final do ano passado, o Parlamento Europeu aprovou regras mais r\u00edgidas para importa\u00e7\u00f5es agr\u00edcolas vinculadas ao acordo com o Mercosul, cujas medidas seriam acionadas se importa\u00e7\u00f5es em grande volume causarem ou amea\u00e7arem preju\u00edzo grave aos produtores europeus.<\/p>\n\n\n\n<p>O setor do agroneg\u00f3cio nacional queria que essas salvaguardas fossem assumidas tamb\u00e9m pelo governo brasileiro, em caso de aumento das importa\u00e7\u00f5es de produtos europeus concorrentes.<\/p>\n\n\n\n<p><\/p>\n","protected":false},"excerpt":{"rendered":"<p>Foto: Divulga\u00e7\u00e3o\/Porto de Santos De acordo com o decreto, assinado pelo presidente Luiz In\u00e1cio Lula da Silva e publicado&nbsp;em edi\u00e7\u00e3o extra do Di\u00e1rio Oficial da Uni\u00e3o (DOU), nesta quarta-feira (4), as medidas de salvaguardas bilaterais poder\u00e3o ser aplicadas quando as importa\u00e7\u00f5es de um produto sujeito a condi\u00e7\u00f5es preferenciais, em decorr\u00eancia de um acordo, aumentarem em<\/p>\n","protected":false},"author":5,"featured_media":74003,"comment_status":"open","ping_status":"open","sticky":false,"template":"","format":"standard","meta":{"om_disable_all_campaigns":false,"_monsterinsights_skip_tracking":false,"_monsterinsights_sitenote_active":false,"_monsterinsights_sitenote_note":"","_monsterinsights_sitenote_category":0,"footnotes":""},"categories":[39],"tags":[],"class_list":{"0":"post-74002","1":"post","2":"type-post","3":"status-publish","4":"format-standard","5":"has-post-thumbnail","7":"category-brasil"},"_links":{"self":[{"href":"https:\/\/comandogeraldanoticia.com.br\/index.php\/wp-json\/wp\/v2\/posts\/74002","targetHints":{"allow":["GET"]}}],"collection":[{"href":"https:\/\/comandogeraldanoticia.com.br\/index.php\/wp-json\/wp\/v2\/posts"}],"about":[{"href":"https:\/\/comandogeraldanoticia.com.br\/index.php\/wp-json\/wp\/v2\/types\/post"}],"author":[{"embeddable":true,"href":"https:\/\/comandogeraldanoticia.com.br\/index.php\/wp-json\/wp\/v2\/users\/5"}],"replies":[{"embeddable":true,"href":"https:\/\/comandogeraldanoticia.com.br\/index.php\/wp-json\/wp\/v2\/comments?post=74002"}],"version-history":[{"count":2,"href":"https:\/\/comandogeraldanoticia.com.br\/index.php\/wp-json\/wp\/v2\/posts\/74002\/revisions"}],"predecessor-version":[{"id":74005,"href":"https:\/\/comandogeraldanoticia.com.br\/index.php\/wp-json\/wp\/v2\/posts\/74002\/revisions\/74005"}],"wp:featuredmedia":[{"embeddable":true,"href":"https:\/\/comandogeraldanoticia.com.br\/index.php\/wp-json\/wp\/v2\/media\/74003"}],"wp:attachment":[{"href":"https:\/\/comandogeraldanoticia.com.br\/index.php\/wp-json\/wp\/v2\/media?parent=74002"}],"wp:term":[{"taxonomy":"category","embeddable":true,"href":"https:\/\/comandogeraldanoticia.com.br\/index.php\/wp-json\/wp\/v2\/categories?post=74002"},{"taxonomy":"post_tag","embeddable":true,"href":"https:\/\/comandogeraldanoticia.com.br\/index.php\/wp-json\/wp\/v2\/tags?post=74002"}],"curies":[{"name":"wp","href":"https:\/\/api.w.org\/{rel}","templated":true}]}}