{"id":73999,"date":"2026-03-05T02:42:01","date_gmt":"2026-03-05T02:42:01","guid":{"rendered":"https:\/\/comandogeraldanoticia.com.br\/?p=73999"},"modified":"2026-03-05T02:42:02","modified_gmt":"2026-03-05T02:42:02","slug":"ufba-recebe-em-maio-encontro-anual-das-editoras-universitarias-brasileiras","status":"publish","type":"post","link":"https:\/\/comandogeraldanoticia.com.br\/index.php\/2026\/03\/05\/ufba-recebe-em-maio-encontro-anual-das-editoras-universitarias-brasileiras\/","title":{"rendered":"UFBA recebe em maio encontro anual das editoras universit\u00e1rias brasileiras"},"content":{"rendered":"\n<p>Foto: Romildo de Jesus<\/p>\n\n\n\n<p>A Universidade Federal da Bahia (UFBA) sedia a 38a Reuni\u00e3o Anual da Associa\u00e7\u00e3o Brasileira das Editoras Universit\u00e1rias (ABEU) e o 8o Semin\u00e1rio Brasileiro de Edi\u00e7\u00e3o Universit\u00e1ria e Acad\u00eamica. Os eventos, que compreendem o encontro anual da ABEU, acontecem simultaneamente entre os dias 12 e 15 de maio e contam com debatedores e conferencistas de todo o pa\u00eds para rodas de conversa e relatos de experi\u00eancias profissionais. As inscri\u00e7\u00f5es podem ser realizadas at\u00e9 o dia 10 de abril no site da ABEU.<br>Descobrir mais<br>Livros sobre pol\u00edtica brasileira<br>Livros sobre a Bahia<br>Viagens para Morro de S\u00e3o Paulo<\/p>\n\n\n\n<p>Partindo do tema \u201cNovos modos de ler: o futuro da edi\u00e7\u00e3o universit\u00e1ria\u201d, a programa\u00e7\u00e3o \u00e9 extensa e inclui assuntos relevantes para o segmento da edi\u00e7\u00e3o universit\u00e1ria e acad\u00eamica, como pol\u00edticas editoriais frente \u00e0s tecnologias de Intelig\u00eancia Artificial (IA) e gerenciamento de metadados. Al\u00e9m das palestras, ser\u00e3o apresentados trabalhos inscritos dentro dos eixos<br>tem\u00e1ticos do semin\u00e1rio.<\/p>\n\n\n\n<p>A reuni\u00e3o tamb\u00e9m conta com uma Assembleia Geral para tratar de assuntos de interesse das editoras filiadas \u00e0 ABEU, al\u00e9m da apresenta\u00e7\u00e3o de um relat\u00f3rio da atual gest\u00e3o. O encerramento fica a cargo de Felipe Gomberg, presidente da associa\u00e7\u00e3o e diretor da Editora PUC-Rio.<\/p>\n\n\n\n<p>\u201cAs reuni\u00f5es anuais s\u00e3o um momento especial para a ABEU. \u00c9 um espa\u00e7o de encontro dessa nossa incr\u00edvel rede de mais de 130 editoras universit\u00e1rias brasileiras. Trata-se de uma semana de intensa troca entre os profissionais do livro de nossas editoras, de relatos de experi\u00eancias e \u2018cases\u2019, de confer\u00eancias e workshops, com alguns dos melhores do nosso mercado. \u00c9 ainda especial que a edi\u00e7\u00e3o deste ano ocorra na UFBA, na Bahia, estado com forte presen\u00e7a de tradicionais editoras universit\u00e1rias\u201d compartilha Gomberg.<\/p>\n\n\n\n<p>Anfitri\u00e3 do encontro, a Editora da Universidade Federal da Bahia (Edufba) consolidou-se como um pilar essencial na difus\u00e3o de conhecimento do pa\u00eds, unindo tradi\u00e7\u00e3o e inova\u00e7\u00e3o em seu cat\u00e1logo, que conta com mais de tr\u00eas mil t\u00edtulos. \u201c\u00c9 um momento de muita expectativa para a Edufba e as editoras universit\u00e1rias baianas parceiras receberem o principal evento de edi\u00e7\u00e3o acad\u00eamica do Brasil. Vivemos um momento de mudan\u00e7as profundas nas pr\u00e1ticas de leitura e nas formas de produ\u00e7\u00e3o e circula\u00e7\u00e3o do conhecimento e precisamos discutir sobre como lidar com esse cen\u00e1rio. Nesse sentido, estamos propondo tamb\u00e9m a amplia\u00e7\u00e3o desse debate com a participa\u00e7\u00e3o de editores de pa\u00edses da Am\u00e9rica Latina\u201d afirma Susane Barros, diretora da Edufba.<\/p>\n\n\n\n<p>Com uma trajet\u00f3ria profundamente ligada \u00e0 vanguarda cultural da UFBA, ber\u00e7o de movimentos como o Cinema Novo e o Tropicalismo, a editora equilibra a publica\u00e7\u00e3o de obras originais com a reedi\u00e7\u00e3o de cl\u00e1ssicos, sempre sob o rigor de seu Conselho Editorial.<\/p>\n\n\n\n<p>Os eventos ser\u00e3o realizados pela Associa\u00e7\u00e3o Brasileira das Editoras Universit\u00e1rias (ABEU), reiterando seu posicionamento como refer\u00eancia do setor editorial universit\u00e1rio, pela Universidade Federal da Bahia (UFBA) e pela Editora da Universidade Federal da Bahia (Edufba). O evento conta ainda com o apoio de outras cinco institui\u00e7\u00f5es: Universidade Estadual de Feira de Santana (UEFS), Universidade Federal do Rec\u00f4ncavo da Bahia (UFRB), Universidade Estadual de Santa Cruz (UESC), Universidade do Estado da Bahia (UNEB) e Universidade Estadual do Sudoeste da Bahia (UESB).<\/p>\n\n\n\n<p>Confira a programa\u00e7\u00e3o completa:<\/p>\n\n\n\n<p>12 de maio &#8211; ter\u00e7a-feira<br>8h: Credenciamento<br>9h: Abertura Solene<br>\u25cf Prof. Paulo Cesar Miguez de Oliveira (Reitor da UFBA)<br>\u25cf Prof. Felipe Gomberg (Presidente da ABEU)<br>\u25cf Profa. Susane Santos Barros (EDUFBA)<br>9h30: Confer\u00eancia de Abertura<br>11h: Coquetel<br>14h: Roda de Conversa 1 &#8211; Desafios e caminhos para ampliar o n\u00famero de leitores de livros<\/p>\n\n\n\n<p>\u25cf Ana Elisa Ribeiro &#8211; Professora titular do Departamento de Linguagem e Tecnologia<br>do Centro Federal de Educa\u00e7\u00e3o Tecnol\u00f3gica de Minas Gerais (Cefet-MG)<br>\u25cf Zoara Failla &#8211; Soci\u00f3loga pela Universidade Estadual Paulista (Unesp), com<br>mestrado em Psicologia Social pela Pontif\u00edcia Universidade Cat\u00f3lica de S\u00e3o Paulo<br>(PUC-SP) e especializa\u00e7\u00e3o na Funda\u00e7\u00e3o Getulio Vargas (FGV).<br>13 de maio &#8211; quarta-feira<br>9h: Roda de Conversa 2 &#8211; Pol\u00edtica editorial e uso de recursos de IA na edi\u00e7\u00e3o acad\u00eamica<br>\u25cf Rafael Sampaio &#8211; Professor permanente do Programa de P\u00f3s-Gradua\u00e7\u00e3o em<br>Ci\u00eancia Pol\u00edtica e do Programa de P\u00f3s-Gradua\u00e7\u00e3o em Comunica\u00e7\u00e3o Social, ambos<br>da Universidade Federal do Paran\u00e1 (UFPR)<br>\u25cf Patricia Corona &#8211; Editora-chefe da Editora da Pontif\u00edcia Universidade Cat\u00f3lica do<br>Chile (Ediciones UC) e cofundadora da Rede de Editoras Universit\u00e1rias Chilenas<br>(REDUCH)<br>\u25cf Andr\u00e9 Stangl &#8211; Graduado em Filosofia pela Universidade Federal da Bahia (UFBA),<br>mestre em Comunica\u00e7\u00e3o e Cibercultura pela Faculdade de Comunica\u00e7\u00e3o<br>(Facom-UFBA) e doutor em Comunica\u00e7\u00e3o Digital pela Escola de Comunica\u00e7\u00f5es e<br>Artes da Universidade de S\u00e3o Paulo (ECA-USP)<br>11h: Relatos de experi\u00eancias das editoras<br>14h: Reuni\u00e3o das Regionais da ABEU<br>16h: Plen\u00e1ria das discuss\u00f5es estabelecidas nas reuni\u00f5es das regionais<br>14 de maio &#8211; quinta-feira<br>9h: Relatoria dos GTs da ABEU. Temas:<br>\u25cf Produ\u00e7\u00e3o editorial e tecnologia<br>\u25cf Nova pol\u00edtica de avalia\u00e7\u00e3o da Capes<br>11h: Apresenta\u00e7\u00e3o dos trabalhos inscritos &#8211; Eixos Tem\u00e1ticos<br>15h: Assembleia Geral Ordin\u00e1ria da ABEU<br>\u25cf Apresenta\u00e7\u00e3o do relat\u00f3rio de gest\u00e3o 2025-2026<br>\u25cf Assuntos de interesse das editoras filiadas \u00e0 ABEU<br>18h: Confraterniza\u00e7\u00e3o<br>15 de maio &#8211; sexta-feira<br>9h: Roda de Conversa 3 &#8211; Gerenciamento e distribui\u00e7\u00e3o de metadados de livros de acesso<br>aberto: desafios e boas pr\u00e1ticas<br>\u25cf Amanda Ramalho &#8211; Bibliotec\u00e1ria e mestre em Ci\u00eancias pela Universidade de S\u00e3o<br>Paulo (USP)<br>\u25cf Edgar Garcia Valencia &#8211; Editor e acad\u00eamico, com mestrado em Literatura Mexicana<br>e doutorado em Letras pela Universidade Nacional Aut\u00f4noma do M\u00e9xico (UNAM).<br>11h: Relatos de experi\u00eancias das editoras<br>14h: Confer\u00eancia de Encerramento<br>\u25cf Gra\u00e7a Druck &#8211; Professora titular do Programa de P\u00f3s-gradua\u00e7\u00e3o em Ci\u00eancias<br>Sociais da Faculdade de Filosofia e Ci\u00eancias Humanas e do Programa de Servi\u00e7o<br>Social da Universidade Federal da Bahia (UFBA), pesquisadora do Centro de<br>Estudos e Pesquisas em Humanidades\/CRH\/UFBA, bolsista produtividade do CNPq,<\/p>\n\n\n\n<p>membro da Rede de Estudos e Monitoramento Interdisciplinar da Reforma<br>Trabalhista (REMIR) e da Associa\u00e7\u00e3o Brasileira de Estudos do Trabalho (ABET)<br>16h: Encerramento oficial<br>\u25cf Prof. Felipe Gomberg (Presidente da ABEU)<br>\u25cf Profa. Susane Santos Barros (EDUFBA)<\/p>\n\n\n\n<p>Servi\u00e7o:<br>\u25cf Evento: 8o Semin\u00e1rio Brasileiro de Edi\u00e7\u00e3o Universit\u00e1ria e Acad\u00eamica &amp; 38a Reuni\u00e3o<br>Anual da ABEU<br>\u25cf Data: 12 a 15 de maio de 2026.<br>\u25cf Local: Faculdade de Direito da UFBA, Salvador \u2013 BA.<br>\u25cf Inscri\u00e7\u00f5es: At\u00e9 10 de abril de 2026 pelo site oficial.<\/p>\n","protected":false},"excerpt":{"rendered":"<p>Foto: Romildo de Jesus A Universidade Federal da Bahia (UFBA) sedia a 38a Reuni\u00e3o Anual da Associa\u00e7\u00e3o Brasileira das Editoras Universit\u00e1rias (ABEU) e o 8o Semin\u00e1rio Brasileiro de Edi\u00e7\u00e3o Universit\u00e1ria e Acad\u00eamica. Os eventos, que compreendem o encontro anual da ABEU, acontecem simultaneamente entre os dias 12 e 15 de maio e contam com debatedores<\/p>\n","protected":false},"author":5,"featured_media":74000,"comment_status":"open","ping_status":"open","sticky":false,"template":"","format":"standard","meta":{"om_disable_all_campaigns":false,"_monsterinsights_skip_tracking":false,"_monsterinsights_sitenote_active":false,"_monsterinsights_sitenote_note":"","_monsterinsights_sitenote_category":0,"footnotes":""},"categories":[44],"tags":[],"class_list":{"0":"post-73999","1":"post","2":"type-post","3":"status-publish","4":"format-standard","5":"has-post-thumbnail","7":"category-example-6"},"_links":{"self":[{"href":"https:\/\/comandogeraldanoticia.com.br\/index.php\/wp-json\/wp\/v2\/posts\/73999","targetHints":{"allow":["GET"]}}],"collection":[{"href":"https:\/\/comandogeraldanoticia.com.br\/index.php\/wp-json\/wp\/v2\/posts"}],"about":[{"href":"https:\/\/comandogeraldanoticia.com.br\/index.php\/wp-json\/wp\/v2\/types\/post"}],"author":[{"embeddable":true,"href":"https:\/\/comandogeraldanoticia.com.br\/index.php\/wp-json\/wp\/v2\/users\/5"}],"replies":[{"embeddable":true,"href":"https:\/\/comandogeraldanoticia.com.br\/index.php\/wp-json\/wp\/v2\/comments?post=73999"}],"version-history":[{"count":1,"href":"https:\/\/comandogeraldanoticia.com.br\/index.php\/wp-json\/wp\/v2\/posts\/73999\/revisions"}],"predecessor-version":[{"id":74001,"href":"https:\/\/comandogeraldanoticia.com.br\/index.php\/wp-json\/wp\/v2\/posts\/73999\/revisions\/74001"}],"wp:featuredmedia":[{"embeddable":true,"href":"https:\/\/comandogeraldanoticia.com.br\/index.php\/wp-json\/wp\/v2\/media\/74000"}],"wp:attachment":[{"href":"https:\/\/comandogeraldanoticia.com.br\/index.php\/wp-json\/wp\/v2\/media?parent=73999"}],"wp:term":[{"taxonomy":"category","embeddable":true,"href":"https:\/\/comandogeraldanoticia.com.br\/index.php\/wp-json\/wp\/v2\/categories?post=73999"},{"taxonomy":"post_tag","embeddable":true,"href":"https:\/\/comandogeraldanoticia.com.br\/index.php\/wp-json\/wp\/v2\/tags?post=73999"}],"curies":[{"name":"wp","href":"https:\/\/api.w.org\/{rel}","templated":true}]}}