{"id":73995,"date":"2026-03-05T02:36:53","date_gmt":"2026-03-05T02:36:53","guid":{"rendered":"https:\/\/comandogeraldanoticia.com.br\/?p=73995"},"modified":"2026-03-05T02:36:54","modified_gmt":"2026-03-05T02:36:54","slug":"lula-faz-apelo-a-paz-condena-corrida-armamentista-e-critica-onu","status":"publish","type":"post","link":"https:\/\/comandogeraldanoticia.com.br\/index.php\/2026\/03\/05\/lula-faz-apelo-a-paz-condena-corrida-armamentista-e-critica-onu\/","title":{"rendered":"Lula faz apelo \u00e0 paz, condena corrida armamentista e critica ONU"},"content":{"rendered":"\n<p>Foto: Marcelo Camargo\/Ag\u00eancia Brasil<\/p>\n\n\n\n<p>O presidente Luiz In\u00e1cio Lula da Silva fez um apelo, nesta quarta-feira (4), para que l\u00edderes globais busquem a paz em meio ao cen\u00e1rio recente de guerras e que priorizem o combate \u00e0 fome no lugar de gastos com armamentos.<\/p>\n\n\n\n<pre class=\"wp-block-code\"><code>\u201cSe peg\u00e1ssemos o dinheiro que foi gasto, no ano passado, em armamentos, em conflitos \u2013 o equivalente a US$ 2,7 trilh\u00f5es \u2013 e divid\u00edssemos entre os 630 milh\u00f5es de seres humanos que, no planeta, passam fome, daria pra ter distribu\u00eddo US$ 4.285 para cada pessoa. Voc\u00eas percebem que n\u00e3o precisaria ter fome no mundo se houvesse o bom senso dos governantes?\u201d, disse o presidente. <\/code><\/pre>\n\n\n\n<p>Durante a abertura da 39\u00aa Confer\u00eancia Regional da Organiza\u00e7\u00e3o das Na\u00e7\u00f5es Unidas para a Alimenta\u00e7\u00e3o e a Agricultura (FAO) para a Am\u00e9rica Latina e o Caribe, Lula destacou que a regi\u00e3o \u00e9 \u201ca \u00fanica zona de paz no mundo\u201d.<\/p>\n\n\n\n<p>\u201cAqui no Brasil, temos a op\u00e7\u00e3o de n\u00e3o possuir armas nucleares na nossa Constitui\u00e7\u00e3o. H\u00e1 muito tempo, a gente chegou \u00e0 conclus\u00e3o de que aquele ditado que diz que quem quer paz se prepara para a guerra \u00e9 para quem quer fazer guerra. N\u00f3s queremos paz porque a paz \u00e9 a \u00fanica possibilidade de fazer com que a humanidade avance.\u201d<br>Conselho de Seguran\u00e7a<\/p>\n\n\n\n<p>Em sua fala, Lula fez um apelo direto aos cinco membros permanentes do Conselho de Seguran\u00e7a da Organiza\u00e7\u00e3o das Na\u00e7\u00f5es Unidas (ONU): Fran\u00e7a, Inglaterra, R\u00fassia, China e Estados Unidos.<\/p>\n\n\n\n<pre class=\"wp-block-code\"><code>\u201cSe esses senhores, que coordenam o Conselho de Seguran\u00e7a como membros permanentes da ONU, se preocupassem com essa quest\u00e3o da fome neste instante ao inv\u00e9s de ficarem discutindo, como agora est\u00e1 se discutindo na Europa, o fortalecimento do armamento dos pa\u00edses, investimentos na defesa.\u201d<\/code><\/pre>\n\n\n\n<p>\u201cEst\u00e1 todo mundo pensando que v\u00e3o se agravar os conflitos. E todo mundo quer mais armas, todo mundo quer mais bomba at\u00f4mica, todo mundo quer mais drone, todo mundo quer avi\u00f5es de ca\u00e7a cada vez mais caros. E tudo isso n\u00e3o \u00e9 feito para construir ou para produzir alimentos. Isso \u00e9 feito para destruir e para diminuir a produ\u00e7\u00e3o de alimentos ou destruir aquilo que j\u00e1 est\u00e1 plantado.\u201d<br>Faixa de Gaza<\/p>\n\n\n\n<p>Em seu discurso, Lula tamb\u00e9m criticou a cria\u00e7\u00e3o, por parte do governo estadunidense de Donald Trump, do chamado Conselho de Paz, voltado para a reconstru\u00e7\u00e3o da Faixa de Gaza.<\/p>\n\n\n\n<pre class=\"wp-block-code\"><code>\u201cCompensou destruir Gaza, matando a quantidade de mulheres e crian\u00e7as que mataram, para agora aparecerem com pompa, criando um conselho para dizer: \u2018Vamos reconstruir Gaza\u2019? A\u00ed aparece como se fosse um resort, para passar f\u00e9rias no lugar onde est\u00e3o os cad\u00e1veres das mulheres e das crian\u00e7as que morreram.\u201d<\/code><\/pre>\n\n\n\n<p>\u201cMuitas vezes, a gente fica impass\u00edvel. E, se a gente n\u00e3o gritar, n\u00e3o falar, n\u00e3o se mexer, nada acontece\u201d, disse. \u201cA fome n\u00e3o \u00e9 por um problema de intemp\u00e9ries, n\u00e3o \u00e9 porque tem excesso de frio e excesso de calor. A fome s\u00f3 existe porque existe uma coisa chamada excesso de irresponsabilidade naqueles que s\u00e3o eleitos para ter responsabilidade\u201d, completou.<br>Na\u00e7\u00f5es Unidas<\/p>\n\n\n\n<p>Ao final do pronunciamento, Lula agradeceu o que chamou de \u201cpapel extraordin\u00e1rio\u201d que a FAO, segundo ele, mant\u00e9m como institui\u00e7\u00e3o das Na\u00e7\u00f5es Unidas. \u201cA ONU est\u00e1 ficando desacreditada. A ONU n\u00e3o est\u00e1 cumprindo aquilo que est\u00e1 escrito na sua carta de cria\u00e7\u00e3o, em 1945\u201d.<\/p>\n\n\n\n<pre class=\"wp-block-code\"><code>\u201cA ONU est\u00e1 cedendo ao fatalismo dos senhores das guerras e n\u00e3o tem espa\u00e7o para senhores da paz. Por que a ONU j\u00e1 n\u00e3o convocou uma confer\u00eancia mundial para discutir esses conflitos?\u201d, questionou o presidente.<\/code><\/pre>\n\n\n\n<p>\u201cVoc\u00eas acham normal o presidente Trump ficar, todo dia, dizendo: \u2018Tenho o maior navio do mundo, tenho o maior ex\u00e9rcito do mundo\u2019. Por que ele n\u00e3o fala: \u2018Tenho a maior capacidade de produ\u00e7\u00e3o de alimento do mundo, tenho como distribuir alimento\u2019. N\u00e3o era muito mais simples? E soaria melhor aos nossos ouvidos\u201d, concluiu.<\/p>\n\n\n\n<p>Fonte: Ag\u00eancia Brasil<\/p>\n","protected":false},"excerpt":{"rendered":"<p>Foto: Marcelo Camargo\/Ag\u00eancia Brasil O presidente Luiz In\u00e1cio Lula da Silva fez um apelo, nesta quarta-feira (4), para que l\u00edderes globais busquem a paz em meio ao cen\u00e1rio recente de guerras e que priorizem o combate \u00e0 fome no lugar de gastos com armamentos. Durante a abertura da 39\u00aa Confer\u00eancia Regional da Organiza\u00e7\u00e3o das Na\u00e7\u00f5es<\/p>\n","protected":false},"author":5,"featured_media":73997,"comment_status":"open","ping_status":"open","sticky":false,"template":"","format":"standard","meta":{"om_disable_all_campaigns":false,"_monsterinsights_skip_tracking":false,"_monsterinsights_sitenote_active":false,"_monsterinsights_sitenote_note":"","_monsterinsights_sitenote_category":0,"footnotes":""},"categories":[40,71],"tags":[],"class_list":{"0":"post-73995","1":"post","2":"type-post","3":"status-publish","4":"format-standard","5":"has-post-thumbnail","7":"category-camacari","8":"category-politica"},"_links":{"self":[{"href":"https:\/\/comandogeraldanoticia.com.br\/index.php\/wp-json\/wp\/v2\/posts\/73995","targetHints":{"allow":["GET"]}}],"collection":[{"href":"https:\/\/comandogeraldanoticia.com.br\/index.php\/wp-json\/wp\/v2\/posts"}],"about":[{"href":"https:\/\/comandogeraldanoticia.com.br\/index.php\/wp-json\/wp\/v2\/types\/post"}],"author":[{"embeddable":true,"href":"https:\/\/comandogeraldanoticia.com.br\/index.php\/wp-json\/wp\/v2\/users\/5"}],"replies":[{"embeddable":true,"href":"https:\/\/comandogeraldanoticia.com.br\/index.php\/wp-json\/wp\/v2\/comments?post=73995"}],"version-history":[{"count":1,"href":"https:\/\/comandogeraldanoticia.com.br\/index.php\/wp-json\/wp\/v2\/posts\/73995\/revisions"}],"predecessor-version":[{"id":73998,"href":"https:\/\/comandogeraldanoticia.com.br\/index.php\/wp-json\/wp\/v2\/posts\/73995\/revisions\/73998"}],"wp:featuredmedia":[{"embeddable":true,"href":"https:\/\/comandogeraldanoticia.com.br\/index.php\/wp-json\/wp\/v2\/media\/73997"}],"wp:attachment":[{"href":"https:\/\/comandogeraldanoticia.com.br\/index.php\/wp-json\/wp\/v2\/media?parent=73995"}],"wp:term":[{"taxonomy":"category","embeddable":true,"href":"https:\/\/comandogeraldanoticia.com.br\/index.php\/wp-json\/wp\/v2\/categories?post=73995"},{"taxonomy":"post_tag","embeddable":true,"href":"https:\/\/comandogeraldanoticia.com.br\/index.php\/wp-json\/wp\/v2\/tags?post=73995"}],"curies":[{"name":"wp","href":"https:\/\/api.w.org\/{rel}","templated":true}]}}