{"id":73982,"date":"2026-03-04T01:34:51","date_gmt":"2026-03-04T01:34:51","guid":{"rendered":"https:\/\/comandogeraldanoticia.com.br\/?p=73982"},"modified":"2026-03-04T01:34:52","modified_gmt":"2026-03-04T01:34:52","slug":"brasil-tem-saldo-positivo-de-1123-mil-postos-de-trabalho-em-janeiro","status":"publish","type":"post","link":"https:\/\/comandogeraldanoticia.com.br\/index.php\/2026\/03\/04\/brasil-tem-saldo-positivo-de-1123-mil-postos-de-trabalho-em-janeiro\/","title":{"rendered":"Brasil tem saldo positivo de 112,3 mil postos de trabalho em janeiro"},"content":{"rendered":"\n<p>Foto: Romildo de Jesus\/Tribuna da Bahia<\/p>\n\n\n\n<p>Dados divulgados nesta ter\u00e7a-feira (3) pelo Cadastro Geral de Empregados e Desempregados (Caged), do Minist\u00e9rio do Trabalho e Emprego, apontam que, em janeiro, o Brasil apresentou um saldo de 112.334 mil novos postos de trabalho com carteira assinada. O resultado foi obtido com a admiss\u00e3o de 2.208.030 pessoas e 2.095.696 desligamentos. O Caged \u00e9 um indicador que mede a diferen\u00e7a entre contrata\u00e7\u00f5es e demiss\u00f5es.<\/p>\n\n\n\n<p>Segundo o ministro do Trabalho e Emprego, Luiz Marinho, o destaque do m\u00eas foi a ind\u00fastria, que gerou 54.991 postos de trabalho.<\/p>\n\n\n\n<p>Os dados trazem ajustes, que consideram declara\u00e7\u00f5es entregues em atraso pelos empregadores e que s\u00e3o retificadas pelo minist\u00e9rio.<br>Setores<\/p>\n\n\n\n<p>Na divis\u00e3o por ramos de atividade, quatro dos cinco setores pesquisados criaram empregos formais em janeiro. Apenas o com\u00e9rcio apresentou queda de 56.800 postos, devido a sazonalidade. Os demais tiveram aumentos.<\/p>\n\n\n\n<p>Servi\u00e7os: 40.525 postos<\/p>\n\n\n\n<p>Com\u00e9rcio: &#8211; 56.800 postos<\/p>\n\n\n\n<p>Ind\u00fastria (de transforma\u00e7\u00e3o, de extra\u00e7\u00e3o e de outros tipos): 54.991 postos<\/p>\n\n\n\n<p>Constru\u00e7\u00e3o civil: 50.545 postos<\/p>\n\n\n\n<p>Agropecu\u00e1ria: 23.0373<br>Regi\u00f5es e estados<\/p>\n\n\n\n<p>Em janeiro foram registrados saldos positivos em 18 das 27 unidades federativas , com destaque para Santa Catarina, com 19 mil postos de trabalho, seguido por Mato Grosso, com 18.731, e Rio Grande do Sul, com 18.421.<\/p>\n","protected":false},"excerpt":{"rendered":"<p>Foto: Romildo de Jesus\/Tribuna da Bahia Dados divulgados nesta ter\u00e7a-feira (3) pelo Cadastro Geral de Empregados e Desempregados (Caged), do Minist\u00e9rio do Trabalho e Emprego, apontam que, em janeiro, o Brasil apresentou um saldo de 112.334 mil novos postos de trabalho com carteira assinada. O resultado foi obtido com a admiss\u00e3o de 2.208.030 pessoas e<\/p>\n","protected":false},"author":5,"featured_media":73983,"comment_status":"open","ping_status":"open","sticky":false,"template":"","format":"standard","meta":{"om_disable_all_campaigns":false,"_monsterinsights_skip_tracking":false,"_monsterinsights_sitenote_active":false,"_monsterinsights_sitenote_note":"","_monsterinsights_sitenote_category":0,"footnotes":""},"categories":[40],"tags":[],"class_list":{"0":"post-73982","1":"post","2":"type-post","3":"status-publish","4":"format-standard","5":"has-post-thumbnail","7":"category-camacari"},"_links":{"self":[{"href":"https:\/\/comandogeraldanoticia.com.br\/index.php\/wp-json\/wp\/v2\/posts\/73982","targetHints":{"allow":["GET"]}}],"collection":[{"href":"https:\/\/comandogeraldanoticia.com.br\/index.php\/wp-json\/wp\/v2\/posts"}],"about":[{"href":"https:\/\/comandogeraldanoticia.com.br\/index.php\/wp-json\/wp\/v2\/types\/post"}],"author":[{"embeddable":true,"href":"https:\/\/comandogeraldanoticia.com.br\/index.php\/wp-json\/wp\/v2\/users\/5"}],"replies":[{"embeddable":true,"href":"https:\/\/comandogeraldanoticia.com.br\/index.php\/wp-json\/wp\/v2\/comments?post=73982"}],"version-history":[{"count":2,"href":"https:\/\/comandogeraldanoticia.com.br\/index.php\/wp-json\/wp\/v2\/posts\/73982\/revisions"}],"predecessor-version":[{"id":73985,"href":"https:\/\/comandogeraldanoticia.com.br\/index.php\/wp-json\/wp\/v2\/posts\/73982\/revisions\/73985"}],"wp:featuredmedia":[{"embeddable":true,"href":"https:\/\/comandogeraldanoticia.com.br\/index.php\/wp-json\/wp\/v2\/media\/73983"}],"wp:attachment":[{"href":"https:\/\/comandogeraldanoticia.com.br\/index.php\/wp-json\/wp\/v2\/media?parent=73982"}],"wp:term":[{"taxonomy":"category","embeddable":true,"href":"https:\/\/comandogeraldanoticia.com.br\/index.php\/wp-json\/wp\/v2\/categories?post=73982"},{"taxonomy":"post_tag","embeddable":true,"href":"https:\/\/comandogeraldanoticia.com.br\/index.php\/wp-json\/wp\/v2\/tags?post=73982"}],"curies":[{"name":"wp","href":"https:\/\/api.w.org\/{rel}","templated":true}]}}