{"id":73975,"date":"2026-03-04T01:23:30","date_gmt":"2026-03-04T01:23:30","guid":{"rendered":"https:\/\/comandogeraldanoticia.com.br\/?p=73975"},"modified":"2026-03-04T01:23:31","modified_gmt":"2026-03-04T01:23:31","slug":"lula-visita-fabrica-que-fornece-19-milhoes-de-produtos-ao-sus","status":"publish","type":"post","link":"https:\/\/comandogeraldanoticia.com.br\/index.php\/2026\/03\/04\/lula-visita-fabrica-que-fornece-19-milhoes-de-produtos-ao-sus\/","title":{"rendered":"Lula visita f\u00e1brica que fornece 19 milh\u00f5es de produtos ao SUS"},"content":{"rendered":"\n<p>Foto:  Ricardo Stuckert\/PR\/Ag\u00eancia Brasil<\/p>\n\n\n\n<p><strong>O presidente Luiz In\u00e1cio Lula da Silva visitou nesta ter\u00e7a-feira (3) a farmac\u00eautica Bionovis, na cidade de Valinhos (SP).<\/strong><img decoding=\"async\" src=\"https:\/\/agenciabrasil.ebc.com.br\/ebc.png?id=1680416&amp;o=node\"><img decoding=\"async\" src=\"https:\/\/agenciabrasil.ebc.com.br\/ebc.gif?id=1680416&amp;o=node\"><\/p>\n\n\n\n<p>Fundada em 2012 pela uni\u00e3o dos laborat\u00f3rios Ach\u00e9, EMS, Hypera Pharma e Uni\u00e3o Qu\u00edmica, a f\u00e1brica se dedica ao desenvolvimento e produ\u00e7\u00e3o de medicamentos biol\u00f3gicos de alta complexidade, e fornece cerca de 19 milh\u00f5es de seringas e frascos de produtos farmac\u00eauticos a pacientes do Sistema \u00danico de Sa\u00fade (SUS).<\/p>\n\n\n\n<p>Durante a visita, o Lula destacou que o&nbsp;papel do Estado n\u00e3o \u00e9 ser produtor. &#8220;Ele n\u00e3o tem que ser a f\u00e1brica. Ele tem que ser o indutor, tem que ter pol\u00edtica de cr\u00e9dito, de financiamento e ajudar na produ\u00e7\u00e3o. Quando beneficia as pessoas, todo mundo ganha&#8221;.<\/p>\n\n\n\n<p>O presidente da Rep\u00fablica&nbsp;estava acompanhado do presidente da Bionovis, Odinir Finotti, do vice-presidente Geraldo Alckmin, e dos ministros Fernando Haddad (Fazenda), Alexandre Padilha (Sa\u00fade) e Simone Tebet (Planejamento).<\/p>\n\n\n\n<p><strong>Lula tamb\u00e9m destacou ser fundamental que os investimentos estrat\u00e9gicos do pa\u00eds sejam orientados a garantir qualidade de vida \u00e0 popula\u00e7\u00e3o e fez uma cr\u00edtica ao contexto internacional de conflitos armados.<\/strong><\/p>\n\n\n\n<p>&#8220;Se voc\u00ea lugar a televis\u00e3o de noite, est\u00e1 falando de guerra, de m\u00edsseis, de invas\u00e3o. E aqui estamos falando de salvar vidas. Isso aqui \u00e9 nosso m\u00edssil, n\u00e3o um m\u00edssil para matar, mas para salvar&#8221;, disse o presidente, ao exibir caixas de medicamentos que custam at\u00e9 R$ 6 mil por seringa, mas que s\u00e3o oferecidos gratuitamente pelo SUS..&nbsp;<\/p>\n\n\n\n<p>&#8220;O paciente precisa tomar de 20 a 25 seringas dessa por ano para controlar uma doen\u00e7a como a artrite reumatoide&#8221;, destacou o presidente da Bionovis, Odinir Finotti. &#8220;Gra\u00e7as ao SUS, o Minist\u00e9rio da Sa\u00fade adquire esse produto pagando 80% menos do que ele custaria numa cl\u00ednica. Esse produto \u00e9 feito aqui na Bionovis e chega a todo o povo brasileiro&#8221;, acrescentou.<\/p>\n\n\n\n<figure class=\"wp-block-image\"><img decoding=\"async\" src=\"https:\/\/imagens.ebc.com.br\/kri5sQhT9K3xsqHpTBOZiOx5IGo=\/754x0\/smart\/https:\/\/agenciabrasil.ebc.com.br\/sites\/default\/files\/thumbnails\/image\/2026\/03\/03\/55127691689_82d5dfd5bb_o.jpg?itok=DoxDZ8_z\" alt=\"Valinhos (SP), 03\/03\/2026 - Presidente da Rep\u00fablica, Luiz In\u00e1cio Lula da Silva, durante visita \u00e0 F\u00e1brica de Medicamentos da Bionovis. Foto: Ricardo Stuckert\/PR\" title=\"Ricardo Stuckert\/PR\"\/><\/figure>\n\n\n\n<h6 class=\"wp-block-heading\">Lula mostra medicamentos da Bionovis ofertados pelo SUS- <strong>Ricardo Stuckert\/PR<\/strong><\/h6>\n\n\n\n<p><strong>Segundo o governo federal, a pol\u00edtica de fortalecimento do complexo industrial da sa\u00fade e soberania nacional na produ\u00e7\u00e3o de medicamentos e insumos para a popula\u00e7\u00e3o conta com investimentos que atualmente somam R$ 15 bilh\u00f5es em inova\u00e7\u00e3o e desenvolvimento industrial.<\/strong><\/p>\n\n\n\n<p>&#8220;Sem pol\u00edtica de compras governamentais, isso aqui \u00e9 imposs\u00edvel. Sem um BNDES, voc\u00ea tamb\u00e9m n\u00e3o tem condi\u00e7\u00f5es de planejar uma empresa como essa, que \u00e9 uma empresa privada, n\u00e3o \u00e9 uma empresa p\u00fablica. Mas, se n\u00e3o h\u00e1 uma parceria entre \u00f3rg\u00e3os de Estado, a iniciativa privada, com ambiente de neg\u00f3cios favor\u00e1vel, para venda local e venda externa, esse projeto n\u00e3o se viabiliza&#8221;, enfatizou o ministro Fernando Haddad.<\/p>\n\n\n\n<p>No ano passado, o Banco Nacional de Desenvolvimento Econ\u00f4mico e Social (BNDES) aprovou financiamento no valor de R$ 650 milh\u00f5es para a Bionovis instalar linha de produ\u00e7\u00e3o industrial pioneira para o desenvolvimento e fabrica\u00e7\u00e3o de insumos e medicamentos biotecnol\u00f3gicos de alta complexidade na f\u00e1brica de Valinhos. Alguns dos insumos atualmente produzidos pela ind\u00fastria brasileira s\u00f3 eram fabricados em pa\u00edses como China, Estados Unidos, \u00cdndia e Coreia do Sul.<\/p>\n","protected":false},"excerpt":{"rendered":"<p>Foto: Ricardo Stuckert\/PR\/Ag\u00eancia Brasil O presidente Luiz In\u00e1cio Lula da Silva visitou nesta ter\u00e7a-feira (3) a farmac\u00eautica Bionovis, na cidade de Valinhos (SP). Fundada em 2012 pela uni\u00e3o dos laborat\u00f3rios Ach\u00e9, EMS, Hypera Pharma e Uni\u00e3o Qu\u00edmica, a f\u00e1brica se dedica ao desenvolvimento e produ\u00e7\u00e3o de medicamentos biol\u00f3gicos de alta complexidade, e fornece cerca de<\/p>\n","protected":false},"author":5,"featured_media":73976,"comment_status":"open","ping_status":"open","sticky":false,"template":"","format":"standard","meta":{"om_disable_all_campaigns":false,"_monsterinsights_skip_tracking":false,"_monsterinsights_sitenote_active":false,"_monsterinsights_sitenote_note":"","_monsterinsights_sitenote_category":0,"footnotes":""},"categories":[71],"tags":[],"class_list":{"0":"post-73975","1":"post","2":"type-post","3":"status-publish","4":"format-standard","5":"has-post-thumbnail","7":"category-politica"},"_links":{"self":[{"href":"https:\/\/comandogeraldanoticia.com.br\/index.php\/wp-json\/wp\/v2\/posts\/73975","targetHints":{"allow":["GET"]}}],"collection":[{"href":"https:\/\/comandogeraldanoticia.com.br\/index.php\/wp-json\/wp\/v2\/posts"}],"about":[{"href":"https:\/\/comandogeraldanoticia.com.br\/index.php\/wp-json\/wp\/v2\/types\/post"}],"author":[{"embeddable":true,"href":"https:\/\/comandogeraldanoticia.com.br\/index.php\/wp-json\/wp\/v2\/users\/5"}],"replies":[{"embeddable":true,"href":"https:\/\/comandogeraldanoticia.com.br\/index.php\/wp-json\/wp\/v2\/comments?post=73975"}],"version-history":[{"count":1,"href":"https:\/\/comandogeraldanoticia.com.br\/index.php\/wp-json\/wp\/v2\/posts\/73975\/revisions"}],"predecessor-version":[{"id":73977,"href":"https:\/\/comandogeraldanoticia.com.br\/index.php\/wp-json\/wp\/v2\/posts\/73975\/revisions\/73977"}],"wp:featuredmedia":[{"embeddable":true,"href":"https:\/\/comandogeraldanoticia.com.br\/index.php\/wp-json\/wp\/v2\/media\/73976"}],"wp:attachment":[{"href":"https:\/\/comandogeraldanoticia.com.br\/index.php\/wp-json\/wp\/v2\/media?parent=73975"}],"wp:term":[{"taxonomy":"category","embeddable":true,"href":"https:\/\/comandogeraldanoticia.com.br\/index.php\/wp-json\/wp\/v2\/categories?post=73975"},{"taxonomy":"post_tag","embeddable":true,"href":"https:\/\/comandogeraldanoticia.com.br\/index.php\/wp-json\/wp\/v2\/tags?post=73975"}],"curies":[{"name":"wp","href":"https:\/\/api.w.org\/{rel}","templated":true}]}}