{"id":73969,"date":"2026-03-04T01:15:17","date_gmt":"2026-03-04T01:15:17","guid":{"rendered":"https:\/\/comandogeraldanoticia.com.br\/?p=73969"},"modified":"2026-03-04T01:15:18","modified_gmt":"2026-03-04T01:15:18","slug":"pe-de-meia-governo-credita-pagamento-para-nascidos-em-maio-e-junho","status":"publish","type":"post","link":"https:\/\/comandogeraldanoticia.com.br\/index.php\/2026\/03\/04\/pe-de-meia-governo-credita-pagamento-para-nascidos-em-maio-e-junho\/","title":{"rendered":"P\u00e9-de-Meia: governo credita pagamento para nascidos em maio e junho"},"content":{"rendered":"\n<p>Foto: Rafa Neddermeyer\/Ag\u00eancia Brasil<\/p>\n\n\n\n<p><strong><a href=\"https:\/\/www.gov.br\/mec\" target=\"_blank\" rel=\"noreferrer noopener\">O Minist\u00e9rio da Educa\u00e7\u00e3o (MEC)<\/a> paga, nesta segunda-feira (2), duas parcelas do Programa P\u00e9-de-Meia de 2025 aos estudantes nascidos em maio e junho.<\/strong><br><br>A primeira parcela \u00e9 referente \u00e0 conclus\u00e3o, em 2025, de uma das s\u00e9ries do ensino m\u00e9dio. A outra&nbsp;\u00e9 depositada somente aos concluintes dessa etapa do ensino que participaram dos dois dias de provas da \u00faltima edi\u00e7\u00e3o do Exame Nacional do Ensino M\u00e9dio (Enem).<br><br>Os dep\u00f3sitos s\u00e3o escalonados conforme o m\u00eas de nascimento dos estudantes e ocorrem diretamente nas contas da Caixa Econ\u00f4mica Federal abertas pelos benefici\u00e1rios.<br><br><strong>Confira o calend\u00e1rio de pagamentos at\u00e9 5 de mar\u00e7o, organizados por m\u00eas de nascimento dos estudantes que cumprem os requisitos do P\u00e9-de-Meia:<\/strong><img decoding=\"async\" src=\"https:\/\/agenciabrasil.ebc.com.br\/ebc.png?id=1680207&amp;o=node\"><img decoding=\"async\" src=\"https:\/\/agenciabrasil.ebc.com.br\/ebc.gif?id=1680207&amp;o=node\"><\/p>\n\n\n\n<ul class=\"wp-block-list\">\n<li>\u00a0 \u00a0 \u00a0 \u00a0janeiro e fevereiro: receberam na quinta-feira (26 de fevereiro);<\/li>\n\n\n\n<li>\u00a0 \u00a0 \u00a0 \u00a0mar\u00e7o e abril: receberam na sexta-feira (27);<\/li>\n\n\n\n<li>\u00a0\u00a0 \u00a0 \u00a0 maio e junho: recebem nesta segunda-feira (2);<\/li>\n\n\n\n<li>\u00a0 \u00a0 \u00a0 \u00a0julho e agosto: recebem em 3 de mar\u00e7o;<\/li>\n\n\n\n<li>\u00a0 \u00a0 \u00a0 \u00a0setembro e outubro: recebem em 4 de mar\u00e7o;<\/li>\n\n\n\n<li>\u00a0 \u00a0 \u00a0 \u00a0novembro e dezembro: recebem em 5 de mar\u00e7o.<br>\u00a0<\/li>\n<\/ul>\n\n\n\n<p><strong>Os valores pagos da chamada &#8220;Poupan\u00e7a do ensino m\u00e9dio&#8221; s\u00e3o: R$ 1 mil, pela conclus\u00e3o de uma das s\u00e9ries do ensino m\u00e9dio e R$ 200, pela participa\u00e7\u00e3o no Enem de 2025.<\/strong><\/p>\n\n\n\n<h2 class=\"wp-block-heading\">Dep\u00f3sito<\/h2>\n\n\n\n<p>Os alunos do P\u00e9-de-Meia que foram aprovados no 3\u00ba ano em 2025 ter\u00e3o o incentivo de conclus\u00e3o do P\u00e9-de-Meia liberado para saque imediato, al\u00e9m da&nbsp;e a parcela \u00fanica de R$200, caso tenha participado do&nbsp;dois dias do Enem do ano passado.<br><br>Os estudantes do 1\u00ba e 2\u00ba anos do ensino m\u00e9dio p\u00fablico ter\u00e3o o valor de mil reais&nbsp;creditado em conta, que permanecer\u00e1 bloqueado at\u00e9 a conclus\u00e3o do ensino m\u00e9dio.<br><br><strong>O estudante pode optar por manter o recurso na poupan\u00e7a da institui\u00e7\u00e3o banc\u00e1ria ou direcion\u00e1-lo para <a href=\"https:\/\/agenciabrasil.ebc.com.br\/economia\/noticia\/2026-01\/beneficiarios-do-pe-de-meia-podem-fazer-aplicacao-no-tesouro-direto\" target=\"_blank\" rel=\"noreferrer noopener\">aplica\u00e7\u00e3o no Tesouro Direto<\/a>, por meio do aplicativo Caixa Tem. &nbsp;<\/strong><\/p>\n\n\n\n<h2 class=\"wp-block-heading\">Comprova\u00e7\u00e3o&nbsp;<\/h2>\n\n\n\n<p>O MEC explica que o pagamento do incentivo de conclus\u00e3o aos benefici\u00e1rios do P\u00e9-de-Meia n\u00e3o \u00e9 gerado automaticamente ap\u00f3s o fim das aulas do ano letivo.<br><br>Somente aqueles que tiverem suas informa\u00e7\u00f5es devidamente confirmadas pelas redes de ensino ter\u00e3o os pagamentos garantidos.<br><br>O processo de envio de informa\u00e7\u00f5es pelas secretarias de Educa\u00e7\u00e3o ocorre em duas etapas: a da confirma\u00e7\u00e3o da aprova\u00e7\u00e3o dos estudantes no fim do ano letivo e a de confirma\u00e7\u00e3o da conclus\u00e3o do ensino m\u00e9dio.<br><br>De acordo com a pasta, o objetivo \u00e9 oferecer mais seguran\u00e7a e qualifica\u00e7\u00e3o para os dados desta pol\u00edtica p\u00fablica.<\/p>\n\n\n\n<h2 class=\"wp-block-heading\">Cinco datas<\/h2>\n\n\n\n<p>Caso ocorra atraso no envio dos dados dos alunos pela rede de ensino, o governo federal explica que as parcelas do P\u00e9-de-Meia ser\u00e3o depositadas em uma das cinco datas programadas pelo MEC at\u00e9 o in\u00edcio de julho.<br><br>O prazo final para as redes de ensino encaminharem as informa\u00e7\u00f5es das escolas \u00e9 junho.<br><br>Se o pagamento n\u00e3o foi creditado&nbsp;na primeira data, o aluno deve apenas aguardar a atualiza\u00e7\u00e3o das informa\u00e7\u00f5es pela rede de ensino.<br><br>O MEC orienta os estudantes a acompanharem regularmente sua situa\u00e7\u00e3o na <a href=\"https:\/\/estudante.pedemeia.mec.gov.br\/\" target=\"_blank\" rel=\"noreferrer noopener\">p\u00e1gina virtual \u201cConsulta P\u00e9-de-Meia\u201d<\/a>, com acesso pela conta da plataforma Gov.br. A p\u00e1gina pode ser consultada em qualquer computador, smartphone ou <em>tablet<\/em>.<\/p>\n\n\n\n<h2 class=\"wp-block-heading\">P\u00e9-de-Meia<\/h2>\n\n\n\n<p>O P\u00e9-de-Meia beneficia cerca de 4 milh\u00f5es de estudantes por meio de um incentivo financeiro-educacional do governo federal.<br><br><strong>A iniciativa\u202f\u00e9\u202fvoltada a estudantes matriculados no ensino m\u00e9dio p\u00fablico\u202finscritos no Cadastro \u00danico para Programas Sociais do governo federal (Cad\u00danico).<\/strong><br><br>O programa funciona como uma poupan\u00e7a para promover a perman\u00eancia e a conclus\u00e3o escolar de estudantes nessa etapa de ensino. O objetivo \u00e9 democratizar o acesso \u00e0 educa\u00e7\u00e3o e reduzir a desigualdade social entre os jovens. \u202f\u202f<br><br><strong>Para mais informa\u00e7\u00f5es, o interessado pode entrar em contato com o Fale Conosco do MEC, por meio do&nbsp;telefone 0800-61-61-61 e do <a href=\"https:\/\/www.gov.br\/mec\/pt-br\/pe-de-meia\" target=\"_blank\" rel=\"noreferrer noopener\"><em>site<\/em> do P\u00e9-de-Meia<\/a>.<\/strong><\/p>\n","protected":false},"excerpt":{"rendered":"<p>Foto: Rafa Neddermeyer\/Ag\u00eancia Brasil O Minist\u00e9rio da Educa\u00e7\u00e3o (MEC) paga, nesta segunda-feira (2), duas parcelas do Programa P\u00e9-de-Meia de 2025 aos estudantes nascidos em maio e junho. A primeira parcela \u00e9 referente \u00e0 conclus\u00e3o, em 2025, de uma das s\u00e9ries do ensino m\u00e9dio. A outra&nbsp;\u00e9 depositada somente aos concluintes dessa etapa do ensino que participaram<\/p>\n","protected":false},"author":5,"featured_media":73970,"comment_status":"open","ping_status":"open","sticky":false,"template":"","format":"standard","meta":{"om_disable_all_campaigns":false,"_monsterinsights_skip_tracking":false,"_monsterinsights_sitenote_active":false,"_monsterinsights_sitenote_note":"","_monsterinsights_sitenote_category":0,"footnotes":""},"categories":[44],"tags":[],"class_list":{"0":"post-73969","1":"post","2":"type-post","3":"status-publish","4":"format-standard","5":"has-post-thumbnail","7":"category-example-6"},"_links":{"self":[{"href":"https:\/\/comandogeraldanoticia.com.br\/index.php\/wp-json\/wp\/v2\/posts\/73969","targetHints":{"allow":["GET"]}}],"collection":[{"href":"https:\/\/comandogeraldanoticia.com.br\/index.php\/wp-json\/wp\/v2\/posts"}],"about":[{"href":"https:\/\/comandogeraldanoticia.com.br\/index.php\/wp-json\/wp\/v2\/types\/post"}],"author":[{"embeddable":true,"href":"https:\/\/comandogeraldanoticia.com.br\/index.php\/wp-json\/wp\/v2\/users\/5"}],"replies":[{"embeddable":true,"href":"https:\/\/comandogeraldanoticia.com.br\/index.php\/wp-json\/wp\/v2\/comments?post=73969"}],"version-history":[{"count":1,"href":"https:\/\/comandogeraldanoticia.com.br\/index.php\/wp-json\/wp\/v2\/posts\/73969\/revisions"}],"predecessor-version":[{"id":73971,"href":"https:\/\/comandogeraldanoticia.com.br\/index.php\/wp-json\/wp\/v2\/posts\/73969\/revisions\/73971"}],"wp:featuredmedia":[{"embeddable":true,"href":"https:\/\/comandogeraldanoticia.com.br\/index.php\/wp-json\/wp\/v2\/media\/73970"}],"wp:attachment":[{"href":"https:\/\/comandogeraldanoticia.com.br\/index.php\/wp-json\/wp\/v2\/media?parent=73969"}],"wp:term":[{"taxonomy":"category","embeddable":true,"href":"https:\/\/comandogeraldanoticia.com.br\/index.php\/wp-json\/wp\/v2\/categories?post=73969"},{"taxonomy":"post_tag","embeddable":true,"href":"https:\/\/comandogeraldanoticia.com.br\/index.php\/wp-json\/wp\/v2\/tags?post=73969"}],"curies":[{"name":"wp","href":"https:\/\/api.w.org\/{rel}","templated":true}]}}