{"id":7282,"date":"2022-10-05T21:17:33","date_gmt":"2022-10-05T21:17:33","guid":{"rendered":"https:\/\/comandogeraldanoticia.com.br\/index.php\/2022\/10\/05\/secult-promove-programacao-ludica-celebrando-a-semana-das-criancas\/"},"modified":"2022-10-05T21:17:33","modified_gmt":"2022-10-05T21:17:33","slug":"secult-promove-programacao-ludica-celebrando-a-semana-das-criancas","status":"publish","type":"post","link":"https:\/\/comandogeraldanoticia.com.br\/index.php\/2022\/10\/05\/secult-promove-programacao-ludica-celebrando-a-semana-das-criancas\/","title":{"rendered":"Secult promove programa\u00e7\u00e3o l\u00fadica celebrando a Semana das Crian\u00e7as"},"content":{"rendered":"<p>O Dia das Crian\u00e7as \u00e9 comemorado em 12 de outubro, e em alus\u00e3o a data, a Secretaria da Cultura (Secult) promove uma s\u00e9rie de a\u00e7\u00f5es desta quinta (6\/10) at\u00e9 a ter\u00e7a-feira (11\/10), em diferentes espa\u00e7os, com atividades l\u00fadicas, culturais e esportivas. A Semana das Crian\u00e7as tem o intuito de proporcionar ao p\u00fablico infantil, momentos de lazer e sociabilidade educativa.<\/p>\n<p>A programa\u00e7\u00e3o, realizada atrav\u00e9s do subprograma Vamos Ler Cama\u00e7ari, tem como tema a Fam\u00edlia Madrigal, protagonista da anima\u00e7\u00e3o \u2018Encanto\u2019, e inclui gincana, oficina de bal\u00f5es, pintura de rosto, oficinas recreativas, m\u00fasicas e brincadeiras. Podem participar crian\u00e7as e adolescentes de at\u00e9 14 anos.<\/p>\n<p>As atividades acontecem das 14h \u00e0s 17h. Nesta quinta, a a\u00e7\u00e3o \u00e9 promovida na Pracinhas da Cultura; na sexta-feira (7\/10), na Biblioteca Infantojuvenil; dia 10 de outubro, na Pra\u00e7a Abrantes, e no dia 11\/10, na brinquedoteca da Cidade do Saber.<\/p>\n<figure class=\"wp-container-6 wp-block-gallery-5 wp-block-gallery has-nested-images columns-default is-cropped\">\n<figure class=\"wp-block-image size-large\"><img loading=\"lazy\" decoding=\"async\" loading=\"lazy\" width=\"1000\" height=\"1000\" data-id=\"182754\" src=\"https:\/\/www.camacari.ba.gov.br\/wp-content\/uploads\/2022\/10\/secult-card-semana-das-criancas-2.jpeg\" alt=\"\" class=\"wp-image-182754\" srcset=\"https:\/\/www.camacari.ba.gov.br\/wp-content\/uploads\/2022\/10\/secult-card-semana-das-criancas-2.jpeg 1000w, https:\/\/www.camacari.ba.gov.br\/wp-content\/uploads\/2022\/10\/secult-card-semana-das-criancas-2-300x300.jpeg 300w, https:\/\/www.camacari.ba.gov.br\/wp-content\/uploads\/2022\/10\/secult-card-semana-das-criancas-2-150x150.jpeg 150w, https:\/\/www.camacari.ba.gov.br\/wp-content\/uploads\/2022\/10\/secult-card-semana-das-criancas-2-768x768.jpeg 768w\" sizes=\"auto, (max-width: 1000px) 100vw, 1000px\"><\/figure>\n<figure class=\"wp-block-image size-large\"><img loading=\"lazy\" decoding=\"async\" loading=\"lazy\" width=\"1000\" height=\"1000\" data-id=\"182755\" src=\"https:\/\/www.camacari.ba.gov.br\/wp-content\/uploads\/2022\/10\/secult-card-semana-das-criancas-1.jpeg\" alt=\"\" class=\"wp-image-182755\" srcset=\"https:\/\/www.camacari.ba.gov.br\/wp-content\/uploads\/2022\/10\/secult-card-semana-das-criancas-1.jpeg 1000w, https:\/\/www.camacari.ba.gov.br\/wp-content\/uploads\/2022\/10\/secult-card-semana-das-criancas-1-300x300.jpeg 300w, https:\/\/www.camacari.ba.gov.br\/wp-content\/uploads\/2022\/10\/secult-card-semana-das-criancas-1-150x150.jpeg 150w, https:\/\/www.camacari.ba.gov.br\/wp-content\/uploads\/2022\/10\/secult-card-semana-das-criancas-1-768x768.jpeg 768w\" sizes=\"auto, (max-width: 1000px) 100vw, 1000px\"><\/figure>\n<\/figure>\n","protected":false},"excerpt":{"rendered":"<p>O Dia das Crian\u00e7as \u00e9 comemorado em 12 de outubro, e em alus\u00e3o a data, a Secretaria da Cultura (Secult) promove uma s\u00e9rie de a\u00e7\u00f5es desta quinta (6\/10) at\u00e9 a ter\u00e7a-feira (11\/10), em diferentes espa\u00e7os, com atividades l\u00fadicas, culturais e esportivas. A Semana das Crian\u00e7as tem o intuito de proporcionar ao p\u00fablico infantil, momentos de<\/p>\n","protected":false},"author":1,"featured_media":7283,"comment_status":"open","ping_status":"open","sticky":false,"template":"","format":"standard","meta":{"om_disable_all_campaigns":false,"_monsterinsights_skip_tracking":false,"_monsterinsights_sitenote_active":false,"_monsterinsights_sitenote_note":"","_monsterinsights_sitenote_category":0,"footnotes":""},"categories":[40],"tags":[],"class_list":{"0":"post-7282","1":"post","2":"type-post","3":"status-publish","4":"format-standard","5":"has-post-thumbnail","7":"category-camacari"},"_links":{"self":[{"href":"https:\/\/comandogeraldanoticia.com.br\/index.php\/wp-json\/wp\/v2\/posts\/7282","targetHints":{"allow":["GET"]}}],"collection":[{"href":"https:\/\/comandogeraldanoticia.com.br\/index.php\/wp-json\/wp\/v2\/posts"}],"about":[{"href":"https:\/\/comandogeraldanoticia.com.br\/index.php\/wp-json\/wp\/v2\/types\/post"}],"author":[{"embeddable":true,"href":"https:\/\/comandogeraldanoticia.com.br\/index.php\/wp-json\/wp\/v2\/users\/1"}],"replies":[{"embeddable":true,"href":"https:\/\/comandogeraldanoticia.com.br\/index.php\/wp-json\/wp\/v2\/comments?post=7282"}],"version-history":[{"count":0,"href":"https:\/\/comandogeraldanoticia.com.br\/index.php\/wp-json\/wp\/v2\/posts\/7282\/revisions"}],"wp:featuredmedia":[{"embeddable":true,"href":"https:\/\/comandogeraldanoticia.com.br\/index.php\/wp-json\/wp\/v2\/media\/7283"}],"wp:attachment":[{"href":"https:\/\/comandogeraldanoticia.com.br\/index.php\/wp-json\/wp\/v2\/media?parent=7282"}],"wp:term":[{"taxonomy":"category","embeddable":true,"href":"https:\/\/comandogeraldanoticia.com.br\/index.php\/wp-json\/wp\/v2\/categories?post=7282"},{"taxonomy":"post_tag","embeddable":true,"href":"https:\/\/comandogeraldanoticia.com.br\/index.php\/wp-json\/wp\/v2\/tags?post=7282"}],"curies":[{"name":"wp","href":"https:\/\/api.w.org\/{rel}","templated":true}]}}