{"id":7280,"date":"2022-10-05T21:17:34","date_gmt":"2022-10-05T21:17:34","guid":{"rendered":"https:\/\/comandogeraldanoticia.com.br\/index.php\/2022\/10\/05\/visitadores-do-1a-infancia-participam-de-capacitacao-com-pesquisadoras-da-usp\/"},"modified":"2022-10-05T21:17:34","modified_gmt":"2022-10-05T21:17:34","slug":"visitadores-do-1a-infancia-participam-de-capacitacao-com-pesquisadoras-da-usp","status":"publish","type":"post","link":"https:\/\/comandogeraldanoticia.com.br\/index.php\/2022\/10\/05\/visitadores-do-1a-infancia-participam-de-capacitacao-com-pesquisadoras-da-usp\/","title":{"rendered":"Visitadores do 1\u00aa Inf\u00e2ncia participam de capacita\u00e7\u00e3o com pesquisadoras da USP"},"content":{"rendered":"<p>Refer\u00eancia no que diz respeito aos impactos positivos ocasionados pelas atividades realizadas durante as visitas domiciliares, que levam informa\u00e7\u00f5es sobre a import\u00e2ncia do cuidado infantil no desenvolvimento integral das crian\u00e7as na primeira inf\u00e2ncia, considerando a fam\u00edlia e o contexto de vida, os visitadores do Programa Primeira Inf\u00e2ncia\/Crian\u00e7a Feliz, participam at\u00e9 a pr\u00f3xima sexta-feira (7\/10) de uma capacita\u00e7\u00e3o com pesquisadoras da Universidade de S\u00e3o Paulo (USP).<\/p>\n<p>No total, mais de 30 profissionais participam do treinamento, promovido atrav\u00e9s de uma parceria entre a universidade e o Minist\u00e9rio da Cidadania, conforme explicou a titular da Secretaria do Desenvolvimento Social e Cidadania (Sedes), Reni Oliveira. \u201cO treinamento com os visitadores iniciou na segunda e vai at\u00e9 a sexta. Para n\u00f3s, enquanto gest\u00e3o, \u00e9 motivo de alegria que os nossos colaboradores participem da pesquisa e recebam essa capacita\u00e7\u00e3o, porque o munic\u00edpio s\u00f3 tem a ganhar, tendo em vista que o servi\u00e7o prestado ao p\u00fablico-alvo s\u00f3 tende a melhorar\u2019, falou.<\/p>\n<p>Coordenadora do programa no munic\u00edpio, Francineide Santos falou da import\u00e2ncia da capacita\u00e7\u00e3o. \u201cAp\u00f3s avalia\u00e7\u00e3o de v\u00e1rios estados e munic\u00edpios, Cama\u00e7ari foi selecionada para participar da pesquisa, por conta dos resultados positivos em decorr\u00eancia das visitas domiciliares, e esse treinamento, com a aplica\u00e7\u00e3o de uma nova metodologia, vem para aprimorar o que j\u00e1 realizamos e garantir que o trabalho seja de excel\u00eancia\u201d, falou.<\/p>\n<p>Professora do Departamento de Pediatria da Faculdade de Medicina da USP e diretora do Centro de Desenvolvimento Infantil da institui\u00e7\u00e3o, Alexandra Bentrani, uma das pesquisadoras, falou sobre a avalia\u00e7\u00e3o e aplica\u00e7\u00e3o da capacita\u00e7\u00e3o no munic\u00edpio. \u201cO que estamos fazendo aqui \u00e9 parte de um projeto que estamos trabalhando desde 2021, que \u00e9 aprimorar a qualidade das visitas domiciliares do Programa Primeira Inf\u00e2ncia\/Crian\u00e7a Feliz. N\u00f3s avaliamos o que j\u00e1 era feito, fizemos adapta\u00e7\u00f5es, e propusemos uma nova metodologia, que \u00e9 esse treinamento que os visitadores est\u00e3o fazendo\u201d, disse.<\/p>\n<p>Representante do Minist\u00e9rio da Cidadania, a coordenadora-geral de Forma\u00e7\u00e3o e Dissemina\u00e7\u00e3o da Secretaria Nacional de Aten\u00e7\u00e3o \u00e0 Primeira Inf\u00e2ncia, Cleidionice Gon\u00e7alves, detalhou o objetivo da iniciativa. \u201cA gente pretende apresentar para os profissionais do programa um modelo de capacita\u00e7\u00e3o que seja mais conciso, mais direto, que esclare\u00e7a melhor a intencionalidade da visita domiciliar, que os ajude e os prepare para fazer melhor essa abordagem ao nosso p\u00fablico priorit\u00e1rio\u201d, finalizou.<\/p>\n<figure class=\"wp-container-4 wp-block-gallery-3 wp-block-gallery has-nested-images columns-default is-cropped\">\n<figure class=\"wp-block-image size-large\"><img loading=\"lazy\" decoding=\"async\" loading=\"lazy\" width=\"1600\" height=\"1067\" data-id=\"182742\" src=\"https:\/\/www.camacari.ba.gov.br\/wp-content\/uploads\/2022\/10\/sedes-visitadores-do-programa-primeira-infancia-participam-de-capacitacao-com-pesquisadoras-da-usp-adeilson-5.10-4.jpeg\" alt=\"\" class=\"wp-image-182742\" srcset=\"https:\/\/www.camacari.ba.gov.br\/wp-content\/uploads\/2022\/10\/sedes-visitadores-do-programa-primeira-infancia-participam-de-capacitacao-com-pesquisadoras-da-usp-adeilson-5.10-4.jpeg 1600w, https:\/\/www.camacari.ba.gov.br\/wp-content\/uploads\/2022\/10\/sedes-visitadores-do-programa-primeira-infancia-participam-de-capacitacao-com-pesquisadoras-da-usp-adeilson-5.10-4-300x200.jpeg 300w, https:\/\/www.camacari.ba.gov.br\/wp-content\/uploads\/2022\/10\/sedes-visitadores-do-programa-primeira-infancia-participam-de-capacitacao-com-pesquisadoras-da-usp-adeilson-5.10-4-1024x683.jpeg 1024w, https:\/\/www.camacari.ba.gov.br\/wp-content\/uploads\/2022\/10\/sedes-visitadores-do-programa-primeira-infancia-participam-de-capacitacao-com-pesquisadoras-da-usp-adeilson-5.10-4-768x512.jpeg 768w\" sizes=\"auto, (max-width: 1600px) 100vw, 1600px\"><\/figure>\n<figure class=\"wp-block-image size-large\"><img loading=\"lazy\" decoding=\"async\" loading=\"lazy\" width=\"1600\" height=\"1066\" data-id=\"182745\" src=\"https:\/\/www.camacari.ba.gov.br\/wp-content\/uploads\/2022\/10\/sedes-visitadores-do-programa-primeira-infancia-participam-de-capacitacao-com-pesquisadoras-da-usp-adeilson-reni.jpeg\" alt=\"\" class=\"wp-image-182745\" srcset=\"https:\/\/www.camacari.ba.gov.br\/wp-content\/uploads\/2022\/10\/sedes-visitadores-do-programa-primeira-infancia-participam-de-capacitacao-com-pesquisadoras-da-usp-adeilson-reni.jpeg 1600w, https:\/\/www.camacari.ba.gov.br\/wp-content\/uploads\/2022\/10\/sedes-visitadores-do-programa-primeira-infancia-participam-de-capacitacao-com-pesquisadoras-da-usp-adeilson-reni-300x200.jpeg 300w, https:\/\/www.camacari.ba.gov.br\/wp-content\/uploads\/2022\/10\/sedes-visitadores-do-programa-primeira-infancia-participam-de-capacitacao-com-pesquisadoras-da-usp-adeilson-reni-1024x682.jpeg 1024w, https:\/\/www.camacari.ba.gov.br\/wp-content\/uploads\/2022\/10\/sedes-visitadores-do-programa-primeira-infancia-participam-de-capacitacao-com-pesquisadoras-da-usp-adeilson-reni-768x512.jpeg 768w\" sizes=\"auto, (max-width: 1600px) 100vw, 1600px\"><figcaption>Reni Oliveira<\/figcaption><\/figure>\n<figure class=\"wp-block-image size-large\"><img loading=\"lazy\" decoding=\"async\" loading=\"lazy\" width=\"1600\" height=\"1067\" data-id=\"182741\" src=\"https:\/\/www.camacari.ba.gov.br\/wp-content\/uploads\/2022\/10\/sedes-visitadores-do-programa-primeira-infancia-participam-de-capacitacao-com-pesquisadoras-da-usp-adeilson-5.10-3.jpeg\" alt=\"\" class=\"wp-image-182741\" srcset=\"https:\/\/www.camacari.ba.gov.br\/wp-content\/uploads\/2022\/10\/sedes-visitadores-do-programa-primeira-infancia-participam-de-capacitacao-com-pesquisadoras-da-usp-adeilson-5.10-3.jpeg 1600w, https:\/\/www.camacari.ba.gov.br\/wp-content\/uploads\/2022\/10\/sedes-visitadores-do-programa-primeira-infancia-participam-de-capacitacao-com-pesquisadoras-da-usp-adeilson-5.10-3-300x200.jpeg 300w, https:\/\/www.camacari.ba.gov.br\/wp-content\/uploads\/2022\/10\/sedes-visitadores-do-programa-primeira-infancia-participam-de-capacitacao-com-pesquisadoras-da-usp-adeilson-5.10-3-1024x683.jpeg 1024w, https:\/\/www.camacari.ba.gov.br\/wp-content\/uploads\/2022\/10\/sedes-visitadores-do-programa-primeira-infancia-participam-de-capacitacao-com-pesquisadoras-da-usp-adeilson-5.10-3-768x512.jpeg 768w\" sizes=\"auto, (max-width: 1600px) 100vw, 1600px\"><\/figure>\n<figure class=\"wp-block-image size-large\"><img loading=\"lazy\" decoding=\"async\" loading=\"lazy\" width=\"1600\" height=\"1066\" data-id=\"182746\" src=\"https:\/\/www.camacari.ba.gov.br\/wp-content\/uploads\/2022\/10\/sedes-visitadores-do-programa-primeira-infancia-participam-de-capacitacao-com-pesquisadoras-da-usp-adeilson-alexandra.jpeg\" alt=\"\" class=\"wp-image-182746\" srcset=\"https:\/\/www.camacari.ba.gov.br\/wp-content\/uploads\/2022\/10\/sedes-visitadores-do-programa-primeira-infancia-participam-de-capacitacao-com-pesquisadoras-da-usp-adeilson-alexandra.jpeg 1600w, https:\/\/www.camacari.ba.gov.br\/wp-content\/uploads\/2022\/10\/sedes-visitadores-do-programa-primeira-infancia-participam-de-capacitacao-com-pesquisadoras-da-usp-adeilson-alexandra-300x200.jpeg 300w, https:\/\/www.camacari.ba.gov.br\/wp-content\/uploads\/2022\/10\/sedes-visitadores-do-programa-primeira-infancia-participam-de-capacitacao-com-pesquisadoras-da-usp-adeilson-alexandra-1024x682.jpeg 1024w, https:\/\/www.camacari.ba.gov.br\/wp-content\/uploads\/2022\/10\/sedes-visitadores-do-programa-primeira-infancia-participam-de-capacitacao-com-pesquisadoras-da-usp-adeilson-alexandra-768x512.jpeg 768w\" sizes=\"auto, (max-width: 1600px) 100vw, 1600px\"><figcaption>Alexandra Bentrani<\/figcaption><\/figure>\n<figure class=\"wp-block-image size-large\"><img loading=\"lazy\" decoding=\"async\" loading=\"lazy\" width=\"1600\" height=\"1066\" data-id=\"182744\" src=\"https:\/\/www.camacari.ba.gov.br\/wp-content\/uploads\/2022\/10\/sedes-visitadores-do-programa-primeira-infancia-participam-de-capacitacao-com-pesquisadoras-da-usp-adeilson-francineide.jpeg\" alt=\"\" class=\"wp-image-182744\" srcset=\"https:\/\/www.camacari.ba.gov.br\/wp-content\/uploads\/2022\/10\/sedes-visitadores-do-programa-primeira-infancia-participam-de-capacitacao-com-pesquisadoras-da-usp-adeilson-francineide.jpeg 1600w, https:\/\/www.camacari.ba.gov.br\/wp-content\/uploads\/2022\/10\/sedes-visitadores-do-programa-primeira-infancia-participam-de-capacitacao-com-pesquisadoras-da-usp-adeilson-francineide-300x200.jpeg 300w, https:\/\/www.camacari.ba.gov.br\/wp-content\/uploads\/2022\/10\/sedes-visitadores-do-programa-primeira-infancia-participam-de-capacitacao-com-pesquisadoras-da-usp-adeilson-francineide-1024x682.jpeg 1024w, https:\/\/www.camacari.ba.gov.br\/wp-content\/uploads\/2022\/10\/sedes-visitadores-do-programa-primeira-infancia-participam-de-capacitacao-com-pesquisadoras-da-usp-adeilson-francineide-768x512.jpeg 768w\" sizes=\"auto, (max-width: 1600px) 100vw, 1600px\"><figcaption>Francineide Santos<\/figcaption><\/figure>\n<figure class=\"wp-block-image size-large\"><img loading=\"lazy\" decoding=\"async\" loading=\"lazy\" width=\"1600\" height=\"1066\" data-id=\"182743\" src=\"https:\/\/www.camacari.ba.gov.br\/wp-content\/uploads\/2022\/10\/sedes-visitadores-do-programa-primeira-infancia-participam-de-capacitacao-com-pesquisadoras-da-usp-adeilson-cleidionice.jpeg\" alt=\"\" class=\"wp-image-182743\" srcset=\"https:\/\/www.camacari.ba.gov.br\/wp-content\/uploads\/2022\/10\/sedes-visitadores-do-programa-primeira-infancia-participam-de-capacitacao-com-pesquisadoras-da-usp-adeilson-cleidionice.jpeg 1600w, https:\/\/www.camacari.ba.gov.br\/wp-content\/uploads\/2022\/10\/sedes-visitadores-do-programa-primeira-infancia-participam-de-capacitacao-com-pesquisadoras-da-usp-adeilson-cleidionice-300x200.jpeg 300w, https:\/\/www.camacari.ba.gov.br\/wp-content\/uploads\/2022\/10\/sedes-visitadores-do-programa-primeira-infancia-participam-de-capacitacao-com-pesquisadoras-da-usp-adeilson-cleidionice-1024x682.jpeg 1024w, https:\/\/www.camacari.ba.gov.br\/wp-content\/uploads\/2022\/10\/sedes-visitadores-do-programa-primeira-infancia-participam-de-capacitacao-com-pesquisadoras-da-usp-adeilson-cleidionice-768x512.jpeg 768w\" sizes=\"auto, (max-width: 1600px) 100vw, 1600px\"><figcaption>Cleidionice Gon\u00e7alves<\/figcaption><\/figure>\n<figure class=\"wp-block-image size-large\"><img loading=\"lazy\" decoding=\"async\" loading=\"lazy\" width=\"1600\" height=\"1067\" data-id=\"182740\" src=\"https:\/\/www.camacari.ba.gov.br\/wp-content\/uploads\/2022\/10\/sedes-visitadores-do-programa-primeira-infancia-participam-de-capacitacao-com-pesquisadoras-da-usp-adeilson-5.10-2.jpeg\" alt=\"\" class=\"wp-image-182740\" srcset=\"https:\/\/www.camacari.ba.gov.br\/wp-content\/uploads\/2022\/10\/sedes-visitadores-do-programa-primeira-infancia-participam-de-capacitacao-com-pesquisadoras-da-usp-adeilson-5.10-2.jpeg 1600w, https:\/\/www.camacari.ba.gov.br\/wp-content\/uploads\/2022\/10\/sedes-visitadores-do-programa-primeira-infancia-participam-de-capacitacao-com-pesquisadoras-da-usp-adeilson-5.10-2-300x200.jpeg 300w, https:\/\/www.camacari.ba.gov.br\/wp-content\/uploads\/2022\/10\/sedes-visitadores-do-programa-primeira-infancia-participam-de-capacitacao-com-pesquisadoras-da-usp-adeilson-5.10-2-1024x683.jpeg 1024w, https:\/\/www.camacari.ba.gov.br\/wp-content\/uploads\/2022\/10\/sedes-visitadores-do-programa-primeira-infancia-participam-de-capacitacao-com-pesquisadoras-da-usp-adeilson-5.10-2-768x512.jpeg 768w\" sizes=\"auto, (max-width: 1600px) 100vw, 1600px\"><\/figure>\n<figure class=\"wp-block-image size-large\"><img loading=\"lazy\" decoding=\"async\" loading=\"lazy\" width=\"1600\" height=\"1067\" data-id=\"182739\" src=\"https:\/\/www.camacari.ba.gov.br\/wp-content\/uploads\/2022\/10\/sedes-visitadores-do-programa-primeira-infancia-participam-de-capacitacao-com-pesquisadoras-da-usp-adeilson-5.10-1.jpeg\" alt=\"\" class=\"wp-image-182739\" srcset=\"https:\/\/www.camacari.ba.gov.br\/wp-content\/uploads\/2022\/10\/sedes-visitadores-do-programa-primeira-infancia-participam-de-capacitacao-com-pesquisadoras-da-usp-adeilson-5.10-1.jpeg 1600w, https:\/\/www.camacari.ba.gov.br\/wp-content\/uploads\/2022\/10\/sedes-visitadores-do-programa-primeira-infancia-participam-de-capacitacao-com-pesquisadoras-da-usp-adeilson-5.10-1-300x200.jpeg 300w, https:\/\/www.camacari.ba.gov.br\/wp-content\/uploads\/2022\/10\/sedes-visitadores-do-programa-primeira-infancia-participam-de-capacitacao-com-pesquisadoras-da-usp-adeilson-5.10-1-1024x683.jpeg 1024w, https:\/\/www.camacari.ba.gov.br\/wp-content\/uploads\/2022\/10\/sedes-visitadores-do-programa-primeira-infancia-participam-de-capacitacao-com-pesquisadoras-da-usp-adeilson-5.10-1-768x512.jpeg 768w\" sizes=\"auto, (max-width: 1600px) 100vw, 1600px\"><\/figure><figcaption class=\"blocks-gallery-caption\">Foto: Adeilson Carvalho<\/figcaption><\/figure>\n","protected":false},"excerpt":{"rendered":"<p>Refer\u00eancia no que diz respeito aos impactos positivos ocasionados pelas atividades realizadas durante as visitas domiciliares, que levam informa\u00e7\u00f5es sobre a import\u00e2ncia do cuidado infantil no desenvolvimento integral das crian\u00e7as na primeira inf\u00e2ncia, considerando a fam\u00edlia e o contexto de vida, os visitadores do Programa Primeira Inf\u00e2ncia\/Crian\u00e7a Feliz, participam at\u00e9 a pr\u00f3xima sexta-feira (7\/10) de<\/p>\n","protected":false},"author":1,"featured_media":7281,"comment_status":"open","ping_status":"open","sticky":false,"template":"","format":"standard","meta":{"om_disable_all_campaigns":false,"_monsterinsights_skip_tracking":false,"_monsterinsights_sitenote_active":false,"_monsterinsights_sitenote_note":"","_monsterinsights_sitenote_category":0,"footnotes":""},"categories":[40],"tags":[],"class_list":{"0":"post-7280","1":"post","2":"type-post","3":"status-publish","4":"format-standard","5":"has-post-thumbnail","7":"category-camacari"},"_links":{"self":[{"href":"https:\/\/comandogeraldanoticia.com.br\/index.php\/wp-json\/wp\/v2\/posts\/7280","targetHints":{"allow":["GET"]}}],"collection":[{"href":"https:\/\/comandogeraldanoticia.com.br\/index.php\/wp-json\/wp\/v2\/posts"}],"about":[{"href":"https:\/\/comandogeraldanoticia.com.br\/index.php\/wp-json\/wp\/v2\/types\/post"}],"author":[{"embeddable":true,"href":"https:\/\/comandogeraldanoticia.com.br\/index.php\/wp-json\/wp\/v2\/users\/1"}],"replies":[{"embeddable":true,"href":"https:\/\/comandogeraldanoticia.com.br\/index.php\/wp-json\/wp\/v2\/comments?post=7280"}],"version-history":[{"count":0,"href":"https:\/\/comandogeraldanoticia.com.br\/index.php\/wp-json\/wp\/v2\/posts\/7280\/revisions"}],"wp:featuredmedia":[{"embeddable":true,"href":"https:\/\/comandogeraldanoticia.com.br\/index.php\/wp-json\/wp\/v2\/media\/7281"}],"wp:attachment":[{"href":"https:\/\/comandogeraldanoticia.com.br\/index.php\/wp-json\/wp\/v2\/media?parent=7280"}],"wp:term":[{"taxonomy":"category","embeddable":true,"href":"https:\/\/comandogeraldanoticia.com.br\/index.php\/wp-json\/wp\/v2\/categories?post=7280"},{"taxonomy":"post_tag","embeddable":true,"href":"https:\/\/comandogeraldanoticia.com.br\/index.php\/wp-json\/wp\/v2\/tags?post=7280"}],"curies":[{"name":"wp","href":"https:\/\/api.w.org\/{rel}","templated":true}]}}