{"id":7228,"date":"2022-10-05T17:19:39","date_gmt":"2022-10-05T17:19:39","guid":{"rendered":"https:\/\/comandogeraldanoticia.com.br\/index.php\/2022\/10\/05\/espanha-e-portugal-anunciam-ucrania-na-candidatura-europeia-para-a-copa-de-2030\/"},"modified":"2022-10-05T17:19:39","modified_gmt":"2022-10-05T17:19:39","slug":"espanha-e-portugal-anunciam-ucrania-na-candidatura-europeia-para-a-copa-de-2030","status":"publish","type":"post","link":"https:\/\/comandogeraldanoticia.com.br\/index.php\/2022\/10\/05\/espanha-e-portugal-anunciam-ucrania-na-candidatura-europeia-para-a-copa-de-2030\/","title":{"rendered":"Espanha e Portugal anunciam Ucr\u00e2nia na &#8216;candidatura europeia&#8217; para a Copa de 2030"},"content":{"rendered":"<p>Pa\u00edses ib\u00e9ricos j\u00e1 concorriam justas para sediar mundial do futebol.  Portugal e Espanha anunciaram nesta quarta-feira (5) a ades\u00e3o da Ucr\u00e2nia em sua candidatura conjunta para organizar a Copa do Mundo de 2030, em uma a\u00e7\u00e3o que visa dar &#8220;esperan\u00e7a&#8221; e mostrar solidariedade ao pa\u00eds afetado pela guerra.<br \/>\n&#8220;A Federa\u00e7\u00e3o Espanhola de Futebol (RFEF) e a Federa\u00e7\u00e3o Portuguesa de Futebol (FPF) incorporaram a Associa\u00e7\u00e3o Ucraniana de Futebol (UAF) \u00e0 &#8216;Candidatura Ib\u00e9rica&#8217; para organizar o Mundial de 2030&#8221;, afirmou a RFEF em comunicado.<br \/>\n&#8220;Hoje \u00e9 um momento inicial em que gostar\u00edamos de apresentar ao mundo esta candidatura europeia&#8221;, afirmou Luis Rubiales, presidente da RFEF, em coletiva de imprensa juntamente aos dirigentes da FPF, Fernando Gomes, e da UAF, Andriy Pavelko, na sede da UEFA, localizada na cidade su\u00ed\u00e7a de Nyon.<br \/>\n&#8220;Todos desejamos que em 2030 a guerra j\u00e1 tenha acabado&#8221;, afirmou o presidente da FPF, que acrescentou que mesmo quando as hostilidades terminarem, a &#8220;Ucr\u00e2nia precisar\u00e1 da nossa ajuda e estaremos l\u00e1&#8221;.<br \/>\n&#8220;Ajudar os ucranianos significa integr\u00e1-los em projetos dessa dimens\u00e3o, dar esperan\u00e7a em rela\u00e7\u00e3o ao futuro&#8221;, afirmou Gomes.<br \/>\n&#8216;S\u00edmbolo de uni\u00e3o&#8217;<br \/>\nA edi\u00e7\u00e3o de 2030 ir\u00e1 comemorar o centen\u00e1rio do torneio, que ocorreu pela primeira vez em 1930, no Uruguai. Por conta disto, os tr\u00eas pa\u00edses querem &#8220;simbolizar a uni\u00e3o da Europa&#8221;, pontuou Pavelko.<br \/>\n&#8220;O futebol \u00e9 um fen\u00f4meno social importante, que d\u00e1 suporte aos ucranianos nestes momentos de dificuldade&#8221;, concluiu o presidente da federa\u00e7\u00e3o ucraniana, que acredita que &#8220;a guerra acabar\u00e1 e vamos organizar as partidas do Mundial de 2030 no mais alto n\u00edvel com Espanha e Portugal&#8221;.<br \/>\nOs detalhes sobre como a Ucr\u00e2nia ser\u00e1 integrada na candidatura ser\u00e3o revelados no futuro, mas j\u00e1 se sabe que a ades\u00e3o do pa\u00eds n\u00e3o ir\u00e1 alterar o roteiro estabelecido: &#8220;A Espanha mant\u00e9m suas 11 sedes e Portugal seguir\u00e1 com tr\u00eas&#8221;, apontou em comunicado a federa\u00e7\u00e3o espanhola.<br \/>\nA inclus\u00e3o teve apoio da UEFA e dos governos de Espanha e Portugal, assim como do presidente ucraniano, Volodimir Zelenski.<br \/>\nO an\u00fancio oficial sobre a candidatura em conjunto ocorreu em 5 de junho de 2021, antes de um amistoso entre as sele\u00e7\u00f5es de Espanha e Portugal no Est\u00e1dio Metropolitano, em Madri. Na ocasi\u00e3o, estiveram presentes o primeiro-ministro portugu\u00eas, Antonio Costa, o primeiro-ministro espanhol, Pedro S\u00e1nchez, al\u00e9m do presidente de Portugal, Marcelo Rebelo de Sousa, e o rei da Espanha, Felipe VI.<br \/>\n&#8211; Compet\u00eancia -&#8220;J\u00e1 mostramos nossa capacidade de organizar eventos de alto n\u00edvel. Espanha e Portugal est\u00e3o prontos para sediar, junto \u00e0 Ucr\u00e2nia, a Copa do Mundo de 2030&#8221;, escreveu S\u00e1nchez em sua conta oficial no Twitter.<br \/>\nPortugal recebeu a Eurocopa de 2004, enquanto a Espanha foi a sede da Euro de 1964 e da Copa de 1982. A Ucr\u00e2nia, por sua vez, sediou a Eurocopa de 2012 juntamente com a Pol\u00f4nia.<br \/>\nA candidatura ib\u00e9rica n\u00e3o \u00e9 a \u00fanica a disputar a competi\u00e7\u00e3o. Em agosto de 2022, Argentina, Chile, Uruguai e Paraguai anunciaram seu projeto para hospedar a edi\u00e7\u00e3o comemorativa de 100 anos do torneio.<br \/>\nA ideia de uma Copa do Mundo de futebol &#8220;foi pensada, analisada e colocada em pr\u00e1tica aqui no Uruguai h\u00e1 quase 100 anos&#8221; e &#8220;tornou-se a maior celebra\u00e7\u00e3o mundial do esporte&#8221;, afirmou o ent\u00e3o presidente da Associa\u00e7\u00e3o Uruguaia de Futebol (AUF), Ignacio Alonso.<br \/>\nPor isso, &#8220;\u00e9 justo organizar o Mundial de 2030 no lugar onde tudo come\u00e7ou&#8221;, completou.<br \/>\nGr\u00e9cia, Egito e Ar\u00e1bia Saudita tamb\u00e9m estariam em negocia\u00e7\u00f5es para promover outra candidatura ao evento.<br \/>\nOs organizadores da Copa de 2030 ser\u00e3o anunciados no 74\u00ba Congresso da FIFA, em 2024.<\/p>\n","protected":false},"excerpt":{"rendered":"<p>Pa\u00edses ib\u00e9ricos j\u00e1 concorriam justas para sediar mundial do futebol. Portugal e Espanha anunciaram nesta quarta-feira (5) a ades\u00e3o da Ucr\u00e2nia em sua candidatura conjunta para organizar a Copa do Mundo de 2030, em uma a\u00e7\u00e3o que visa dar &#8220;esperan\u00e7a&#8221; e mostrar solidariedade ao pa\u00eds afetado pela guerra. &#8220;A Federa\u00e7\u00e3o Espanhola de Futebol (RFEF) e<\/p>\n","protected":false},"author":1,"featured_media":7229,"comment_status":"open","ping_status":"open","sticky":false,"template":"","format":"standard","meta":{"om_disable_all_campaigns":false,"_monsterinsights_skip_tracking":false,"_monsterinsights_sitenote_active":false,"_monsterinsights_sitenote_note":"","_monsterinsights_sitenote_category":0,"footnotes":""},"categories":[47],"tags":[],"class_list":{"0":"post-7228","1":"post","2":"type-post","3":"status-publish","4":"format-standard","5":"has-post-thumbnail","7":"category-mundo"},"_links":{"self":[{"href":"https:\/\/comandogeraldanoticia.com.br\/index.php\/wp-json\/wp\/v2\/posts\/7228","targetHints":{"allow":["GET"]}}],"collection":[{"href":"https:\/\/comandogeraldanoticia.com.br\/index.php\/wp-json\/wp\/v2\/posts"}],"about":[{"href":"https:\/\/comandogeraldanoticia.com.br\/index.php\/wp-json\/wp\/v2\/types\/post"}],"author":[{"embeddable":true,"href":"https:\/\/comandogeraldanoticia.com.br\/index.php\/wp-json\/wp\/v2\/users\/1"}],"replies":[{"embeddable":true,"href":"https:\/\/comandogeraldanoticia.com.br\/index.php\/wp-json\/wp\/v2\/comments?post=7228"}],"version-history":[{"count":0,"href":"https:\/\/comandogeraldanoticia.com.br\/index.php\/wp-json\/wp\/v2\/posts\/7228\/revisions"}],"wp:featuredmedia":[{"embeddable":true,"href":"https:\/\/comandogeraldanoticia.com.br\/index.php\/wp-json\/wp\/v2\/media\/7229"}],"wp:attachment":[{"href":"https:\/\/comandogeraldanoticia.com.br\/index.php\/wp-json\/wp\/v2\/media?parent=7228"}],"wp:term":[{"taxonomy":"category","embeddable":true,"href":"https:\/\/comandogeraldanoticia.com.br\/index.php\/wp-json\/wp\/v2\/categories?post=7228"},{"taxonomy":"post_tag","embeddable":true,"href":"https:\/\/comandogeraldanoticia.com.br\/index.php\/wp-json\/wp\/v2\/tags?post=7228"}],"curies":[{"name":"wp","href":"https:\/\/api.w.org\/{rel}","templated":true}]}}