{"id":7226,"date":"2022-10-05T17:19:40","date_gmt":"2022-10-05T17:19:40","guid":{"rendered":"https:\/\/comandogeraldanoticia.com.br\/index.php\/2022\/10\/05\/as-historias-de-jovens-mortas-nas-manifestacoes-por-liberdade-e-contra-o-veu-no-ira\/"},"modified":"2022-10-05T17:19:40","modified_gmt":"2022-10-05T17:19:40","slug":"as-historias-de-jovens-mortas-nas-manifestacoes-por-liberdade-e-contra-o-veu-no-ira","status":"publish","type":"post","link":"https:\/\/comandogeraldanoticia.com.br\/index.php\/2022\/10\/05\/as-historias-de-jovens-mortas-nas-manifestacoes-por-liberdade-e-contra-o-veu-no-ira\/","title":{"rendered":"As hist\u00f3rias de jovens mortas nas manifesta\u00e7\u00f5es por liberdade e contra o v\u00e9u no Ir\u00e3"},"content":{"rendered":"<p><img decoding=\"async\" src=\"https:\/\/s2.glbimg.com\/tY41ESW-0L6yXNFi42aJVbjJz-k=\/i.s3.glbimg.com\/v1\/AUTH_59edd422c0c84a879bd37670ae4f538a\/internal_photos\/bs\/2022\/v\/C\/fLjA1lQee4gRoMmzDMAQ\/bbc-ira.jpg\"><br \/>   A morte de Mahsa Amini, de 22 anos, sob cust\u00f3dia da chamada &#8216;pol\u00edcia da moralidade&#8217; do Ir\u00e3, desencadeou um forte movimento de protesto no pa\u00eds. Nika Shakarami, de 16 anos, morreu nos recentes protestos no Ir\u00e3.<br \/>\nBBC<br \/>\nNika Shakarami, de 16 anos, morava na capital do Ir\u00e3, Teer\u00e3, com a tia artista, Atash. Ela saiu de casa \u00e0s 17h do dia 20 de setembro para participar dos maiores protestos vistos no pa\u00eds em anos.<br \/>\nPensando em se proteger do g\u00e1s lacrimog\u00eaneo, ela levou uma toalha e uma garrafa de \u00e1gua.<br \/>\nEm um story que ela compartilhou no Instagram, amigos a viram queimar seu hijab (v\u00e9u isl\u00e2mico) e cantar em protesto contra a morte de Mahsa Amini, de 22 anos, que havia sido detida pela pol\u00edcia da moralidade do Ir\u00e3.<br \/>\nA \u00faltima liga\u00e7\u00e3o de Nika foi para uma amiga, enquanto tentava desesperadamente escapar dos policiais que a perseguiam. Depois disso, ela desapareceu por dias.<br \/>\n A fam\u00edlia a procurou freneticamente e acabou sendo informada pela pol\u00edcia a respeito de um corpo que correspondia \u00e0 descri\u00e7\u00e3o de Nika.<br \/>\nDisseram a eles que Nika havia ca\u00eddo de uma certa altura e mostraram fotografias que pareciam encenadas, de acordo com a fam\u00edlia.<br \/>\nPor fim, quando foram levados at\u00e9 o corpo de Nika, eles s\u00f3 puderam ver seu rosto. Apesar de ter sido espancada e dos hematomas, sua m\u00e3e a reconheceu.<br \/>\nLEIA MAIS:<br \/>\nRevolta no Ir\u00e3 entra na terceira semana com protestos pelo mundo<br \/>\nComo era a vida das mulheres no Ir\u00e3 antes da Revolu\u00e7\u00e3o Isl\u00e2mica<br \/>\nA jovem Nika Shakarami, de 16 anos, morta nos recentes protestos no Ir\u00e3<br \/>\nBBC<br \/>\nSeu corpo n\u00e3o foi entregue \u00e0 fam\u00edlia \u2014 e ela foi enterrada pelas autoridades na aus\u00eancia deles, um dia depois do que teria sido seu anivers\u00e1rio de 17 anos.<br \/>\nFontes n\u00e3o oficiais da Guarda Revolucion\u00e1ria do Ir\u00e3 disseram \u00e0 tia de Nika que ela ficou sob cust\u00f3dia por uma semana enquanto tentavam obter uma confiss\u00e3o, e que ela foi enviada para a conhecida pris\u00e3o de Evin, em Teer\u00e3.<br \/>\nA tia dela agora tamb\u00e9m est\u00e1 presa.<br \/>\nOs protestos no Ir\u00e3 est\u00e3o em sua terceira semana e s\u00e3o not\u00e1veis \u200b\u200bpelo n\u00famero de jovens e mulheres \u00e0 frente, muitas vezes gritando em uma s\u00f3 voz: &#8220;zan, zendegi, azadi&#8221;, (&#8220;mulher, vida, liberdade&#8221;).<br \/>\nO regime iraniano est\u00e1 tentando controlar a escalada da situa\u00e7\u00e3o, bloqueando a internet para restringir o acesso \u00e0s redes sociais, e as for\u00e7as de seguran\u00e7a dispararam muni\u00e7\u00e3o letal contra os manifestantes.<br \/>\nA Anistia Internacional condenou o n\u00famero cada vez maior de mortos, classificando como &#8220;uma indica\u00e7\u00e3o alarmante de qu\u00e3o implac\u00e1vel o ataque das autoridades \u00e0 vida humana tem sido sob a escurid\u00e3o do bloqueio da internet&#8221;.<br \/>\nInitial plugin text<br \/>\nComo muitos jovens ao redor do mundo, Hadis Najafi tinha uma presen\u00e7a vibrante nas redes sociais. Ela adorava cantar e dan\u00e7ar m\u00fasica iraniana e ocidental, incluindo Qveen Herby e Shakira.<br \/>\nEm 21 de setembro, Hadis, de 22 anos, estava a caminho de uma manifesta\u00e7\u00e3o em Karaj, n\u00e3o muito longe de Teer\u00e3, quando compartilhou um v\u00eddeo com amigos. Ela parecia otimista.<br \/>\n&#8220;Espero que em alguns anos, quando olhar para tr\u00e1s, ficarei feliz por tudo ter mudado para melhor&#8221;, disse.<br \/>\nEla foi morta uma hora depois.<br \/>\nEm um v\u00eddeo compartilhado no Instagram, a m\u00e3e de Hadis afirma: &#8220;Minha filha foi morta por causa do hijab, por causa de Mahsa Amini\u2026 Ela foi protestar e foi morta, atingida por balas, no cora\u00e7\u00e3o, no est\u00f4mago, no pesco\u00e7o. Quando olhamos para ela, seu rosto e corpo estavam feridos.&#8221;<br \/>\nAs autoridades n\u00e3o permitiram que a fam\u00edlia de Hadis fizesse um funeral p\u00fablico para ela. A fam\u00edlia foi instru\u00edda a dizer que Hadis morreu em um acidente de carro ou de causas naturais, caso algu\u00e9m perguntasse.<br \/>\nA filha de Minou Majidi diante do t\u00famulo da m\u00e3e, com a cabe\u00e7a raspada, segurando o cabelo.<br \/>\nBBC<br \/>\nAlguns dias depois, uma filha estava diante do t\u00famulo da m\u00e3e com a cabe\u00e7a raspada, segurando o pr\u00f3prio cabelo nas m\u00e3os e olhando para a c\u00e2mera com um olhar estoico. Era a filha de Minou Majidi, uma iraniana curda de 55 anos que foi morta enquanto participava dos protestos em 20 de setembro.<br \/>\nMinou estava indignada com o assassinato de Mahsa Amini. Ela sentiu que tinha que fazer parte das manifesta\u00e7\u00f5es. E disse: &#8220;Se pessoas como eu n\u00e3o forem, quem ir\u00e1? Eu vivi minha vida, que pelo menos n\u00e3o matem nossos jovens&#8221;.<br \/>\nNos \u00faltimos anos, houve muitos protestos no Ir\u00e3, mas o que diferencia os eventos atuais \u00e9 o n\u00famero de jovens, especialmente meninas, que est\u00e3o no centro das manifesta\u00e7\u00f5es.<br \/>\nEm um pa\u00eds que imp\u00f5e leis r\u00edgidas para as mulheres sobre o uso de hijab em p\u00fablico, as imagens que definem o Ir\u00e3 hoje s\u00e3o de estudantes gritando &#8220;liberdade&#8221;, tirando os len\u00e7os da cabe\u00e7a e mostrando seus cabelos.<br \/>\n&#8211; Este texto foi publicado em https:\/\/www.bbc.com\/portuguese\/internacional-63142110<\/p>\n","protected":false},"excerpt":{"rendered":"<p>A morte de Mahsa Amini, de 22 anos, sob cust\u00f3dia da chamada &#8216;pol\u00edcia da moralidade&#8217; do Ir\u00e3, desencadeou um forte movimento de protesto no pa\u00eds. Nika Shakarami, de 16 anos, morreu nos recentes protestos no Ir\u00e3. BBC Nika Shakarami, de 16 anos, morava na capital do Ir\u00e3, Teer\u00e3, com a tia artista, Atash. Ela saiu<\/p>\n","protected":false},"author":1,"featured_media":7227,"comment_status":"open","ping_status":"open","sticky":false,"template":"","format":"standard","meta":{"om_disable_all_campaigns":false,"_monsterinsights_skip_tracking":false,"_monsterinsights_sitenote_active":false,"_monsterinsights_sitenote_note":"","_monsterinsights_sitenote_category":0,"footnotes":""},"categories":[47],"tags":[],"class_list":{"0":"post-7226","1":"post","2":"type-post","3":"status-publish","4":"format-standard","5":"has-post-thumbnail","7":"category-mundo"},"_links":{"self":[{"href":"https:\/\/comandogeraldanoticia.com.br\/index.php\/wp-json\/wp\/v2\/posts\/7226","targetHints":{"allow":["GET"]}}],"collection":[{"href":"https:\/\/comandogeraldanoticia.com.br\/index.php\/wp-json\/wp\/v2\/posts"}],"about":[{"href":"https:\/\/comandogeraldanoticia.com.br\/index.php\/wp-json\/wp\/v2\/types\/post"}],"author":[{"embeddable":true,"href":"https:\/\/comandogeraldanoticia.com.br\/index.php\/wp-json\/wp\/v2\/users\/1"}],"replies":[{"embeddable":true,"href":"https:\/\/comandogeraldanoticia.com.br\/index.php\/wp-json\/wp\/v2\/comments?post=7226"}],"version-history":[{"count":0,"href":"https:\/\/comandogeraldanoticia.com.br\/index.php\/wp-json\/wp\/v2\/posts\/7226\/revisions"}],"wp:featuredmedia":[{"embeddable":true,"href":"https:\/\/comandogeraldanoticia.com.br\/index.php\/wp-json\/wp\/v2\/media\/7227"}],"wp:attachment":[{"href":"https:\/\/comandogeraldanoticia.com.br\/index.php\/wp-json\/wp\/v2\/media?parent=7226"}],"wp:term":[{"taxonomy":"category","embeddable":true,"href":"https:\/\/comandogeraldanoticia.com.br\/index.php\/wp-json\/wp\/v2\/categories?post=7226"},{"taxonomy":"post_tag","embeddable":true,"href":"https:\/\/comandogeraldanoticia.com.br\/index.php\/wp-json\/wp\/v2\/tags?post=7226"}],"curies":[{"name":"wp","href":"https:\/\/api.w.org\/{rel}","templated":true}]}}