{"id":7224,"date":"2022-10-05T17:19:41","date_gmt":"2022-10-05T17:19:41","guid":{"rendered":"https:\/\/comandogeraldanoticia.com.br\/index.php\/2022\/10\/05\/coroacao-de-rei-charles-iii-sera-em-junho-de-2023-diz-agencia\/"},"modified":"2022-10-05T17:19:41","modified_gmt":"2022-10-05T17:19:41","slug":"coroacao-de-rei-charles-iii-sera-em-junho-de-2023-diz-agencia","status":"publish","type":"post","link":"https:\/\/comandogeraldanoticia.com.br\/index.php\/2022\/10\/05\/coroacao-de-rei-charles-iii-sera-em-junho-de-2023-diz-agencia\/","title":{"rendered":"Coroa\u00e7\u00e3o de rei Charles III ser\u00e1 em junho de 2023, diz agencia"},"content":{"rendered":"<p><img decoding=\"async\" src=\"https:\/\/s2.glbimg.com\/L-Dzk4KaPVnijZqfHuOT0H2zAAQ=\/i.s3.glbimg.com\/v1\/AUTH_59edd422c0c84a879bd37670ae4f538a\/internal_photos\/bs\/2022\/O\/t\/B85cESRruXvNTr8H8KnQ\/charles2.jpg\"><br \/>   Segundo ag\u00eancia de not\u00edcias brit\u00e2nica &#8216;Bloomberg&#8217;, novo monarca ser\u00e1 coroado em cerim\u00f4nia na Abadia de Westminster, onde ocorreu o vel\u00f3rio de Elizabeth II.  Charles III durante cerim\u00f4nia que o proclamou rei<br \/>\nJonathan Brady \/ Pool \/ via AP Photo<br \/>\nApesar de j\u00e1 ter sido proclamado rei, Rei Charles III, o novo monarca do Reino Unido, s\u00f3 ser\u00e1 coroado em junho de 2023, de acordo com reportagem da ag\u00eancia de not\u00edcias Bloomberg desta quarta-feira (5).<br \/>\nDe acordo a ag\u00eancia, a cerim\u00f4nia acontecer\u00e1 na Abadia de Westminster, em Londres, a mesma onde ocorreu o vel\u00f3rio da m\u00e3e de Charles, a rainha Elizabeth II em setembro.<br \/>\nAs informa\u00e7\u00f5es, diz a Bloomberg, foram concedidas por funcion\u00e1rios do governo que aceitaram falar em condi\u00e7\u00e3o de anonimato.<\/p>\n","protected":false},"excerpt":{"rendered":"<p>Segundo ag\u00eancia de not\u00edcias brit\u00e2nica &#8216;Bloomberg&#8217;, novo monarca ser\u00e1 coroado em cerim\u00f4nia na Abadia de Westminster, onde ocorreu o vel\u00f3rio de Elizabeth II. Charles III durante cerim\u00f4nia que o proclamou rei Jonathan Brady \/ Pool \/ via AP Photo Apesar de j\u00e1 ter sido proclamado rei, Rei Charles III, o novo monarca do Reino Unido,<\/p>\n","protected":false},"author":1,"featured_media":7225,"comment_status":"open","ping_status":"open","sticky":false,"template":"","format":"standard","meta":{"om_disable_all_campaigns":false,"_monsterinsights_skip_tracking":false,"_monsterinsights_sitenote_active":false,"_monsterinsights_sitenote_note":"","_monsterinsights_sitenote_category":0,"footnotes":""},"categories":[47],"tags":[],"class_list":{"0":"post-7224","1":"post","2":"type-post","3":"status-publish","4":"format-standard","5":"has-post-thumbnail","7":"category-mundo"},"_links":{"self":[{"href":"https:\/\/comandogeraldanoticia.com.br\/index.php\/wp-json\/wp\/v2\/posts\/7224","targetHints":{"allow":["GET"]}}],"collection":[{"href":"https:\/\/comandogeraldanoticia.com.br\/index.php\/wp-json\/wp\/v2\/posts"}],"about":[{"href":"https:\/\/comandogeraldanoticia.com.br\/index.php\/wp-json\/wp\/v2\/types\/post"}],"author":[{"embeddable":true,"href":"https:\/\/comandogeraldanoticia.com.br\/index.php\/wp-json\/wp\/v2\/users\/1"}],"replies":[{"embeddable":true,"href":"https:\/\/comandogeraldanoticia.com.br\/index.php\/wp-json\/wp\/v2\/comments?post=7224"}],"version-history":[{"count":0,"href":"https:\/\/comandogeraldanoticia.com.br\/index.php\/wp-json\/wp\/v2\/posts\/7224\/revisions"}],"wp:featuredmedia":[{"embeddable":true,"href":"https:\/\/comandogeraldanoticia.com.br\/index.php\/wp-json\/wp\/v2\/media\/7225"}],"wp:attachment":[{"href":"https:\/\/comandogeraldanoticia.com.br\/index.php\/wp-json\/wp\/v2\/media?parent=7224"}],"wp:term":[{"taxonomy":"category","embeddable":true,"href":"https:\/\/comandogeraldanoticia.com.br\/index.php\/wp-json\/wp\/v2\/categories?post=7224"},{"taxonomy":"post_tag","embeddable":true,"href":"https:\/\/comandogeraldanoticia.com.br\/index.php\/wp-json\/wp\/v2\/tags?post=7224"}],"curies":[{"name":"wp","href":"https:\/\/api.w.org\/{rel}","templated":true}]}}