{"id":7222,"date":"2022-10-05T16:10:18","date_gmt":"2022-10-05T16:10:18","guid":{"rendered":"https:\/\/comandogeraldanoticia.com.br\/index.php\/2022\/10\/05\/processos-seletivos-e-concursos-publicos-tem-oportunidades-para-profissionais-de-diferentes-escolaridades-no-oeste-paulista\/"},"modified":"2022-10-05T16:10:18","modified_gmt":"2022-10-05T16:10:18","slug":"processos-seletivos-e-concursos-publicos-tem-oportunidades-para-profissionais-de-diferentes-escolaridades-no-oeste-paulista","status":"publish","type":"post","link":"https:\/\/comandogeraldanoticia.com.br\/index.php\/2022\/10\/05\/processos-seletivos-e-concursos-publicos-tem-oportunidades-para-profissionais-de-diferentes-escolaridades-no-oeste-paulista\/","title":{"rendered":"Processos seletivos e concursos p\u00fablicos t\u00eam oportunidades para profissionais de diferentes escolaridades no Oeste Paulista"},"content":{"rendered":"<p><img decoding=\"async\" src=\"https:\/\/s2.glbimg.com\/VZ9aDfmEPEKOb9d5Ehsvm9y68kA=\/i.s3.glbimg.com\/v1\/AUTH_59edd422c0c84a879bd37670ae4f538a\/internal_photos\/bs\/2017\/i\/W\/WiF52ASDyCnVMvFf4dzg\/img-2114.jpg\"><br \/>   H\u00e1 vagas para as prefeituras de Adamantina (SP), Narandiba (SP), Osvaldo Cruz (SP) e Tarabai (SP). Prefeitura de Osvaldo Cruz (SP) anuncia novo processo seletivo para forma\u00e7\u00e3o de cadastro reserva de professores<br \/>\nArquivo\/g1<br \/>\nNesta quarta-feira (5), h\u00e1 vagas dispon\u00edveis para concursos p\u00fablicos e processos seletivos em diferentes \u00e1reas e cidades da regi\u00e3o de Presidente Prudente (SP). As inscri\u00e7\u00f5es devem ser feitas pela internet.<br \/>\nConfira as oportunidades:<br \/>\nPrefeitura de Tarabai<br \/>\nA Prefeitura de Tarabai (SP) anunciou a realiza\u00e7\u00e3o de um concurso p\u00fablico para contratar e formar cadastro reserva de profissionais de diversas \u00e1reas.<br \/>\nAs chances s\u00e3o para candidatos que possuam escolaridades de n\u00edveis fundamental incompleto, fundamental completo, m\u00e9dio incompleto, m\u00e9dio completo, t\u00e9cnico e superior.<br \/>\nA inscri\u00e7\u00e3o deve ser feita pela internet, at\u00e9 o dia 12 de outubro. A taxa das inscri\u00e7\u00f5es varia entre taxa entre R$ 35,00 a R$ 75,00.<br \/>\nConfira as vagas:<br \/>\nAgente Comunit\u00e1rio da Sa\u00fade;<br \/>\nAgente de Combate \u00e0s Endemias;<br \/>\nAgente de Organiza\u00e7\u00e3o Escolar;<br \/>\nAlmoxarife;<br \/>\nAssistente Social;<br \/>\nAtendente;<br \/>\nAuxiliar de Desenvolvimento Infantil;<br \/>\nAuxiliar de Enfermagem;<br \/>\nAuxiliar de Limpeza P\u00fablica;<br \/>\nAuxiliar de Merendeira;<br \/>\nAuxiliar de Secretaria;<br \/>\nAuxiliar de Servi\u00e7o Geral;<br \/>\nCirurgi\u00e3o Dentista da ESF;<br \/>\nCuidador (Resid\u00eancia Terap\u00eautica);<br \/>\nEnfermeiro;<br \/>\nEngenheiro Civil;<br \/>\nEscritur\u00e1rio A;<br \/>\nFacilitador de Oficina &#8211; Artesanato;<br \/>\nFarmac\u00eautico;<br \/>\nFisioterapeuta;<br \/>\nFonoaudi\u00f3logo;<br \/>\nInspetor de Aluno;<br \/>\nM\u00e9dico da UBS;<br \/>\nM\u00e9dico Psiquiatra (Caps);<br \/>\nMerendeira;<br \/>\nMotorista;<br \/>\nNutricionista;<br \/>\nOrientador Social;<br \/>\nPedreiro;<br \/>\nProfessor de Educa\u00e7\u00e3o Infantil I;<br \/>\nProfessor de Ensino Fundamental I;<br \/>\nProfessor de Ensino Fundamental II &#8211; (L\u00edngua Portuguesa);<br \/>\nProfessor de Ensino Fundamental II &#8211; (Matem\u00e1tica);<br \/>\nProfessor de Ensino Fundamental II &#8211; (Hist\u00f3ria);<br \/>\nProfessor de Ensino Fundamental II &#8211; (Ci\u00eancias da Natureza);<br \/>\nProfessor de Ensino Fundamental II &#8211; (Educa\u00e7\u00e3o F\u00edsica);<br \/>\nPsic\u00f3logo;<br \/>\nPsicopedagogo (Caps);<br \/>\nSecret\u00e1rio;<br \/>\nSecret\u00e1rio Administrativo;<br \/>\nT\u00e9cnico de Enfermagem;<br \/>\nT\u00e9cnico em Farm\u00e1cia;<br \/>\nTerapeuta Ocupacional (Caps);<br \/>\nTrabalhador Bra\u00e7al; e<br \/>\nZelador Cemit\u00e9rio.<br \/>\nOs candidatos ser\u00e3o avaliados mediante aplica\u00e7\u00e3o de prova escrita objetiva, com quest\u00f5es que envolvem disciplinas de conhecimentos espec\u00edficos, conhecimentos gerais, l\u00edngua portuguesa, inform\u00e1tica e matem\u00e1tica.<br \/>\nOs interessados nos cargos de n\u00edvel superior, passar\u00e3o por uma etapa de prova de t\u00edtulos, com base nos crit\u00e9rios de pontua\u00e7\u00e3o especificados no documento do concurso p\u00fablico.<br \/>\nOs profissionais que forem contratados, dever\u00e3o ter\u00e3o jornadas semanais de 20 a 40 horas e remunera\u00e7\u00e3o mensal entre R$ 1.357,44 a R$ 12.320,00.<br \/>\nPrefeitura de Alfredo Marcondes<br \/>\nA Prefeitura de Alfredo Marcondes (SP) divulgou novo concurso p\u00fablico e processo seletivo para o preenchimento de 15 vagas e forma\u00e7\u00e3o de cadastro reserva para profissionais de n\u00edveis fundamental, m\u00e9dio, magist\u00e9rio e superior.<br \/>\nAs vagas dispon\u00edveis s\u00e3o:<br \/>\nEdital n\u00ba 001\/2022 (processo seletivo) &#8211; Agente de Vigil\u00e2ncia Sanit\u00e1ria; Auxiliar de Enfermagem; Educador Social (1); Monitor Escolar (5); Professor de Creche; Professor de Ensino B\u00e1sico I (Pr\u00e9-Escola).<br \/>\nEdital n\u00ba 001\/2022 (concurso p\u00fablico) &#8211; Agente Comunit\u00e1rio de Sa\u00fade (1); Auxiliar Administrativo (1); Auxiliar de Dentista (1); Auxiliar de Enfermagem (1); Contador (1); Cozinheira (1); Enfermeiro Padr\u00e3o; M\u00e9dico (1); Motorista (1); Professor de Creche; Servi\u00e7os Gerais (1).<br \/>\nAs inscri\u00e7\u00f5es podem ser realizadas at\u00e9 o dia 6 de outubro, pelo site da organizadora, mediante pagamento de taxa que varia de R$ 50 a R$ 95.<br \/>\nEtecs<br \/>\nA Escola T\u00e9cnica Estadual (Etec) anunciou a realiza\u00e7\u00e3o de concursos p\u00fablicos e processos seletivos, na regi\u00e3o de Presidente Prudente, visando a forma\u00e7\u00e3o de cadastro reserva e contrata\u00e7\u00e3o de profissionais para a \u00e1rea da educa\u00e7\u00e3o.<br \/>\nTodas as inscri\u00e7\u00f5es devem ser feitas pela internet.<br \/>\nAdamantina<br \/>\nA Etec Engenheiro Herval Bellusci, de Adamantina (SP), promove a realiza\u00e7\u00e3o de novo concurso p\u00fablico para contrata\u00e7\u00e3o de professor de ensino m\u00e9dio &#8211; t\u00e9cnico, no componente curricular (habilita\u00e7\u00e3o) de processamento de produtos agropecu\u00e1rios.<br \/>\nAs inscri\u00e7\u00f5es t\u00eam uma taxa de R$ 105,50 devem ser feitas at\u00e9 o dia 13 de outubro deste ano.<br \/>\nA remunera\u00e7\u00e3o para o cargo corresponde a R$ 20,19 a cada hora-aula ministrada.<br \/>\nDracena<br \/>\nA Etec Professora Carmelina Barbosa, de Dracena (SP), realiza tr\u00eas novos concursos p\u00fablicos para a contrata\u00e7\u00e3o de tr\u00eas professores de ensino m\u00e9dio &#8211; t\u00e9cnico nas seguintes disciplinas:<br \/>\nEdital n\u00ba 052\/02\/2022: Administra\u00e7\u00e3o da Produ\u00e7\u00e3o e Servi\u00e7os (1);<br \/>\nEdital n\u00ba 052\/03\/2022: Estudos de Com\u00e9rcio Internacional (administra\u00e7\u00e3o) (1);<br \/>\nEdital n\u00ba 052\/04\/2022: Planejamento dos Processos Comerciais (administra\u00e7\u00e3o) (1).<br \/>\nAs inscri\u00e7\u00f5es t\u00eam uma taxa de R$ 105,50 devem ser feitas at\u00e9 o dia 13 de outubro deste ano.<br \/>\nA remunera\u00e7\u00e3o para o cargo corresponde a R$ 20,19 a cada hora-aula ministrada.<br \/>\nOsvaldo Cruz<br \/>\nA Etec Amim Jundi, de Osvaldo Cruz (SP), anunciou a realiza\u00e7\u00e3o de dois concursos p\u00fablicos e seis processos seletivos com o objetivo de contratar e formar cadastro reserva de Professores de Ensino M\u00e9dio &#8211; T\u00e9cnico. Confira os certames abaixo.<br \/>\nConcursos P\u00fablicos:<br \/>\nEdital n\u00ba 027\/01\/2022: Enfermagem Gerontol\u00f3gica e Geri\u00e1trica &#8211; Enfermagem (1);<br \/>\nEdital n\u00ba 027\/02\/2022: C\u00e1lculos Farmac\u00eauticos &#8211; Farm\u00e1cia(1).<br \/>\nOs candidatos que conquistarem a vaga, dever\u00e3o exercer suas fun\u00e7\u00f5es nos per\u00edodos vespertino e noturno. A remunera\u00e7\u00e3o dos cargos \u00e9 de R$ 20.19 por hora-aula.<br \/>\nAs inscri\u00e7\u00f5es t\u00eam uma taxa de R$ 105,50 e seguem at\u00e9 o dia 6 de outubro.<br \/>\nProcessos Seletivos:<br \/>\nEdital n\u00ba 027\/11\/2022: Organiza\u00e7\u00e3o e Estrutura de Transportes (Log\u00edstica);<br \/>\nEdital n\u00ba 027\/12\/2022: Planejamento e Organiza\u00e7\u00e3o de Rotinas Administrativas (Administra\u00e7\u00e3o);<br \/>\nEdital n\u00ba 027\/13\/2022: An\u00e1lise e Projeto de Sistemas (Desenvolvimento de Sistemas);<br \/>\nEdital n\u00ba 027\/14\/2022: Desenvolvimento de Sistemas (Desenvolvimento de Sistemas Integrado ao Ensino M\u00e9dio (MTec &#8211; Programa Novotec Integrado);<br \/>\nEdital n\u00ba 027\/15\/2022: L\u00edngua Estrangeira Moderna &#8211; Ingl\u00eas e Comunica\u00e7\u00e3o Profissional (Base Nacional Comum\/ ETIM \/ MTec) (Ensino M\u00e9dio (BNCC\/ ETIM\/ MTec\/ EM com \u00canfases\/ Itiner\u00e1rios Formativos\/ PD);<br \/>\nEdital n\u00ba 027\/16\/2022: L\u00edngua Portuguesa, Literatura e Comunica\u00e7\u00e3o Profissional (Base Nacional Comum\/ ETIM \/ MTec) (Ensino M\u00e9dio (BNCC\/ ETIM\/ MTec\/ EM com \u00canfases\/ Itiner\u00e1rios Formativos\/ PD).<br \/>\nOs professores que forem contratados ser\u00e3o remunerados no valor de R$ 20,19 por hora-aula ministrada.<br \/>\nOs candidatos passar\u00e3o por uma etapa de exame de memorial circunstanciado, com aplica\u00e7\u00e3o de prova de t\u00edtulos e, al\u00e9m disso, ser\u00e3o submetidos a uma prova de m\u00e9todos pedag\u00f3gicos, realizada atrav\u00e9s de uma prova objetiva de habilidades operacionais ou t\u00e9cnicas.<br \/>\nRancharia<br \/>\nA Etec Deputado Francisco Franco, de Rancharia (SP), anunciou a realiza\u00e7\u00e3o de um concurso p\u00fablico com o objetivo de contratar Professor de Ensino M\u00e9dio &#8211; T\u00e9cnico.<br \/>\nOs candidatos devem possuir n\u00edvel superior de licenciatura, bacharelado, tecnologia ou na \u00e1rea da fun\u00e7\u00e3o concorrida. De acordo com o edital do concurso, a vaga preenchida ser\u00e1 no componente curricular de animais de pequeno porte.<br \/>\nO candidato admitido ser\u00e1 remunerado no valor de R$ 20,19 a cada hora-aula ministrada.<br \/>\nA inscri\u00e7\u00e3o tem uma taxa de R$ 105,50 e deve ser feita at\u00e9 o dia 6 de outubro.<br \/>\nTeodoro Sampaio<br \/>\nA Etec Professora Nair Luccas Ribeiro, de Teodoro Sampaio (SP), anunciou a realiza\u00e7\u00e3o de 16 processos seletivos tendo como objetivo a contrata\u00e7\u00e3o tempor\u00e1ria e forma\u00e7\u00e3o de cadastro reserva de Professores de Ensino M\u00e9dio &#8211; T\u00e9cnico.<br \/>\nConfira as vagas que recebem inscri\u00e7\u00f5es at\u00e9 o dia 12 de outubro:<br \/>\nEdital n\u00ba 156\/22\/2022 &#8211; L\u00edngua Estrangeira Moderna &#8211; Espanhol;<br \/>\nEdital n\u00ba 156\/23\/2022 &#8211; Programa\u00e7\u00e3o para Web II;<br \/>\nEdital n\u00ba 156\/24\/2022 &#8211; Custos, Processos e Opera\u00e7\u00f5es Cont\u00e1beis;<br \/>\nEdital n\u00ba 156\/25\/2022 &#8211; Administra\u00e7\u00e3o da Produ\u00e7\u00e3o e Servi\u00e7os;<br \/>\nEdital n\u00ba 156\/26\/2022 &#8211; Estudos da Administra\u00e7\u00e3o P\u00fablica;<br \/>\nEdital n\u00ba 156\/27\/2022 &#8211; An\u00e1lise Qu\u00edmica e Sensorial de Alimentos;<br \/>\nEdital n\u00ba 156\/28\/2022 &#8211; Tecnologia de Produtos Amil\u00e1ceos;<br \/>\nEdital n\u00ba 156\/29\/2022 &#8211; Pesquisa e Experimenta\u00e7\u00e3o Agr\u00edcola;<br \/>\nEdital n\u00ba 156\/30\/2022 &#8211; Prote\u00e7\u00e3o de Plantas;<br \/>\nEdital n\u00ba 156\/31\/2022 &#8211; Linguagem, Trabalho e Tecnologia.<br \/>\nOs candidatos, que conquistarem a vaga, dever\u00e3o cumprir jornadas de at\u00e9 200 horas mensais. A remunera\u00e7\u00e3o ser\u00e1 de R$ 20,19 por hora-aula.<br \/>\nA classifica\u00e7\u00e3o dos candidatos ser\u00e1 feita por meio de exame de memorial circunstanciado (prova de t\u00edtulos) e prova de m\u00e9todos pedag\u00f3gicos.<br \/>\nConfira as oportunidades com inscri\u00e7\u00f5es dispon\u00edveis at\u00e9 o dia 18 de outubro:<br \/>\nEdital n\u00ba 156\/32\/2022: Gest\u00e3o da Produ\u00e7\u00e3o Vegetal I (Agroneg\u00f3cio);<br \/>\nEdital n\u00ba 156\/33\/2022: Gest\u00e3o da Produ\u00e7\u00e3o Animal I (Agroneg\u00f3cio);<br \/>\nEdital n\u00ba 156\/34\/2022: No\u00e7\u00f5es de Direito Constitucional (Servi\u00e7os Jur\u00eddicos);<br \/>\nEdital n\u00ba 156\/35\/2022: Introdu\u00e7\u00e3o ao Estudo do Direito (Servi\u00e7os Jur\u00eddicos);<br \/>\nEdital n\u00ba 156\/36\/2022: Teoria Geral do Processo (Servi\u00e7os Jur\u00eddicos);<br \/>\nEdital n\u00ba 156\/37\/2022: Ingl\u00eas Instrumental (Agroneg\u00f3cio).<br \/>\nOs candidatos ser\u00e3o submetidos \u00e0 uma etapa de exame de memorial circunstanciado, al\u00e9m de uma prova de m\u00e9todos pedag\u00f3gicos, com a aplica\u00e7\u00e3o de uma prova objetiva de habilidades operacionais ou t\u00e9cnicas.<br \/>\nA remunera\u00e7\u00e3o dos candidatos que forem contratados ser\u00e1 de R$ 20,19 por hora-aula.<br \/>\nPrefeitura de Narandiba<br \/>\nA Prefeitura de Narandiba (SP) promove novo processo seletivo e concurso p\u00fablico para preenchimento de sete vagas e forma\u00e7\u00e3o de cadastro reserva.<br \/>\nAs inscri\u00e7\u00f5es podem ser realizadas at\u00e9 o dia 16 de outubro, por meio do site da organizadora e mediante pagamento de taxa que varia de R$ 30 a R$ 60.<br \/>\nOs cargos dispon\u00edveis s\u00e3o:<br \/>\nEdital n\u00b0 001\/2022 (concurso p\u00fablico): Motorista (3); Tratorista (3); Zelador do Cemit\u00e9rio (1); Auxiliar de Enfermagem; Professor de Educa\u00e7\u00e3o B\u00e1sica II &#8211; Geografia; e Professor de Educa\u00e7\u00e3o B\u00e1sica II &#8211; Ingl\u00eas;<br \/>\nEdital n\u00b0 003\/2022 (processo seletivo): Agente Comunit\u00e1rio de Sa\u00fade; Auxiliar de Farm\u00e1cia; Agente de Apoio Educacional; Educador Infantil; Farmac\u00eautico; Professor de Educa\u00e7\u00e3o B\u00e1sica I; Professor de Educa\u00e7\u00e3o B\u00e1sica II &#8211; Matem\u00e1tica; Professor de Educa\u00e7\u00e3o B\u00e1sica II &#8211; Ci\u00eancias; Professor de Educa\u00e7\u00e3o B\u00e1sica II &#8211; Artes; Professor de Educa\u00e7\u00e3o B\u00e1sica II &#8211; Hist\u00f3ria; Professor de Educa\u00e7\u00e3o B\u00e1sica II &#8211; Geografia; Professor de Educa\u00e7\u00e3o B\u00e1sica II &#8211; Educa\u00e7\u00e3o F\u00edsica; Professor de Educa\u00e7\u00e3o B\u00e1sica II &#8211; L\u00edngua Portuguesa; Professor de Educa\u00e7\u00e3o B\u00e1sica II &#8211; Ingl\u00eas; Professor de Creche; e Fisioterapeuta.<br \/>\nA carga hor\u00e1ria varia de 15 a 40 horas semanais com remunera\u00e7\u00e3o de R$ 1.244,49 a R$ 2.726, 55. J\u00e1 os cargos de professor ser\u00e3o remunerados no valor entre R$ 15,40 a R$ 30,41, correspondendo a cada hora-aula efetivamente ministrada.<br \/>\nPrefeitura de Osvaldo Cruz<br \/>\nA Prefeitura de Osvaldo Cruz anuncia novo processo seletivo para forma\u00e7\u00e3o de cadastro reserva de professores. As inscri\u00e7\u00f5es podem ser realizadas at\u00e9 o dia 6 de outubro pela internet e a taxa de inscri\u00e7\u00e3o \u00e9 de R$ 9.<br \/>\nAs vagas dispon\u00edveis s\u00e3o para:<br \/>\nProfessor de Educa\u00e7\u00e3o B\u00e1sica I &#8211; Fundamental;<br \/>\nProfessor de Educa\u00e7\u00e3o B\u00e1sica I &#8211; Infantil;<br \/>\nProfessor de Educa\u00e7\u00e3o B\u00e1sica II &#8211; Ambiental;<br \/>\nProfessor de Educa\u00e7\u00e3o B\u00e1sica II &#8211; Educa\u00e7\u00e3o F\u00edsica;<br \/>\nProfessor de Educa\u00e7\u00e3o B\u00e1sica II- Artes;<br \/>\nProfessor de Educa\u00e7\u00e3o B\u00e1sica II &#8211; Inform\u00e1tica Educacional;<br \/>\nProfessor de Educa\u00e7\u00e3o B\u00e1sica II &#8211; Ingl\u00eas.<br \/>\nOs interessados devem possuir n\u00edvel superior na respectiva \u00e1rea e a carga hor\u00e1ria varia de 30 a 37 horas semanais. J\u00e1 a remunera\u00e7\u00e3o varia de R$ 18,17 a R$ 18,34 por hora-aula.<br \/>\nPrefeitura de Adamantina<br \/>\nA Prefeitura de Adamantina (SP) divulgou a realiza\u00e7\u00e3o de um processo seletivo com o objetivo de realizar a forma\u00e7\u00e3o de cadastro reserva de profissionais da educa\u00e7\u00e3o.<br \/>\nAs inscri\u00e7\u00f5es devem ser feitas at\u00e9 o pr\u00f3ximo dia 3 de novembro, pela internet. A taxa de inscri\u00e7\u00e3o custa R$ 30.<br \/>\nAs oportunidades s\u00e3o para os seguintes cargos:<br \/>\nEducador de EMEI &#8211; Ciclo I;<br \/>\nProfessor de Educa\u00e7\u00e3o do Ensino Fundamental I &#8211; PEB I;<br \/>\nProfessor de Educa\u00e7\u00e3o Infantil EMEI &#8211; Ciclo II;<br \/>\nProfessor PEB II &#8211; Educa\u00e7\u00e3o Art\u00edstica;<br \/>\nProfessor PEB II &#8211; Educa\u00e7\u00e3o Especial (DM e DA);<br \/>\nProfessor PEB II &#8211; Educa\u00e7\u00e3o F\u00edsica;<br \/>\n Professor de EJA (Educa\u00e7\u00e3o de Jovens e Adultos); e<br \/>\nProfessor PEB II &#8211; Ingl\u00eas.<br \/>\nO processo ser\u00e1 feito por meio de prova objetiva, composta por quest\u00f5es de l\u00edngua portuguesa, matem\u00e1tica e conhecimentos espec\u00edficos.<br \/>\nCaso contratados, os profissionais dever\u00e3o exercer carga hor\u00e1ria semanal de 23 a 40 horas semanais e receber\u00e3o remunera\u00e7\u00e3o mensal de R$ 1.191,78 a R$ 3.459,67.<br \/>\nPrefeitura de Presidente Prudente<br \/>\nA Prefeitura de Presidente Prudente anunciou um concurso p\u00fablico com o objetivo de contratar 25 profissionais de n\u00edveis fundamental, m\u00e9dio, t\u00e9cnico e superior.<br \/>\nAs vagas dispon\u00edveis s\u00e3o:<br \/>\nPedreiro (1);<br \/>\nArte Educador (1);<br \/>\nAssistente de Tecnologia da Informa\u00e7\u00e3o (2);<br \/>\nAuxiliar de Farm\u00e1cia (1);<br \/>\nFiscal de Com\u00e9rcio (4);<br \/>\nT\u00e9cnico Ambiental (1);<br \/>\nAnalista Jur\u00eddico (2);<br \/>\nArquiteto (1);<br \/>\nBi\u00f3logo (1);<br \/>\nContador (1);<br \/>\nControlador Interno (1);<br \/>\nEngenheiro Ambiental (1);<br \/>\nM\u00e9dico Geriatra (1);<br \/>\nM\u00e9dico Infectologista (1);<br \/>\nM\u00e9dico Neurologista (1); e<br \/>\nT\u00e9cnico Desportivo (5).<br \/>\nA carga hor\u00e1ria dos profissionais contratados varia de 20 a 40 horas semanais. A remunera\u00e7\u00e3o, por sua vez, \u00e9 de R$ 1.566,29 a R$ 9.090,82, al\u00e9m dos benef\u00edcios.<br \/>\nAs inscri\u00e7\u00f5es devem ser feitas pela internet, at\u00e9 o dia 13 de outubro, com taxas de R$ 54,90 a R$ 98,80.<br \/>\nA classifica\u00e7\u00e3o ser\u00e1 feita por meio da aplica\u00e7\u00e3o de prova objetiva, no dia 11 de dezembro de 2022, com quest\u00f5es de l\u00edngua portuguesa, matem\u00e1tica e conhecimentos espec\u00edficos. Os candidatos a cargos espec\u00edficos tamb\u00e9m far\u00e3o prova dissertativa e de t\u00edtulos.<br \/>\nV\u00cdDEOS: Tudo sobre a regi\u00e3o de Presidente Prudente<br \/>\nVeja mais not\u00edcias em g1 Presidente Prudente e Regi\u00e3o.<\/p>\n","protected":false},"excerpt":{"rendered":"<p>H\u00e1 vagas para as prefeituras de Adamantina (SP), Narandiba (SP), Osvaldo Cruz (SP) e Tarabai (SP). Prefeitura de Osvaldo Cruz (SP) anuncia novo processo seletivo para forma\u00e7\u00e3o de cadastro reserva de professores Arquivo\/g1 Nesta quarta-feira (5), h\u00e1 vagas dispon\u00edveis para concursos p\u00fablicos e processos seletivos em diferentes \u00e1reas e cidades da regi\u00e3o de Presidente Prudente<\/p>\n","protected":false},"author":1,"featured_media":7223,"comment_status":"open","ping_status":"open","sticky":false,"template":"","format":"standard","meta":{"om_disable_all_campaigns":false,"_monsterinsights_skip_tracking":false,"_monsterinsights_sitenote_active":false,"_monsterinsights_sitenote_note":"","_monsterinsights_sitenote_category":0,"footnotes":""},"categories":[43],"tags":[],"class_list":{"0":"post-7222","1":"post","2":"type-post","3":"status-publish","4":"format-standard","5":"has-post-thumbnail","7":"category-economia"},"_links":{"self":[{"href":"https:\/\/comandogeraldanoticia.com.br\/index.php\/wp-json\/wp\/v2\/posts\/7222","targetHints":{"allow":["GET"]}}],"collection":[{"href":"https:\/\/comandogeraldanoticia.com.br\/index.php\/wp-json\/wp\/v2\/posts"}],"about":[{"href":"https:\/\/comandogeraldanoticia.com.br\/index.php\/wp-json\/wp\/v2\/types\/post"}],"author":[{"embeddable":true,"href":"https:\/\/comandogeraldanoticia.com.br\/index.php\/wp-json\/wp\/v2\/users\/1"}],"replies":[{"embeddable":true,"href":"https:\/\/comandogeraldanoticia.com.br\/index.php\/wp-json\/wp\/v2\/comments?post=7222"}],"version-history":[{"count":0,"href":"https:\/\/comandogeraldanoticia.com.br\/index.php\/wp-json\/wp\/v2\/posts\/7222\/revisions"}],"wp:featuredmedia":[{"embeddable":true,"href":"https:\/\/comandogeraldanoticia.com.br\/index.php\/wp-json\/wp\/v2\/media\/7223"}],"wp:attachment":[{"href":"https:\/\/comandogeraldanoticia.com.br\/index.php\/wp-json\/wp\/v2\/media?parent=7222"}],"wp:term":[{"taxonomy":"category","embeddable":true,"href":"https:\/\/comandogeraldanoticia.com.br\/index.php\/wp-json\/wp\/v2\/categories?post=7222"},{"taxonomy":"post_tag","embeddable":true,"href":"https:\/\/comandogeraldanoticia.com.br\/index.php\/wp-json\/wp\/v2\/tags?post=7222"}],"curies":[{"name":"wp","href":"https:\/\/api.w.org\/{rel}","templated":true}]}}