{"id":7208,"date":"2022-10-05T15:12:47","date_gmt":"2022-10-05T15:12:47","guid":{"rendered":"https:\/\/comandogeraldanoticia.com.br\/index.php\/2022\/10\/05\/por-reeleicao-governo-pressiona-petrobras-a-segurar-preco-dos-combustiveis\/"},"modified":"2022-10-05T15:12:47","modified_gmt":"2022-10-05T15:12:47","slug":"por-reeleicao-governo-pressiona-petrobras-a-segurar-preco-dos-combustiveis","status":"publish","type":"post","link":"https:\/\/comandogeraldanoticia.com.br\/index.php\/2022\/10\/05\/por-reeleicao-governo-pressiona-petrobras-a-segurar-preco-dos-combustiveis\/","title":{"rendered":"Por reelei\u00e7\u00e3o, governo pressiona Petrobras a segurar pre\u00e7o dos combust\u00edveis"},"content":{"rendered":"<p>O governo pressiona a Petrobras a segurar um aumento dos combust\u00edveis nas pr\u00f3ximas semanas,  at\u00e9 o fim do segundo turno das elei\u00e7\u00f5es presidenciais, apesar da situa\u00e7\u00e3o internacional indicar uma amplia\u00e7\u00e3o da defasagem entre o pre\u00e7o do petr\u00f3leo e os valores praticados no Brasil, relataram fontes da petroleira.<br \/>\nA queda na cota\u00e7\u00e3o do petr\u00f3leo ao longo dos \u00faltimos meses ajudou na estrat\u00e9gia de an\u00fancios quase semanais de redu\u00e7\u00e3o dos pre\u00e7os da gasolina, diesel e g\u00e1s de cozinha pela Petrobras, como desejava a campanha de reelei\u00e7\u00e3o de Jair Bolsonaro. Todos os an\u00fancios ganharam ampla divulga\u00e7\u00e3o pela campanha do presidente.<br \/>\nNos \u00faltimos dias, contudo, a press\u00e3o para um reajuste come\u00e7ou a ficar maior, j\u00e1 que o pre\u00e7o internacional de petr\u00f3leo vem subindo.<br \/>\nNesta quarta-feira (5), a Opep, grupo dos principais pa\u00edses produtores de petr\u00f3leo do mundo, anunciou um corte na produ\u00e7\u00e3o, que tem efeito imediato nos pre\u00e7os. Analistas avaliam que nas pr\u00f3ximas semanas o barril de petr\u00f3leo pode ultrapassar os US$ 110.<br \/>\nApesar das interfer\u00eancias do governo Bolsonaro na Petrobras, com trocas de presidentes e conselheiros, a empresa segue com a pol\u00edtica de paridade internacional, j\u00e1 que precisa repassar ao consumidor o custo da importa\u00e7\u00e3o de petr\u00f3leo.<br \/>\nNa campanha de Bolsonaro, a press\u00e3o at\u00e9 os \u00faltimos dias era para que novos an\u00fancios de cortes nos pre\u00e7os dos combust\u00edveis e g\u00e1s de cozinha ocorressem. O cen\u00e1rio internacional, entretanto, fez chegar ao grupo pr\u00f3ximo do presidente alertas de que a empresa n\u00e3o poderia realizar novos cortes em momento de tanta volatilidade internacional e que havia inclusive risco de ter de anunciar reajustes.<br \/>\nAo longo do primeiro turno, Bolsonaro ancorou na redu\u00e7\u00e3o dos combust\u00edveis boa parte da sua propaganda de reelei\u00e7\u00e3o. Nos \u00faltimos dias, ele tem falado sobre a chegada de navios trazendo diesel da R\u00fassia, para abastecer o Brasil. Para especialistas ouvidos pelo blog, o volume vindo da R\u00fassia \u00e9 muito pequeno para afetar os pre\u00e7os no Brasil.<br \/>\nV\u00cdDEOS: not\u00edcias de pol\u00edtica<\/p>\n","protected":false},"excerpt":{"rendered":"<p>O governo pressiona a Petrobras a segurar um aumento dos combust\u00edveis nas pr\u00f3ximas semanas, at\u00e9 o fim do segundo turno das elei\u00e7\u00f5es presidenciais, apesar da situa\u00e7\u00e3o internacional indicar uma amplia\u00e7\u00e3o da defasagem entre o pre\u00e7o do petr\u00f3leo e os valores praticados no Brasil, relataram fontes da petroleira. A queda na cota\u00e7\u00e3o do petr\u00f3leo ao longo<\/p>\n","protected":false},"author":1,"featured_media":7209,"comment_status":"open","ping_status":"open","sticky":false,"template":"","format":"standard","meta":{"om_disable_all_campaigns":false,"_monsterinsights_skip_tracking":false,"_monsterinsights_sitenote_active":false,"_monsterinsights_sitenote_note":"","_monsterinsights_sitenote_category":0,"footnotes":""},"categories":[43],"tags":[],"class_list":{"0":"post-7208","1":"post","2":"type-post","3":"status-publish","4":"format-standard","5":"has-post-thumbnail","7":"category-economia"},"_links":{"self":[{"href":"https:\/\/comandogeraldanoticia.com.br\/index.php\/wp-json\/wp\/v2\/posts\/7208","targetHints":{"allow":["GET"]}}],"collection":[{"href":"https:\/\/comandogeraldanoticia.com.br\/index.php\/wp-json\/wp\/v2\/posts"}],"about":[{"href":"https:\/\/comandogeraldanoticia.com.br\/index.php\/wp-json\/wp\/v2\/types\/post"}],"author":[{"embeddable":true,"href":"https:\/\/comandogeraldanoticia.com.br\/index.php\/wp-json\/wp\/v2\/users\/1"}],"replies":[{"embeddable":true,"href":"https:\/\/comandogeraldanoticia.com.br\/index.php\/wp-json\/wp\/v2\/comments?post=7208"}],"version-history":[{"count":0,"href":"https:\/\/comandogeraldanoticia.com.br\/index.php\/wp-json\/wp\/v2\/posts\/7208\/revisions"}],"wp:featuredmedia":[{"embeddable":true,"href":"https:\/\/comandogeraldanoticia.com.br\/index.php\/wp-json\/wp\/v2\/media\/7209"}],"wp:attachment":[{"href":"https:\/\/comandogeraldanoticia.com.br\/index.php\/wp-json\/wp\/v2\/media?parent=7208"}],"wp:term":[{"taxonomy":"category","embeddable":true,"href":"https:\/\/comandogeraldanoticia.com.br\/index.php\/wp-json\/wp\/v2\/categories?post=7208"},{"taxonomy":"post_tag","embeddable":true,"href":"https:\/\/comandogeraldanoticia.com.br\/index.php\/wp-json\/wp\/v2\/tags?post=7208"}],"curies":[{"name":"wp","href":"https:\/\/api.w.org\/{rel}","templated":true}]}}